{"id":929,"date":"2024-11-08T11:18:25","date_gmt":"2024-11-08T10:18:25","guid":{"rendered":"https:\/\/www.morbylanga.se\/ungnytt\/?p=929"},"modified":"2024-11-13T11:06:32","modified_gmt":"2024-11-13T10:06:32","slug":"bio-och-filmvisning-det-slutar-med-oss","status":"publish","type":"post","link":"https:\/\/www.morbylanga.se\/ungnytt\/bio-och-filmvisning-det-slutar-med-oss\/","title":{"rendered":"Bio och filmvisning \u201dDet slutar med oss\u201d"},"content":{"rendered":"<div class=\"block block-text background-light1\">\n<p class=\"subheading\" style=\"text-align: left;\">Under <em>En vecka fri fr\u00e5n v\u00e5ld<\/em> vill vi bjuda in till filmvisning. Boka plats s\u00e5 ses vi i bioaulan i M\u00f6rbyl\u00e5nga!<\/p>\n<\/div>\n<div class=\"block block-text background-light2\">\n<h2 id=\"boka\" class=\"subheading\" style=\"text-align: center;\">Boka h\u00e4r!<\/h2>\n<p class=\"normal\" style=\"text-align: center;\">11-18 \u00e5r: <a href=\"https:\/\/esmaker.net\/nx2\/s.aspx?id=79429fa40361\" target=\"_blank\" rel=\"noopener\"><strong>Jag vill g\u00e5 p\u00e5 bio!<\/strong><\/a><br \/>\nVuxen\/v\u00e5rdnadshavare: <a href=\"https:\/\/esmaker.net\/nx2\/s.aspx?id=79429fa40361\" target=\"_blank\" rel=\"noopener\">Jag f\u00f6ljer ocks\u00e5 med!<\/a><\/p>\n<p style=\"text-align: center;\"><em>OBS! Begr\u00e4nsat antal platser. Ung g\u00e5r f\u00f6rst!<\/em><\/p>\n<\/div>\n<h3>Om filmen <em>Det slutar med oss<\/em><\/h3>\n<p>Filmen Det slutar med oss ber\u00e4ttar den f\u00e4ngslande historien om Lily Bloom (Blake Lively), som \u00f6vervinner en traumatisk barndom och skapar sig ett nytt liv i Boston och uppfyller om sin dr\u00f6m om att \u00f6ppna en egen blomsterbutik. Ett m\u00f6te med den charmige hj\u00e4rnkirurgen Ryle Kincaid (Justin Baldoni) t\u00e4nder en gnista men allteftersom de blir mer och mer f\u00f6r\u00e4lskade b\u00f6rjar Lily se sidor av Ryle som p\u00e5minner om hennes f\u00f6r\u00e4ldrars f\u00f6rh\u00e5llande.<\/p>\n<p>N\u00e4r Lilys f\u00f6rsta k\u00e4rlek Atlas Corrigan (Brandon Sklenar) pl\u00f6tsligt dyker upp v\u00e4nds hennes relation med Ryle upp och ner. Lily inser att hon m\u00e5ste v\u00e5ga lita p\u00e5 sj\u00e4lv f\u00f6r att v\u00e5ga g\u00f6ra ett om\u00f6jligt val f\u00f6r sin framtid. <a href=\"https:\/\/bio.se\/biografer\/bioaulan\/film\/ST00020210\/colleen-hoovers-it-ends-with-us\/\" target=\"_blank\" rel=\"noopener\">Du kan l\u00e4sa mer p\u00e5 bio.se.<\/a><\/p>\n<div class=\"block block-text background-light1\">\n<h3 id=\"boka\" class=\"subheading\" style=\"text-align: left;\">Vad \u00e4r En vecka fri fr\u00e5n v\u00e5ld?<\/h3>\n<p class=\"normal\" style=\"text-align: left;\">En vecka fri fr\u00e5n v\u00e5ld \u00e4r en \u00e5rlig kampanj f\u00f6r att uppm\u00e4rksamma m\u00e4ns v\u00e5ld mot kvinnor och betydelsen av v\u00e5ldsf\u00f6rebyggande arbete. Kampanjen drivs av Unizon och M\u00c4N med st\u00f6d fr\u00e5n J\u00e4mst\u00e4lldhetsmyndigheten och andra myndigheter. I Kalmar l\u00e4n samordnar L\u00e4nsstyrelsen aktiviteter under visionen &#8221;Ett Kalmar l\u00e4n fritt fr\u00e5n v\u00e5ld.&#8221;<\/p>\n<\/div>\n<div class=\"block block-text background-light1\"><img decoding=\"async\" class=\"aligncenter size-full wp-image-453\" src=\"https:\/\/www.morbylanga.se\/ungnytt\/wp-content\/uploads\/2024\/04\/klffvnyhetsbildorange.jpg\" alt=\"Ett kalmar l\u00e4n fritt fr\u00e5n v\u00e5ld- en vecka fri fr\u00e5n v\u00e5ld kampanjbild\" width=\"770\" height=\"420\" \/><\/div>\n","protected":false},"excerpt":{"rendered":"<p>Under En vecka fri fr\u00e5n v\u00e5ld vill vi bjuda in till filmvisning. Boka plats s\u00e5 ses vi i bioaulan i M\u00f6rbyl\u00e5nga! Boka h\u00e4r! 11-18 \u00e5r: Jag vill g\u00e5 p\u00e5 bio! Vuxen\/v\u00e5rdnadshavare: Jag f\u00f6ljer ocks\u00e5 med! OBS! Begr\u00e4nsat antal platser. Ung g\u00e5r f\u00f6rst! Om filmen Det slutar med oss Filmen Det slutar med oss ber\u00e4ttar den [&hellip;]<\/p>\n","protected":false},"author":2,"featured_media":942,"comment_status":"open","ping_status":"open","sticky":false,"template":"","format":"standard","meta":{"_acf_changed":false,"footnotes":""},"categories":[25,1],"class_list":["post-929","post","type-post","status-publish","format-standard","has-post-thumbnail","hentry","category-en-vecka-fri-fran-vald","category-nyhet"],"acf":{"news_thumbnail_video":"","show_news_thumbnail_in_post":true,"news_related_content_title":"Relaterat inneh\u00e5ll","news_related_content":"","preamble":"Onsdagen den 20 november kan du g\u00e5 p\u00e5 gratis bio. M\u00f6rbyl\u00e5nga kommun bjuder p\u00e5 biljett, popcorn och l\u00e4sk! F\u00f6rst till kvarn g\u00e4ller!\r\n"},"yoast_head":"<!-- This site is optimized with the Yoast SEO plugin v27.2 - https:\/\/yoast.com\/product\/yoast-seo-wordpress\/ -->\n<title>Bio och filmvisning \u201dDet slutar med oss\u201d - UngNytt<\/title>\n<meta name=\"robots\" content=\"index, follow, max-snippet:-1, max-image-preview:large, max-video-preview:-1\" \/>\n<link rel=\"canonical\" href=\"https:\/\/www.morbylanga.se\/ungnytt\/bio-och-filmvisning-det-slutar-med-oss\/\" \/>\n<meta property=\"og:locale\" content=\"sv_SE\" \/>\n<meta property=\"og:type\" content=\"article\" \/>\n<meta property=\"og:title\" content=\"Bio och filmvisning \u201dDet slutar med oss\u201d - UngNytt\" \/>\n<meta property=\"og:description\" content=\"Under En vecka fri fr\u00e5n v\u00e5ld vill vi bjuda in till filmvisning. Boka plats s\u00e5 ses vi i bioaulan i M\u00f6rbyl\u00e5nga! Boka h\u00e4r! 11-18 \u00e5r: Jag vill g\u00e5 p\u00e5 bio! Vuxen\/v\u00e5rdnadshavare: Jag f\u00f6ljer ocks\u00e5 med! OBS! Begr\u00e4nsat antal platser. Ung g\u00e5r f\u00f6rst! Om filmen Det slutar med oss Filmen Det slutar med oss ber\u00e4ttar den [&hellip;]\" \/>\n<meta property=\"og:url\" content=\"https:\/\/www.morbylanga.se\/ungnytt\/bio-och-filmvisning-det-slutar-med-oss\/\" \/>\n<meta property=\"og:site_name\" content=\"UngNytt\" \/>\n<meta property=\"article:published_time\" content=\"2024-11-08T10:18:25+00:00\" \/>\n<meta property=\"article:modified_time\" content=\"2024-11-13T10:06:32+00:00\" \/>\n<meta property=\"og:image\" content=\"https:\/\/www.morbylanga.se\/ungnytt\/wp-content\/uploads\/2024\/11\/header-webbendet-slutar-med-oss-insta-scaled.jpg\" \/>\n\t<meta property=\"og:image:width\" content=\"2560\" \/>\n\t<meta property=\"og:image:height\" content=\"1249\" \/>\n\t<meta property=\"og:image:type\" content=\"image\/jpeg\" \/>\n<meta name=\"author\" content=\"Matilda Hildingsson\" \/>\n<meta name=\"twitter:card\" content=\"summary_large_image\" \/>\n<meta name=\"twitter:label1\" content=\"Skriven av\" \/>\n\t<meta name=\"twitter:data1\" content=\"Matilda Hildingsson\" \/>\n\t<meta name=\"twitter:label2\" content=\"Ber\u00e4knad l\u00e4stid\" \/>\n\t<meta name=\"twitter:data2\" content=\"2 minuter\" \/>\n<script type=\"application\/ld+json\" class=\"yoast-schema-graph\">{\"@context\":\"https:\/\/schema.org\",\"@graph\":[{\"@type\":\"Article\",\"@id\":\"https:\/\/www.morbylanga.se\/ungnytt\/bio-och-filmvisning-det-slutar-med-oss\/#article\",\"isPartOf\":{\"@id\":\"https:\/\/www.morbylanga.se\/ungnytt\/bio-och-filmvisning-det-slutar-med-oss\/\"},\"author\":{\"name\":\"Matilda Hildingsson\",\"@id\":\"https:\/\/www.morbylanga.se\/ungnytt\/#\/schema\/person\/82a2e0484000f3af59a54befaca994b0\"},\"headline\":\"Bio och filmvisning \u201dDet slutar med oss\u201d\",\"datePublished\":\"2024-11-08T10:18:25+00:00\",\"dateModified\":\"2024-11-13T10:06:32+00:00\",\"mainEntityOfPage\":{\"@id\":\"https:\/\/www.morbylanga.se\/ungnytt\/bio-och-filmvisning-det-slutar-med-oss\/\"},\"wordCount\":285,\"commentCount\":0,\"image\":{\"@id\":\"https:\/\/www.morbylanga.se\/ungnytt\/bio-och-filmvisning-det-slutar-med-oss\/#primaryimage\"},\"thumbnailUrl\":\"https:\/\/www.morbylanga.se\/ungnytt\/wp-content\/uploads\/2024\/11\/header-webbendet-slutar-med-oss-insta-scaled.jpg\",\"articleSection\":[\"En vecka fri fr\u00e5n v\u00e5ld\",\"Nyhet\"],\"inLanguage\":\"sv-SE\",\"potentialAction\":[{\"@type\":\"CommentAction\",\"name\":\"Comment\",\"target\":[\"https:\/\/www.morbylanga.se\/ungnytt\/bio-och-filmvisning-det-slutar-med-oss\/#respond\"]}]},{\"@type\":\"WebPage\",\"@id\":\"https:\/\/www.morbylanga.se\/ungnytt\/bio-och-filmvisning-det-slutar-med-oss\/\",\"url\":\"https:\/\/www.morbylanga.se\/ungnytt\/bio-och-filmvisning-det-slutar-med-oss\/\",\"name\":\"Bio och filmvisning \u201dDet slutar med oss\u201d - UngNytt\",\"isPartOf\":{\"@id\":\"https:\/\/www.morbylanga.se\/ungnytt\/#website\"},\"primaryImageOfPage\":{\"@id\":\"https:\/\/www.morbylanga.se\/ungnytt\/bio-och-filmvisning-det-slutar-med-oss\/#primaryimage\"},\"image\":{\"@id\":\"https:\/\/www.morbylanga.se\/ungnytt\/bio-och-filmvisning-det-slutar-med-oss\/#primaryimage\"},\"thumbnailUrl\":\"https:\/\/www.morbylanga.se\/ungnytt\/wp-content\/uploads\/2024\/11\/header-webbendet-slutar-med-oss-insta-scaled.jpg\",\"datePublished\":\"2024-11-08T10:18:25+00:00\",\"dateModified\":\"2024-11-13T10:06:32+00:00\",\"author\":{\"@id\":\"https:\/\/www.morbylanga.se\/ungnytt\/#\/schema\/person\/82a2e0484000f3af59a54befaca994b0\"},\"breadcrumb\":{\"@id\":\"https:\/\/www.morbylanga.se\/ungnytt\/bio-och-filmvisning-det-slutar-med-oss\/#breadcrumb\"},\"inLanguage\":\"sv-SE\",\"potentialAction\":[{\"@type\":\"ReadAction\",\"target\":[\"https:\/\/www.morbylanga.se\/ungnytt\/bio-och-filmvisning-det-slutar-med-oss\/\"]}]},{\"@type\":\"ImageObject\",\"inLanguage\":\"sv-SE\",\"@id\":\"https:\/\/www.morbylanga.se\/ungnytt\/bio-och-filmvisning-det-slutar-med-oss\/#primaryimage\",\"url\":\"https:\/\/www.morbylanga.se\/ungnytt\/wp-content\/uploads\/2024\/11\/header-webbendet-slutar-med-oss-insta-scaled.jpg\",\"contentUrl\":\"https:\/\/www.morbylanga.se\/ungnytt\/wp-content\/uploads\/2024\/11\/header-webbendet-slutar-med-oss-insta-scaled.jpg\",\"width\":2560,\"height\":1249},{\"@type\":\"BreadcrumbList\",\"@id\":\"https:\/\/www.morbylanga.se\/ungnytt\/bio-och-filmvisning-det-slutar-med-oss\/#breadcrumb\",\"itemListElement\":[{\"@type\":\"ListItem\",\"position\":1,\"name\":\"Hem\",\"item\":\"https:\/\/www.morbylanga.se\/ungnytt\/\"},{\"@type\":\"ListItem\",\"position\":2,\"name\":\"Bio och filmvisning \u201dDet slutar med oss\u201d\"}]},{\"@type\":\"WebSite\",\"@id\":\"https:\/\/www.morbylanga.se\/ungnytt\/#website\",\"url\":\"https:\/\/www.morbylanga.se\/ungnytt\/\",\"name\":\"UngNytt\",\"description\":\"Nyheter f\u00f6r och av unga i M\u00f6rbyl\u00e5nga kommun\",\"potentialAction\":[{\"@type\":\"SearchAction\",\"target\":{\"@type\":\"EntryPoint\",\"urlTemplate\":\"https:\/\/www.morbylanga.se\/ungnytt\/?s={search_term_string}\"},\"query-input\":{\"@type\":\"PropertyValueSpecification\",\"valueRequired\":true,\"valueName\":\"search_term_string\"}}],\"inLanguage\":\"sv-SE\"},{\"@type\":\"Person\",\"@id\":\"https:\/\/www.morbylanga.se\/ungnytt\/#\/schema\/person\/82a2e0484000f3af59a54befaca994b0\",\"name\":\"Matilda Hildingsson\",\"image\":{\"@type\":\"ImageObject\",\"inLanguage\":\"sv-SE\",\"@id\":\"https:\/\/secure.gravatar.com\/avatar\/a9a9720d8381fae775fcb00a1b0ef7c82645a47eb74c9171231f34016604b716?s=96&d=mm&r=g\",\"url\":\"https:\/\/secure.gravatar.com\/avatar\/a9a9720d8381fae775fcb00a1b0ef7c82645a47eb74c9171231f34016604b716?s=96&d=mm&r=g\",\"contentUrl\":\"https:\/\/secure.gravatar.com\/avatar\/a9a9720d8381fae775fcb00a1b0ef7c82645a47eb74c9171231f34016604b716?s=96&d=mm&r=g\",\"caption\":\"Matilda Hildingsson\"},\"url\":\"https:\/\/www.morbylanga.se\/ungnytt\/author\/matilda_hildingsson\/\"}]}<\/script>\n<!-- \/ Yoast SEO plugin. -->","yoast_head_json":{"title":"Bio och filmvisning \u201dDet slutar med oss\u201d - UngNytt","robots":{"index":"index","follow":"follow","max-snippet":"max-snippet:-1","max-image-preview":"max-image-preview:large","max-video-preview":"max-video-preview:-1"},"canonical":"https:\/\/www.morbylanga.se\/ungnytt\/bio-och-filmvisning-det-slutar-med-oss\/","og_locale":"sv_SE","og_type":"article","og_title":"Bio och filmvisning \u201dDet slutar med oss\u201d - UngNytt","og_description":"Under En vecka fri fr\u00e5n v\u00e5ld vill vi bjuda in till filmvisning. Boka plats s\u00e5 ses vi i bioaulan i M\u00f6rbyl\u00e5nga! Boka h\u00e4r! 11-18 \u00e5r: Jag vill g\u00e5 p\u00e5 bio! Vuxen\/v\u00e5rdnadshavare: Jag f\u00f6ljer ocks\u00e5 med! OBS! Begr\u00e4nsat antal platser. Ung g\u00e5r f\u00f6rst! Om filmen Det slutar med oss Filmen Det slutar med oss ber\u00e4ttar den [&hellip;]","og_url":"https:\/\/www.morbylanga.se\/ungnytt\/bio-och-filmvisning-det-slutar-med-oss\/","og_site_name":"UngNytt","article_published_time":"2024-11-08T10:18:25+00:00","article_modified_time":"2024-11-13T10:06:32+00:00","og_image":[{"width":2560,"height":1249,"url":"https:\/\/www.morbylanga.se\/ungnytt\/wp-content\/uploads\/2024\/11\/header-webbendet-slutar-med-oss-insta-scaled.jpg","type":"image\/jpeg"}],"author":"Matilda Hildingsson","twitter_card":"summary_large_image","twitter_misc":{"Skriven av":"Matilda Hildingsson","Ber\u00e4knad l\u00e4stid":"2 minuter"},"schema":{"@context":"https:\/\/schema.org","@graph":[{"@type":"Article","@id":"https:\/\/www.morbylanga.se\/ungnytt\/bio-och-filmvisning-det-slutar-med-oss\/#article","isPartOf":{"@id":"https:\/\/www.morbylanga.se\/ungnytt\/bio-och-filmvisning-det-slutar-med-oss\/"},"author":{"name":"Matilda Hildingsson","@id":"https:\/\/www.morbylanga.se\/ungnytt\/#\/schema\/person\/82a2e0484000f3af59a54befaca994b0"},"headline":"Bio och filmvisning \u201dDet slutar med oss\u201d","datePublished":"2024-11-08T10:18:25+00:00","dateModified":"2024-11-13T10:06:32+00:00","mainEntityOfPage":{"@id":"https:\/\/www.morbylanga.se\/ungnytt\/bio-och-filmvisning-det-slutar-med-oss\/"},"wordCount":285,"commentCount":0,"image":{"@id":"https:\/\/www.morbylanga.se\/ungnytt\/bio-och-filmvisning-det-slutar-med-oss\/#primaryimage"},"thumbnailUrl":"https:\/\/www.morbylanga.se\/ungnytt\/wp-content\/uploads\/2024\/11\/header-webbendet-slutar-med-oss-insta-scaled.jpg","articleSection":["En vecka fri fr\u00e5n v\u00e5ld","Nyhet"],"inLanguage":"sv-SE","potentialAction":[{"@type":"CommentAction","name":"Comment","target":["https:\/\/www.morbylanga.se\/ungnytt\/bio-och-filmvisning-det-slutar-med-oss\/#respond"]}]},{"@type":"WebPage","@id":"https:\/\/www.morbylanga.se\/ungnytt\/bio-och-filmvisning-det-slutar-med-oss\/","url":"https:\/\/www.morbylanga.se\/ungnytt\/bio-och-filmvisning-det-slutar-med-oss\/","name":"Bio och filmvisning \u201dDet slutar med oss\u201d - UngNytt","isPartOf":{"@id":"https:\/\/www.morbylanga.se\/ungnytt\/#website"},"primaryImageOfPage":{"@id":"https:\/\/www.morbylanga.se\/ungnytt\/bio-och-filmvisning-det-slutar-med-oss\/#primaryimage"},"image":{"@id":"https:\/\/www.morbylanga.se\/ungnytt\/bio-och-filmvisning-det-slutar-med-oss\/#primaryimage"},"thumbnailUrl":"https:\/\/www.morbylanga.se\/ungnytt\/wp-content\/uploads\/2024\/11\/header-webbendet-slutar-med-oss-insta-scaled.jpg","datePublished":"2024-11-08T10:18:25+00:00","dateModified":"2024-11-13T10:06:32+00:00","author":{"@id":"https:\/\/www.morbylanga.se\/ungnytt\/#\/schema\/person\/82a2e0484000f3af59a54befaca994b0"},"breadcrumb":{"@id":"https:\/\/www.morbylanga.se\/ungnytt\/bio-och-filmvisning-det-slutar-med-oss\/#breadcrumb"},"inLanguage":"sv-SE","potentialAction":[{"@type":"ReadAction","target":["https:\/\/www.morbylanga.se\/ungnytt\/bio-och-filmvisning-det-slutar-med-oss\/"]}]},{"@type":"ImageObject","inLanguage":"sv-SE","@id":"https:\/\/www.morbylanga.se\/ungnytt\/bio-och-filmvisning-det-slutar-med-oss\/#primaryimage","url":"https:\/\/www.morbylanga.se\/ungnytt\/wp-content\/uploads\/2024\/11\/header-webbendet-slutar-med-oss-insta-scaled.jpg","contentUrl":"https:\/\/www.morbylanga.se\/ungnytt\/wp-content\/uploads\/2024\/11\/header-webbendet-slutar-med-oss-insta-scaled.jpg","width":2560,"height":1249},{"@type":"BreadcrumbList","@id":"https:\/\/www.morbylanga.se\/ungnytt\/bio-och-filmvisning-det-slutar-med-oss\/#breadcrumb","itemListElement":[{"@type":"ListItem","position":1,"name":"Hem","item":"https:\/\/www.morbylanga.se\/ungnytt\/"},{"@type":"ListItem","position":2,"name":"Bio och filmvisning \u201dDet slutar med oss\u201d"}]},{"@type":"WebSite","@id":"https:\/\/www.morbylanga.se\/ungnytt\/#website","url":"https:\/\/www.morbylanga.se\/ungnytt\/","name":"UngNytt","description":"Nyheter f\u00f6r och av unga i M\u00f6rbyl\u00e5nga kommun","potentialAction":[{"@type":"SearchAction","target":{"@type":"EntryPoint","urlTemplate":"https:\/\/www.morbylanga.se\/ungnytt\/?s={search_term_string}"},"query-input":{"@type":"PropertyValueSpecification","valueRequired":true,"valueName":"search_term_string"}}],"inLanguage":"sv-SE"},{"@type":"Person","@id":"https:\/\/www.morbylanga.se\/ungnytt\/#\/schema\/person\/82a2e0484000f3af59a54befaca994b0","name":"Matilda Hildingsson","image":{"@type":"ImageObject","inLanguage":"sv-SE","@id":"https:\/\/secure.gravatar.com\/avatar\/a9a9720d8381fae775fcb00a1b0ef7c82645a47eb74c9171231f34016604b716?s=96&d=mm&r=g","url":"https:\/\/secure.gravatar.com\/avatar\/a9a9720d8381fae775fcb00a1b0ef7c82645a47eb74c9171231f34016604b716?s=96&d=mm&r=g","contentUrl":"https:\/\/secure.gravatar.com\/avatar\/a9a9720d8381fae775fcb00a1b0ef7c82645a47eb74c9171231f34016604b716?s=96&d=mm&r=g","caption":"Matilda Hildingsson"},"url":"https:\/\/www.morbylanga.se\/ungnytt\/author\/matilda_hildingsson\/"}]}},"primary_category":{"term_id":25,"name":"En vecka fri fr\u00e5n v\u00e5ld","slug":"en-vecka-fri-fran-vald","term_group":0,"term_taxonomy_id":25,"taxonomy":"category","description":"","parent":0,"count":2,"filter":"raw"},"_links":{"self":[{"href":"https:\/\/www.morbylanga.se\/ungnytt\/wp-json\/wp\/v2\/posts\/929","targetHints":{"allow":["GET"]}}],"collection":[{"href":"https:\/\/www.morbylanga.se\/ungnytt\/wp-json\/wp\/v2\/posts"}],"about":[{"href":"https:\/\/www.morbylanga.se\/ungnytt\/wp-json\/wp\/v2\/types\/post"}],"author":[{"embeddable":true,"href":"https:\/\/www.morbylanga.se\/ungnytt\/wp-json\/wp\/v2\/users\/2"}],"replies":[{"embeddable":true,"href":"https:\/\/www.morbylanga.se\/ungnytt\/wp-json\/wp\/v2\/comments?post=929"}],"version-history":[{"count":18,"href":"https:\/\/www.morbylanga.se\/ungnytt\/wp-json\/wp\/v2\/posts\/929\/revisions"}],"predecessor-version":[{"id":955,"href":"https:\/\/www.morbylanga.se\/ungnytt\/wp-json\/wp\/v2\/posts\/929\/revisions\/955"}],"wp:featuredmedia":[{"embeddable":true,"href":"https:\/\/www.morbylanga.se\/ungnytt\/wp-json\/wp\/v2\/media\/942"}],"wp:attachment":[{"href":"https:\/\/www.morbylanga.se\/ungnytt\/wp-json\/wp\/v2\/media?parent=929"}],"wp:term":[{"taxonomy":"category","embeddable":true,"href":"https:\/\/www.morbylanga.se\/ungnytt\/wp-json\/wp\/v2\/categories?post=929"}],"curies":[{"name":"wp","href":"https:\/\/api.w.org\/{rel}","templated":true}]}}