{"id":912,"date":"2024-10-24T13:36:24","date_gmt":"2024-10-24T11:36:24","guid":{"rendered":"https:\/\/www.morbylanga.se\/ungnytt\/?p=912"},"modified":"2024-10-24T13:36:24","modified_gmt":"2024-10-24T11:36:24","slug":"idag-firar-vi-fn-dagen","status":"publish","type":"post","link":"https:\/\/www.morbylanga.se\/ungnytt\/idag-firar-vi-fn-dagen\/","title":{"rendered":"Idag firar vi FN-dagen"},"content":{"rendered":"<p><strong>Vad \u00e4r FN?<\/strong>\u00a0F\u00f6renta Nationerna, eller FN, \u00e4r en internationell organisation som bildades efter andra v\u00e4rldskriget f\u00f6r att fr\u00e4mja fred och s\u00e4kerhet i v\u00e4rlden.\u00a0Idag har FN 193 medlemsl\u00e4nder och arbetar med allt fr\u00e5n att l\u00f6sa konflikter till att bek\u00e4mpa klimatf\u00f6r\u00e4ndringar och fr\u00e4mja m\u00e4nskliga r\u00e4ttigheter.<\/p>\n<p><strong>Varf\u00f6r firar vi FN-dagen?<\/strong>\u00a0FN-dagen firas f\u00f6r att uppm\u00e4rksamma och hylla FN:s arbete och de framsteg som gjorts f\u00f6r att skapa en b\u00e4ttre v\u00e4rld. Det \u00e4r ocks\u00e5 en dag f\u00f6r att p\u00e5minna oss om vikten av internationellt samarbete och solidaritet.\u00a0Genom att fira FN-dagen kan vi visa v\u00e5rt st\u00f6d f\u00f6r de globala m\u00e5len och inspirera fler att engagera sig i viktiga fr\u00e5gor som p\u00e5verkar oss alla.<\/p>\n<p><strong>Vad kan du g\u00f6ra?<\/strong>\u00a0Som ung kan du g\u00f6ra stor skillnad! Engagera dig i lokala FN-f\u00f6reningar, delta i evenemang och sprid kunskap om FN:s arbete. Varje liten insats bidrar till en b\u00e4ttre och mer r\u00e4ttvis v\u00e4rld.<\/p>\n","protected":false},"excerpt":{"rendered":"<p>Vad \u00e4r FN?\u00a0F\u00f6renta Nationerna, eller FN, \u00e4r en internationell organisation som bildades efter andra v\u00e4rldskriget f\u00f6r att fr\u00e4mja fred och s\u00e4kerhet i v\u00e4rlden.\u00a0Idag har FN 193 medlemsl\u00e4nder och arbetar med allt fr\u00e5n att l\u00f6sa konflikter till att bek\u00e4mpa klimatf\u00f6r\u00e4ndringar och fr\u00e4mja m\u00e4nskliga r\u00e4ttigheter. Varf\u00f6r firar vi FN-dagen?\u00a0FN-dagen firas f\u00f6r att uppm\u00e4rksamma och hylla FN:s arbete [&hellip;]<\/p>\n","protected":false},"author":3,"featured_media":913,"comment_status":"open","ping_status":"open","sticky":false,"template":"","format":"standard","meta":{"_acf_changed":false,"footnotes":""},"categories":[1],"class_list":["post-912","post","type-post","status-publish","format-standard","has-post-thumbnail","hentry","category-nyhet"],"acf":{"news_thumbnail_video":"","show_news_thumbnail_in_post":true,"news_related_content_title":"Relaterat inneh\u00e5ll","news_related_content":"","preamble":"Den 24 oktober firar vi FN-dagen, en dag som markerar \u00e5rsdagen av n\u00e4r FN:s stadga tr\u00e4dde i kraft 1945. Men varf\u00f6r \u00e4r denna dag s\u00e5 viktig och vad g\u00f6r FN egentligen?"},"yoast_head":"<!-- This site is optimized with the Yoast SEO plugin v27.2 - https:\/\/yoast.com\/product\/yoast-seo-wordpress\/ -->\n<title>Idag firar vi FN-dagen - UngNytt<\/title>\n<meta name=\"robots\" content=\"index, follow, max-snippet:-1, max-image-preview:large, max-video-preview:-1\" \/>\n<link rel=\"canonical\" href=\"https:\/\/www.morbylanga.se\/ungnytt\/idag-firar-vi-fn-dagen\/\" \/>\n<meta property=\"og:locale\" content=\"sv_SE\" \/>\n<meta property=\"og:type\" content=\"article\" \/>\n<meta property=\"og:title\" content=\"Idag firar vi FN-dagen - UngNytt\" \/>\n<meta property=\"og:description\" content=\"Vad \u00e4r FN?\u00a0F\u00f6renta Nationerna, eller FN, \u00e4r en internationell organisation som bildades efter andra v\u00e4rldskriget f\u00f6r att fr\u00e4mja fred och s\u00e4kerhet i v\u00e4rlden.\u00a0Idag har FN 193 medlemsl\u00e4nder och arbetar med allt fr\u00e5n att l\u00f6sa konflikter till att bek\u00e4mpa klimatf\u00f6r\u00e4ndringar och fr\u00e4mja m\u00e4nskliga r\u00e4ttigheter. Varf\u00f6r firar vi FN-dagen?\u00a0FN-dagen firas f\u00f6r att uppm\u00e4rksamma och hylla FN:s arbete [&hellip;]\" \/>\n<meta property=\"og:url\" content=\"https:\/\/www.morbylanga.se\/ungnytt\/idag-firar-vi-fn-dagen\/\" \/>\n<meta property=\"og:site_name\" content=\"UngNytt\" \/>\n<meta property=\"article:published_time\" content=\"2024-10-24T11:36:24+00:00\" \/>\n<meta property=\"og:image\" content=\"https:\/\/www.morbylanga.se\/ungnytt\/wp-content\/uploads\/2024\/10\/pexels-njeromin-15405989-scaled.jpg\" \/>\n\t<meta property=\"og:image:width\" content=\"2560\" \/>\n\t<meta property=\"og:image:height\" content=\"1932\" \/>\n\t<meta property=\"og:image:type\" content=\"image\/jpeg\" \/>\n<meta name=\"author\" content=\"Emilia Gustafsson\" \/>\n<meta name=\"twitter:card\" content=\"summary_large_image\" \/>\n<meta name=\"twitter:label1\" content=\"Skriven av\" \/>\n\t<meta name=\"twitter:data1\" content=\"Emilia Gustafsson\" \/>\n\t<meta name=\"twitter:label2\" content=\"Ber\u00e4knad l\u00e4stid\" \/>\n\t<meta name=\"twitter:data2\" content=\"1 minut\" \/>\n<script type=\"application\/ld+json\" class=\"yoast-schema-graph\">{\"@context\":\"https:\/\/schema.org\",\"@graph\":[{\"@type\":\"Article\",\"@id\":\"https:\/\/www.morbylanga.se\/ungnytt\/idag-firar-vi-fn-dagen\/#article\",\"isPartOf\":{\"@id\":\"https:\/\/www.morbylanga.se\/ungnytt\/idag-firar-vi-fn-dagen\/\"},\"author\":{\"name\":\"Emilia Gustafsson\",\"@id\":\"https:\/\/www.morbylanga.se\/ungnytt\/#\/schema\/person\/85fa17ba36d9991cf2728a563e6b125e\"},\"headline\":\"Idag firar vi FN-dagen\",\"datePublished\":\"2024-10-24T11:36:24+00:00\",\"mainEntityOfPage\":{\"@id\":\"https:\/\/www.morbylanga.se\/ungnytt\/idag-firar-vi-fn-dagen\/\"},\"wordCount\":187,\"commentCount\":0,\"image\":{\"@id\":\"https:\/\/www.morbylanga.se\/ungnytt\/idag-firar-vi-fn-dagen\/#primaryimage\"},\"thumbnailUrl\":\"https:\/\/www.morbylanga.se\/ungnytt\/wp-content\/uploads\/2024\/10\/pexels-njeromin-15405989-scaled.jpg\",\"articleSection\":[\"Nyhet\"],\"inLanguage\":\"sv-SE\",\"potentialAction\":[{\"@type\":\"CommentAction\",\"name\":\"Comment\",\"target\":[\"https:\/\/www.morbylanga.se\/ungnytt\/idag-firar-vi-fn-dagen\/#respond\"]}]},{\"@type\":\"WebPage\",\"@id\":\"https:\/\/www.morbylanga.se\/ungnytt\/idag-firar-vi-fn-dagen\/\",\"url\":\"https:\/\/www.morbylanga.se\/ungnytt\/idag-firar-vi-fn-dagen\/\",\"name\":\"Idag firar vi FN-dagen - UngNytt\",\"isPartOf\":{\"@id\":\"https:\/\/www.morbylanga.se\/ungnytt\/#website\"},\"primaryImageOfPage\":{\"@id\":\"https:\/\/www.morbylanga.se\/ungnytt\/idag-firar-vi-fn-dagen\/#primaryimage\"},\"image\":{\"@id\":\"https:\/\/www.morbylanga.se\/ungnytt\/idag-firar-vi-fn-dagen\/#primaryimage\"},\"thumbnailUrl\":\"https:\/\/www.morbylanga.se\/ungnytt\/wp-content\/uploads\/2024\/10\/pexels-njeromin-15405989-scaled.jpg\",\"datePublished\":\"2024-10-24T11:36:24+00:00\",\"author\":{\"@id\":\"https:\/\/www.morbylanga.se\/ungnytt\/#\/schema\/person\/85fa17ba36d9991cf2728a563e6b125e\"},\"breadcrumb\":{\"@id\":\"https:\/\/www.morbylanga.se\/ungnytt\/idag-firar-vi-fn-dagen\/#breadcrumb\"},\"inLanguage\":\"sv-SE\",\"potentialAction\":[{\"@type\":\"ReadAction\",\"target\":[\"https:\/\/www.morbylanga.se\/ungnytt\/idag-firar-vi-fn-dagen\/\"]}]},{\"@type\":\"ImageObject\",\"inLanguage\":\"sv-SE\",\"@id\":\"https:\/\/www.morbylanga.se\/ungnytt\/idag-firar-vi-fn-dagen\/#primaryimage\",\"url\":\"https:\/\/www.morbylanga.se\/ungnytt\/wp-content\/uploads\/2024\/10\/pexels-njeromin-15405989-scaled.jpg\",\"contentUrl\":\"https:\/\/www.morbylanga.se\/ungnytt\/wp-content\/uploads\/2024\/10\/pexels-njeromin-15405989-scaled.jpg\",\"width\":2560,\"height\":1932},{\"@type\":\"BreadcrumbList\",\"@id\":\"https:\/\/www.morbylanga.se\/ungnytt\/idag-firar-vi-fn-dagen\/#breadcrumb\",\"itemListElement\":[{\"@type\":\"ListItem\",\"position\":1,\"name\":\"Hem\",\"item\":\"https:\/\/www.morbylanga.se\/ungnytt\/\"},{\"@type\":\"ListItem\",\"position\":2,\"name\":\"Idag firar vi FN-dagen\"}]},{\"@type\":\"WebSite\",\"@id\":\"https:\/\/www.morbylanga.se\/ungnytt\/#website\",\"url\":\"https:\/\/www.morbylanga.se\/ungnytt\/\",\"name\":\"UngNytt\",\"description\":\"Nyheter f\u00f6r och av unga i M\u00f6rbyl\u00e5nga kommun\",\"potentialAction\":[{\"@type\":\"SearchAction\",\"target\":{\"@type\":\"EntryPoint\",\"urlTemplate\":\"https:\/\/www.morbylanga.se\/ungnytt\/?s={search_term_string}\"},\"query-input\":{\"@type\":\"PropertyValueSpecification\",\"valueRequired\":true,\"valueName\":\"search_term_string\"}}],\"inLanguage\":\"sv-SE\"},{\"@type\":\"Person\",\"@id\":\"https:\/\/www.morbylanga.se\/ungnytt\/#\/schema\/person\/85fa17ba36d9991cf2728a563e6b125e\",\"name\":\"Emilia Gustafsson\",\"image\":{\"@type\":\"ImageObject\",\"inLanguage\":\"sv-SE\",\"@id\":\"https:\/\/secure.gravatar.com\/avatar\/47b944840caef41c736509a0d63698090bff37bcc0ea43fa61045285135ee4d5?s=96&d=mm&r=g\",\"url\":\"https:\/\/secure.gravatar.com\/avatar\/47b944840caef41c736509a0d63698090bff37bcc0ea43fa61045285135ee4d5?s=96&d=mm&r=g\",\"contentUrl\":\"https:\/\/secure.gravatar.com\/avatar\/47b944840caef41c736509a0d63698090bff37bcc0ea43fa61045285135ee4d5?s=96&d=mm&r=g\",\"caption\":\"Emilia Gustafsson\"},\"url\":\"https:\/\/www.morbylanga.se\/ungnytt\/author\/emilia-gustafsson\/\"}]}<\/script>\n<!-- \/ Yoast SEO plugin. -->","yoast_head_json":{"title":"Idag firar vi FN-dagen - UngNytt","robots":{"index":"index","follow":"follow","max-snippet":"max-snippet:-1","max-image-preview":"max-image-preview:large","max-video-preview":"max-video-preview:-1"},"canonical":"https:\/\/www.morbylanga.se\/ungnytt\/idag-firar-vi-fn-dagen\/","og_locale":"sv_SE","og_type":"article","og_title":"Idag firar vi FN-dagen - UngNytt","og_description":"Vad \u00e4r FN?\u00a0F\u00f6renta Nationerna, eller FN, \u00e4r en internationell organisation som bildades efter andra v\u00e4rldskriget f\u00f6r att fr\u00e4mja fred och s\u00e4kerhet i v\u00e4rlden.\u00a0Idag har FN 193 medlemsl\u00e4nder och arbetar med allt fr\u00e5n att l\u00f6sa konflikter till att bek\u00e4mpa klimatf\u00f6r\u00e4ndringar och fr\u00e4mja m\u00e4nskliga r\u00e4ttigheter. Varf\u00f6r firar vi FN-dagen?\u00a0FN-dagen firas f\u00f6r att uppm\u00e4rksamma och hylla FN:s arbete [&hellip;]","og_url":"https:\/\/www.morbylanga.se\/ungnytt\/idag-firar-vi-fn-dagen\/","og_site_name":"UngNytt","article_published_time":"2024-10-24T11:36:24+00:00","og_image":[{"width":2560,"height":1932,"url":"https:\/\/www.morbylanga.se\/ungnytt\/wp-content\/uploads\/2024\/10\/pexels-njeromin-15405989-scaled.jpg","type":"image\/jpeg"}],"author":"Emilia Gustafsson","twitter_card":"summary_large_image","twitter_misc":{"Skriven av":"Emilia Gustafsson","Ber\u00e4knad l\u00e4stid":"1 minut"},"schema":{"@context":"https:\/\/schema.org","@graph":[{"@type":"Article","@id":"https:\/\/www.morbylanga.se\/ungnytt\/idag-firar-vi-fn-dagen\/#article","isPartOf":{"@id":"https:\/\/www.morbylanga.se\/ungnytt\/idag-firar-vi-fn-dagen\/"},"author":{"name":"Emilia Gustafsson","@id":"https:\/\/www.morbylanga.se\/ungnytt\/#\/schema\/person\/85fa17ba36d9991cf2728a563e6b125e"},"headline":"Idag firar vi FN-dagen","datePublished":"2024-10-24T11:36:24+00:00","mainEntityOfPage":{"@id":"https:\/\/www.morbylanga.se\/ungnytt\/idag-firar-vi-fn-dagen\/"},"wordCount":187,"commentCount":0,"image":{"@id":"https:\/\/www.morbylanga.se\/ungnytt\/idag-firar-vi-fn-dagen\/#primaryimage"},"thumbnailUrl":"https:\/\/www.morbylanga.se\/ungnytt\/wp-content\/uploads\/2024\/10\/pexels-njeromin-15405989-scaled.jpg","articleSection":["Nyhet"],"inLanguage":"sv-SE","potentialAction":[{"@type":"CommentAction","name":"Comment","target":["https:\/\/www.morbylanga.se\/ungnytt\/idag-firar-vi-fn-dagen\/#respond"]}]},{"@type":"WebPage","@id":"https:\/\/www.morbylanga.se\/ungnytt\/idag-firar-vi-fn-dagen\/","url":"https:\/\/www.morbylanga.se\/ungnytt\/idag-firar-vi-fn-dagen\/","name":"Idag firar vi FN-dagen - UngNytt","isPartOf":{"@id":"https:\/\/www.morbylanga.se\/ungnytt\/#website"},"primaryImageOfPage":{"@id":"https:\/\/www.morbylanga.se\/ungnytt\/idag-firar-vi-fn-dagen\/#primaryimage"},"image":{"@id":"https:\/\/www.morbylanga.se\/ungnytt\/idag-firar-vi-fn-dagen\/#primaryimage"},"thumbnailUrl":"https:\/\/www.morbylanga.se\/ungnytt\/wp-content\/uploads\/2024\/10\/pexels-njeromin-15405989-scaled.jpg","datePublished":"2024-10-24T11:36:24+00:00","author":{"@id":"https:\/\/www.morbylanga.se\/ungnytt\/#\/schema\/person\/85fa17ba36d9991cf2728a563e6b125e"},"breadcrumb":{"@id":"https:\/\/www.morbylanga.se\/ungnytt\/idag-firar-vi-fn-dagen\/#breadcrumb"},"inLanguage":"sv-SE","potentialAction":[{"@type":"ReadAction","target":["https:\/\/www.morbylanga.se\/ungnytt\/idag-firar-vi-fn-dagen\/"]}]},{"@type":"ImageObject","inLanguage":"sv-SE","@id":"https:\/\/www.morbylanga.se\/ungnytt\/idag-firar-vi-fn-dagen\/#primaryimage","url":"https:\/\/www.morbylanga.se\/ungnytt\/wp-content\/uploads\/2024\/10\/pexels-njeromin-15405989-scaled.jpg","contentUrl":"https:\/\/www.morbylanga.se\/ungnytt\/wp-content\/uploads\/2024\/10\/pexels-njeromin-15405989-scaled.jpg","width":2560,"height":1932},{"@type":"BreadcrumbList","@id":"https:\/\/www.morbylanga.se\/ungnytt\/idag-firar-vi-fn-dagen\/#breadcrumb","itemListElement":[{"@type":"ListItem","position":1,"name":"Hem","item":"https:\/\/www.morbylanga.se\/ungnytt\/"},{"@type":"ListItem","position":2,"name":"Idag firar vi FN-dagen"}]},{"@type":"WebSite","@id":"https:\/\/www.morbylanga.se\/ungnytt\/#website","url":"https:\/\/www.morbylanga.se\/ungnytt\/","name":"UngNytt","description":"Nyheter f\u00f6r och av unga i M\u00f6rbyl\u00e5nga kommun","potentialAction":[{"@type":"SearchAction","target":{"@type":"EntryPoint","urlTemplate":"https:\/\/www.morbylanga.se\/ungnytt\/?s={search_term_string}"},"query-input":{"@type":"PropertyValueSpecification","valueRequired":true,"valueName":"search_term_string"}}],"inLanguage":"sv-SE"},{"@type":"Person","@id":"https:\/\/www.morbylanga.se\/ungnytt\/#\/schema\/person\/85fa17ba36d9991cf2728a563e6b125e","name":"Emilia Gustafsson","image":{"@type":"ImageObject","inLanguage":"sv-SE","@id":"https:\/\/secure.gravatar.com\/avatar\/47b944840caef41c736509a0d63698090bff37bcc0ea43fa61045285135ee4d5?s=96&d=mm&r=g","url":"https:\/\/secure.gravatar.com\/avatar\/47b944840caef41c736509a0d63698090bff37bcc0ea43fa61045285135ee4d5?s=96&d=mm&r=g","contentUrl":"https:\/\/secure.gravatar.com\/avatar\/47b944840caef41c736509a0d63698090bff37bcc0ea43fa61045285135ee4d5?s=96&d=mm&r=g","caption":"Emilia Gustafsson"},"url":"https:\/\/www.morbylanga.se\/ungnytt\/author\/emilia-gustafsson\/"}]}},"primary_category":{"term_id":1,"name":"Nyhet","slug":"nyhet","term_group":0,"term_taxonomy_id":1,"taxonomy":"category","description":"Nyhetsartiklar presenterar objektivt aktuella h\u00e4ndelser och nyheter. De ger vanligtvis information om vem, vad, var, n\u00e4r och varf\u00f6r h\u00e4ndelsen \u00e4gde rum. Nyhetsartiklar fokuserar p\u00e5 att rapportera fakta utan att inkludera personliga \u00e5sikter eller tolkningar.","parent":0,"count":49,"filter":"raw"},"_links":{"self":[{"href":"https:\/\/www.morbylanga.se\/ungnytt\/wp-json\/wp\/v2\/posts\/912","targetHints":{"allow":["GET"]}}],"collection":[{"href":"https:\/\/www.morbylanga.se\/ungnytt\/wp-json\/wp\/v2\/posts"}],"about":[{"href":"https:\/\/www.morbylanga.se\/ungnytt\/wp-json\/wp\/v2\/types\/post"}],"author":[{"embeddable":true,"href":"https:\/\/www.morbylanga.se\/ungnytt\/wp-json\/wp\/v2\/users\/3"}],"replies":[{"embeddable":true,"href":"https:\/\/www.morbylanga.se\/ungnytt\/wp-json\/wp\/v2\/comments?post=912"}],"version-history":[{"count":2,"href":"https:\/\/www.morbylanga.se\/ungnytt\/wp-json\/wp\/v2\/posts\/912\/revisions"}],"predecessor-version":[{"id":915,"href":"https:\/\/www.morbylanga.se\/ungnytt\/wp-json\/wp\/v2\/posts\/912\/revisions\/915"}],"wp:featuredmedia":[{"embeddable":true,"href":"https:\/\/www.morbylanga.se\/ungnytt\/wp-json\/wp\/v2\/media\/913"}],"wp:attachment":[{"href":"https:\/\/www.morbylanga.se\/ungnytt\/wp-json\/wp\/v2\/media?parent=912"}],"wp:term":[{"taxonomy":"category","embeddable":true,"href":"https:\/\/www.morbylanga.se\/ungnytt\/wp-json\/wp\/v2\/categories?post=912"}],"curies":[{"name":"wp","href":"https:\/\/api.w.org\/{rel}","templated":true}]}}