{"id":852,"date":"2024-10-08T10:36:01","date_gmt":"2024-10-08T08:36:01","guid":{"rendered":"https:\/\/www.morbylanga.se\/ungnytt\/?p=852"},"modified":"2024-10-08T10:36:01","modified_gmt":"2024-10-08T08:36:01","slug":"stall-dina-fragor-till-vara-politiker","status":"publish","type":"post","link":"https:\/\/www.morbylanga.se\/ungnytt\/stall-dina-fragor-till-vara-politiker\/","title":{"rendered":"St\u00e4ll dina fr\u00e5gor till v\u00e5ra politiker!"},"content":{"rendered":"<p>V\u00e4lkommen att delta p\u00e5 fr\u00e5gemingel med v\u00e5ra politiker. St\u00e4ll dina fr\u00e5gor p\u00e5 plats, dela dina tankar och f\u00e5 veta mer om vad som h\u00e4nder i kommunen.<\/p>\n<h3>Vad kan du f\u00f6rv\u00e4nta dig?<\/h3>\n<div>F\u00f6rutom att f\u00e5 svar p\u00e5 dina fr\u00e5gor, kommer du att ha m\u00f6jlighet att delta i diskussioner, f\u00e5 veta mer om vad som h\u00e4nder i kommunen och dela med dig av dina tankar. Det \u00e4r en chans att bli peppad och motiverad att engagera dig mer i samh\u00e4llsfr\u00e5gor och kanske till och med ta steget att sj\u00e4lv bli en del av den politiska processen.<\/div>\n<h3>Varf\u00f6r ska du komma?<\/h3>\n<ul>\n<li><b>Direktkontakt med politiker:<\/b>\u00a0F\u00e5 svar p\u00e5 dina fr\u00e5gor direkt fr\u00e5n k\u00e4llan.<\/li>\n<li><b>Inspiration och motivation:<\/b> Delta och lyssna till diskussioner som kan inspirera dig att engagera dig mer i samh\u00e4llsfr\u00e5gor.<\/li>\n<li><b>Gemenskap:<\/b>\u00a0Tr\u00e4ffa andra engagerade medborgare och dela dina tankar och id\u00e9er.<\/li>\n<\/ul>\n<h3>Praktisk information<\/h3>\n<ul>\n<li><b>Datum:<\/b>\u00a014 oktober<\/li>\n<li><b>Tid:<\/b>\u00a012.30<\/li>\n<li><b>Plats:<\/b>\u00a0Skansenskolans aula<\/li>\n<\/ul>\n<div>Vi ser fram emot att se dig d\u00e4r och h\u00f6ra dina fr\u00e5gor och id\u00e9er! Tillsammans kan vi forma en b\u00e4ttre framtid.<\/div>\n","protected":false},"excerpt":{"rendered":"<p>V\u00e4lkommen att delta p\u00e5 fr\u00e5gemingel med v\u00e5ra politiker. St\u00e4ll dina fr\u00e5gor p\u00e5 plats, dela dina tankar och f\u00e5 veta mer om vad som h\u00e4nder i kommunen. Vad kan du f\u00f6rv\u00e4nta dig? F\u00f6rutom att f\u00e5 svar p\u00e5 dina fr\u00e5gor, kommer du att ha m\u00f6jlighet att delta i diskussioner, f\u00e5 veta mer om vad som h\u00e4nder i [&hellip;]<\/p>\n","protected":false},"author":3,"featured_media":853,"comment_status":"open","ping_status":"open","sticky":false,"template":"","format":"standard","meta":{"_acf_changed":false,"footnotes":""},"categories":[1],"class_list":["post-852","post","type-post","status-publish","format-standard","has-post-thumbnail","hentry","category-nyhet"],"acf":{"news_thumbnail_video":"","show_news_thumbnail_in_post":true,"news_related_content_title":"Relaterat inneh\u00e5ll","news_related_content":[123],"preamble":"Vill du g\u00f6ra din r\u00f6st h\u00f6rd? D\u00e5 f\u00e5r du inte missa chansen att tr\u00e4ffa och st\u00e4lla fr\u00e5gor till v\u00e5ra politiker den 14 oktober klockan 12.30 i Skansenskolans aula! "},"yoast_head":"<!-- This site is optimized with the Yoast SEO plugin v27.2 - https:\/\/yoast.com\/product\/yoast-seo-wordpress\/ -->\n<title>St\u00e4ll dina fr\u00e5gor till v\u00e5ra politiker! - UngNytt<\/title>\n<meta name=\"description\" content=\"V\u00e4lkommen till fr\u00e5gemingel med v\u00e5ra politiker. St\u00e4ll dina fr\u00e5gor p\u00e5 plats, dela dina tankar och f\u00e5 veta mer om vad som h\u00e4nder i kommunen.\" \/>\n<meta name=\"robots\" content=\"index, follow, max-snippet:-1, max-image-preview:large, max-video-preview:-1\" \/>\n<link rel=\"canonical\" href=\"https:\/\/www.morbylanga.se\/ungnytt\/stall-dina-fragor-till-vara-politiker\/\" \/>\n<meta property=\"og:locale\" content=\"sv_SE\" \/>\n<meta property=\"og:type\" content=\"article\" \/>\n<meta property=\"og:title\" content=\"St\u00e4ll dina fr\u00e5gor till v\u00e5ra politiker! - UngNytt\" \/>\n<meta property=\"og:description\" content=\"V\u00e4lkommen till fr\u00e5gemingel med v\u00e5ra politiker. St\u00e4ll dina fr\u00e5gor p\u00e5 plats, dela dina tankar och f\u00e5 veta mer om vad som h\u00e4nder i kommunen.\" \/>\n<meta property=\"og:url\" content=\"https:\/\/www.morbylanga.se\/ungnytt\/stall-dina-fragor-till-vara-politiker\/\" \/>\n<meta property=\"og:site_name\" content=\"UngNytt\" \/>\n<meta property=\"article:published_time\" content=\"2024-10-08T08:36:01+00:00\" \/>\n<meta property=\"og:image\" content=\"https:\/\/www.morbylanga.se\/ungnytt\/wp-content\/uploads\/2024\/10\/ungnytt-politik-e1728376541144.jpg\" \/>\n\t<meta property=\"og:image:width\" content=\"625\" \/>\n\t<meta property=\"og:image:height\" content=\"367\" \/>\n\t<meta property=\"og:image:type\" content=\"image\/jpeg\" \/>\n<meta name=\"author\" content=\"Emilia Gustafsson\" \/>\n<meta name=\"twitter:card\" content=\"summary_large_image\" \/>\n<meta name=\"twitter:label1\" content=\"Skriven av\" \/>\n\t<meta name=\"twitter:data1\" content=\"Emilia Gustafsson\" \/>\n\t<meta name=\"twitter:label2\" content=\"Ber\u00e4knad l\u00e4stid\" \/>\n\t<meta name=\"twitter:data2\" content=\"2 minuter\" \/>\n<script type=\"application\/ld+json\" class=\"yoast-schema-graph\">{\"@context\":\"https:\/\/schema.org\",\"@graph\":[{\"@type\":\"Article\",\"@id\":\"https:\/\/www.morbylanga.se\/ungnytt\/stall-dina-fragor-till-vara-politiker\/#article\",\"isPartOf\":{\"@id\":\"https:\/\/www.morbylanga.se\/ungnytt\/stall-dina-fragor-till-vara-politiker\/\"},\"author\":{\"name\":\"Emilia Gustafsson\",\"@id\":\"https:\/\/www.morbylanga.se\/ungnytt\/#\/schema\/person\/85fa17ba36d9991cf2728a563e6b125e\"},\"headline\":\"St\u00e4ll dina fr\u00e5gor till v\u00e5ra politiker!\",\"datePublished\":\"2024-10-08T08:36:01+00:00\",\"mainEntityOfPage\":{\"@id\":\"https:\/\/www.morbylanga.se\/ungnytt\/stall-dina-fragor-till-vara-politiker\/\"},\"wordCount\":204,\"commentCount\":0,\"image\":{\"@id\":\"https:\/\/www.morbylanga.se\/ungnytt\/stall-dina-fragor-till-vara-politiker\/#primaryimage\"},\"thumbnailUrl\":\"https:\/\/www.morbylanga.se\/ungnytt\/wp-content\/uploads\/2024\/10\/ungnytt-politik-e1728376541144.jpg\",\"articleSection\":[\"Nyhet\"],\"inLanguage\":\"sv-SE\",\"potentialAction\":[{\"@type\":\"CommentAction\",\"name\":\"Comment\",\"target\":[\"https:\/\/www.morbylanga.se\/ungnytt\/stall-dina-fragor-till-vara-politiker\/#respond\"]}]},{\"@type\":\"WebPage\",\"@id\":\"https:\/\/www.morbylanga.se\/ungnytt\/stall-dina-fragor-till-vara-politiker\/\",\"url\":\"https:\/\/www.morbylanga.se\/ungnytt\/stall-dina-fragor-till-vara-politiker\/\",\"name\":\"St\u00e4ll dina fr\u00e5gor till v\u00e5ra politiker! - UngNytt\",\"isPartOf\":{\"@id\":\"https:\/\/www.morbylanga.se\/ungnytt\/#website\"},\"primaryImageOfPage\":{\"@id\":\"https:\/\/www.morbylanga.se\/ungnytt\/stall-dina-fragor-till-vara-politiker\/#primaryimage\"},\"image\":{\"@id\":\"https:\/\/www.morbylanga.se\/ungnytt\/stall-dina-fragor-till-vara-politiker\/#primaryimage\"},\"thumbnailUrl\":\"https:\/\/www.morbylanga.se\/ungnytt\/wp-content\/uploads\/2024\/10\/ungnytt-politik-e1728376541144.jpg\",\"datePublished\":\"2024-10-08T08:36:01+00:00\",\"author\":{\"@id\":\"https:\/\/www.morbylanga.se\/ungnytt\/#\/schema\/person\/85fa17ba36d9991cf2728a563e6b125e\"},\"description\":\"V\u00e4lkommen till fr\u00e5gemingel med v\u00e5ra politiker. St\u00e4ll dina fr\u00e5gor p\u00e5 plats, dela dina tankar och f\u00e5 veta mer om vad som h\u00e4nder i kommunen.\",\"breadcrumb\":{\"@id\":\"https:\/\/www.morbylanga.se\/ungnytt\/stall-dina-fragor-till-vara-politiker\/#breadcrumb\"},\"inLanguage\":\"sv-SE\",\"potentialAction\":[{\"@type\":\"ReadAction\",\"target\":[\"https:\/\/www.morbylanga.se\/ungnytt\/stall-dina-fragor-till-vara-politiker\/\"]}]},{\"@type\":\"ImageObject\",\"inLanguage\":\"sv-SE\",\"@id\":\"https:\/\/www.morbylanga.se\/ungnytt\/stall-dina-fragor-till-vara-politiker\/#primaryimage\",\"url\":\"https:\/\/www.morbylanga.se\/ungnytt\/wp-content\/uploads\/2024\/10\/ungnytt-politik-e1728376541144.jpg\",\"contentUrl\":\"https:\/\/www.morbylanga.se\/ungnytt\/wp-content\/uploads\/2024\/10\/ungnytt-politik-e1728376541144.jpg\",\"width\":625,\"height\":367,\"caption\":\"visar en person som korsar armarna. I bakgrunden st\u00e5r en grupp och diskuterar.\"},{\"@type\":\"BreadcrumbList\",\"@id\":\"https:\/\/www.morbylanga.se\/ungnytt\/stall-dina-fragor-till-vara-politiker\/#breadcrumb\",\"itemListElement\":[{\"@type\":\"ListItem\",\"position\":1,\"name\":\"Hem\",\"item\":\"https:\/\/www.morbylanga.se\/ungnytt\/\"},{\"@type\":\"ListItem\",\"position\":2,\"name\":\"St\u00e4ll dina fr\u00e5gor till v\u00e5ra politiker!\"}]},{\"@type\":\"WebSite\",\"@id\":\"https:\/\/www.morbylanga.se\/ungnytt\/#website\",\"url\":\"https:\/\/www.morbylanga.se\/ungnytt\/\",\"name\":\"UngNytt\",\"description\":\"Nyheter f\u00f6r och av unga i M\u00f6rbyl\u00e5nga kommun\",\"potentialAction\":[{\"@type\":\"SearchAction\",\"target\":{\"@type\":\"EntryPoint\",\"urlTemplate\":\"https:\/\/www.morbylanga.se\/ungnytt\/?s={search_term_string}\"},\"query-input\":{\"@type\":\"PropertyValueSpecification\",\"valueRequired\":true,\"valueName\":\"search_term_string\"}}],\"inLanguage\":\"sv-SE\"},{\"@type\":\"Person\",\"@id\":\"https:\/\/www.morbylanga.se\/ungnytt\/#\/schema\/person\/85fa17ba36d9991cf2728a563e6b125e\",\"name\":\"Emilia Gustafsson\",\"image\":{\"@type\":\"ImageObject\",\"inLanguage\":\"sv-SE\",\"@id\":\"https:\/\/secure.gravatar.com\/avatar\/47b944840caef41c736509a0d63698090bff37bcc0ea43fa61045285135ee4d5?s=96&d=mm&r=g\",\"url\":\"https:\/\/secure.gravatar.com\/avatar\/47b944840caef41c736509a0d63698090bff37bcc0ea43fa61045285135ee4d5?s=96&d=mm&r=g\",\"contentUrl\":\"https:\/\/secure.gravatar.com\/avatar\/47b944840caef41c736509a0d63698090bff37bcc0ea43fa61045285135ee4d5?s=96&d=mm&r=g\",\"caption\":\"Emilia Gustafsson\"},\"url\":\"https:\/\/www.morbylanga.se\/ungnytt\/author\/emilia-gustafsson\/\"}]}<\/script>\n<!-- \/ Yoast SEO plugin. -->","yoast_head_json":{"title":"St\u00e4ll dina fr\u00e5gor till v\u00e5ra politiker! - UngNytt","description":"V\u00e4lkommen till fr\u00e5gemingel med v\u00e5ra politiker. St\u00e4ll dina fr\u00e5gor p\u00e5 plats, dela dina tankar och f\u00e5 veta mer om vad som h\u00e4nder i kommunen.","robots":{"index":"index","follow":"follow","max-snippet":"max-snippet:-1","max-image-preview":"max-image-preview:large","max-video-preview":"max-video-preview:-1"},"canonical":"https:\/\/www.morbylanga.se\/ungnytt\/stall-dina-fragor-till-vara-politiker\/","og_locale":"sv_SE","og_type":"article","og_title":"St\u00e4ll dina fr\u00e5gor till v\u00e5ra politiker! - UngNytt","og_description":"V\u00e4lkommen till fr\u00e5gemingel med v\u00e5ra politiker. St\u00e4ll dina fr\u00e5gor p\u00e5 plats, dela dina tankar och f\u00e5 veta mer om vad som h\u00e4nder i kommunen.","og_url":"https:\/\/www.morbylanga.se\/ungnytt\/stall-dina-fragor-till-vara-politiker\/","og_site_name":"UngNytt","article_published_time":"2024-10-08T08:36:01+00:00","og_image":[{"width":625,"height":367,"url":"https:\/\/www.morbylanga.se\/ungnytt\/wp-content\/uploads\/2024\/10\/ungnytt-politik-e1728376541144.jpg","type":"image\/jpeg"}],"author":"Emilia Gustafsson","twitter_card":"summary_large_image","twitter_misc":{"Skriven av":"Emilia Gustafsson","Ber\u00e4knad l\u00e4stid":"2 minuter"},"schema":{"@context":"https:\/\/schema.org","@graph":[{"@type":"Article","@id":"https:\/\/www.morbylanga.se\/ungnytt\/stall-dina-fragor-till-vara-politiker\/#article","isPartOf":{"@id":"https:\/\/www.morbylanga.se\/ungnytt\/stall-dina-fragor-till-vara-politiker\/"},"author":{"name":"Emilia Gustafsson","@id":"https:\/\/www.morbylanga.se\/ungnytt\/#\/schema\/person\/85fa17ba36d9991cf2728a563e6b125e"},"headline":"St\u00e4ll dina fr\u00e5gor till v\u00e5ra politiker!","datePublished":"2024-10-08T08:36:01+00:00","mainEntityOfPage":{"@id":"https:\/\/www.morbylanga.se\/ungnytt\/stall-dina-fragor-till-vara-politiker\/"},"wordCount":204,"commentCount":0,"image":{"@id":"https:\/\/www.morbylanga.se\/ungnytt\/stall-dina-fragor-till-vara-politiker\/#primaryimage"},"thumbnailUrl":"https:\/\/www.morbylanga.se\/ungnytt\/wp-content\/uploads\/2024\/10\/ungnytt-politik-e1728376541144.jpg","articleSection":["Nyhet"],"inLanguage":"sv-SE","potentialAction":[{"@type":"CommentAction","name":"Comment","target":["https:\/\/www.morbylanga.se\/ungnytt\/stall-dina-fragor-till-vara-politiker\/#respond"]}]},{"@type":"WebPage","@id":"https:\/\/www.morbylanga.se\/ungnytt\/stall-dina-fragor-till-vara-politiker\/","url":"https:\/\/www.morbylanga.se\/ungnytt\/stall-dina-fragor-till-vara-politiker\/","name":"St\u00e4ll dina fr\u00e5gor till v\u00e5ra politiker! - UngNytt","isPartOf":{"@id":"https:\/\/www.morbylanga.se\/ungnytt\/#website"},"primaryImageOfPage":{"@id":"https:\/\/www.morbylanga.se\/ungnytt\/stall-dina-fragor-till-vara-politiker\/#primaryimage"},"image":{"@id":"https:\/\/www.morbylanga.se\/ungnytt\/stall-dina-fragor-till-vara-politiker\/#primaryimage"},"thumbnailUrl":"https:\/\/www.morbylanga.se\/ungnytt\/wp-content\/uploads\/2024\/10\/ungnytt-politik-e1728376541144.jpg","datePublished":"2024-10-08T08:36:01+00:00","author":{"@id":"https:\/\/www.morbylanga.se\/ungnytt\/#\/schema\/person\/85fa17ba36d9991cf2728a563e6b125e"},"description":"V\u00e4lkommen till fr\u00e5gemingel med v\u00e5ra politiker. St\u00e4ll dina fr\u00e5gor p\u00e5 plats, dela dina tankar och f\u00e5 veta mer om vad som h\u00e4nder i kommunen.","breadcrumb":{"@id":"https:\/\/www.morbylanga.se\/ungnytt\/stall-dina-fragor-till-vara-politiker\/#breadcrumb"},"inLanguage":"sv-SE","potentialAction":[{"@type":"ReadAction","target":["https:\/\/www.morbylanga.se\/ungnytt\/stall-dina-fragor-till-vara-politiker\/"]}]},{"@type":"ImageObject","inLanguage":"sv-SE","@id":"https:\/\/www.morbylanga.se\/ungnytt\/stall-dina-fragor-till-vara-politiker\/#primaryimage","url":"https:\/\/www.morbylanga.se\/ungnytt\/wp-content\/uploads\/2024\/10\/ungnytt-politik-e1728376541144.jpg","contentUrl":"https:\/\/www.morbylanga.se\/ungnytt\/wp-content\/uploads\/2024\/10\/ungnytt-politik-e1728376541144.jpg","width":625,"height":367,"caption":"visar en person som korsar armarna. I bakgrunden st\u00e5r en grupp och diskuterar."},{"@type":"BreadcrumbList","@id":"https:\/\/www.morbylanga.se\/ungnytt\/stall-dina-fragor-till-vara-politiker\/#breadcrumb","itemListElement":[{"@type":"ListItem","position":1,"name":"Hem","item":"https:\/\/www.morbylanga.se\/ungnytt\/"},{"@type":"ListItem","position":2,"name":"St\u00e4ll dina fr\u00e5gor till v\u00e5ra politiker!"}]},{"@type":"WebSite","@id":"https:\/\/www.morbylanga.se\/ungnytt\/#website","url":"https:\/\/www.morbylanga.se\/ungnytt\/","name":"UngNytt","description":"Nyheter f\u00f6r och av unga i M\u00f6rbyl\u00e5nga kommun","potentialAction":[{"@type":"SearchAction","target":{"@type":"EntryPoint","urlTemplate":"https:\/\/www.morbylanga.se\/ungnytt\/?s={search_term_string}"},"query-input":{"@type":"PropertyValueSpecification","valueRequired":true,"valueName":"search_term_string"}}],"inLanguage":"sv-SE"},{"@type":"Person","@id":"https:\/\/www.morbylanga.se\/ungnytt\/#\/schema\/person\/85fa17ba36d9991cf2728a563e6b125e","name":"Emilia Gustafsson","image":{"@type":"ImageObject","inLanguage":"sv-SE","@id":"https:\/\/secure.gravatar.com\/avatar\/47b944840caef41c736509a0d63698090bff37bcc0ea43fa61045285135ee4d5?s=96&d=mm&r=g","url":"https:\/\/secure.gravatar.com\/avatar\/47b944840caef41c736509a0d63698090bff37bcc0ea43fa61045285135ee4d5?s=96&d=mm&r=g","contentUrl":"https:\/\/secure.gravatar.com\/avatar\/47b944840caef41c736509a0d63698090bff37bcc0ea43fa61045285135ee4d5?s=96&d=mm&r=g","caption":"Emilia Gustafsson"},"url":"https:\/\/www.morbylanga.se\/ungnytt\/author\/emilia-gustafsson\/"}]}},"primary_category":{"term_id":1,"name":"Nyhet","slug":"nyhet","term_group":0,"term_taxonomy_id":1,"taxonomy":"category","description":"Nyhetsartiklar presenterar objektivt aktuella h\u00e4ndelser och nyheter. De ger vanligtvis information om vem, vad, var, n\u00e4r och varf\u00f6r h\u00e4ndelsen \u00e4gde rum. Nyhetsartiklar fokuserar p\u00e5 att rapportera fakta utan att inkludera personliga \u00e5sikter eller tolkningar.","parent":0,"count":49,"filter":"raw"},"_links":{"self":[{"href":"https:\/\/www.morbylanga.se\/ungnytt\/wp-json\/wp\/v2\/posts\/852","targetHints":{"allow":["GET"]}}],"collection":[{"href":"https:\/\/www.morbylanga.se\/ungnytt\/wp-json\/wp\/v2\/posts"}],"about":[{"href":"https:\/\/www.morbylanga.se\/ungnytt\/wp-json\/wp\/v2\/types\/post"}],"author":[{"embeddable":true,"href":"https:\/\/www.morbylanga.se\/ungnytt\/wp-json\/wp\/v2\/users\/3"}],"replies":[{"embeddable":true,"href":"https:\/\/www.morbylanga.se\/ungnytt\/wp-json\/wp\/v2\/comments?post=852"}],"version-history":[{"count":3,"href":"https:\/\/www.morbylanga.se\/ungnytt\/wp-json\/wp\/v2\/posts\/852\/revisions"}],"predecessor-version":[{"id":856,"href":"https:\/\/www.morbylanga.se\/ungnytt\/wp-json\/wp\/v2\/posts\/852\/revisions\/856"}],"acf:post":[{"embeddable":true,"href":"https:\/\/www.morbylanga.se\/ungnytt\/wp-json\/wp\/v2\/posts\/123"}],"wp:featuredmedia":[{"embeddable":true,"href":"https:\/\/www.morbylanga.se\/ungnytt\/wp-json\/wp\/v2\/media\/853"}],"wp:attachment":[{"href":"https:\/\/www.morbylanga.se\/ungnytt\/wp-json\/wp\/v2\/media?parent=852"}],"wp:term":[{"taxonomy":"category","embeddable":true,"href":"https:\/\/www.morbylanga.se\/ungnytt\/wp-json\/wp\/v2\/categories?post=852"}],"curies":[{"name":"wp","href":"https:\/\/api.w.org\/{rel}","templated":true}]}}