{"id":844,"date":"2024-10-10T09:38:58","date_gmt":"2024-10-10T07:38:58","guid":{"rendered":"https:\/\/www.morbylanga.se\/ungnytt\/?p=844"},"modified":"2024-10-10T09:38:58","modified_gmt":"2024-10-10T07:38:58","slug":"hur-forandrar-vi-varlden","status":"publish","type":"post","link":"https:\/\/www.morbylanga.se\/ungnytt\/hur-forandrar-vi-varlden\/","title":{"rendered":"Hur f\u00f6r\u00e4ndrar vi v\u00e4rlden?"},"content":{"rendered":"<p class=\"noSpacingAbove noSpacingBelow\" data-text-type=\"noSpacing\">Redan f\u00f6rsta dagen har hon f\u00e5tt h\u00f6ra om kommunens milj\u00f6- och klimatstrategi, hur vi jobbar med social h\u00e5llbarhet och landsbygdsutveckling samt digitalisering och utveckling. Allt i rasande fart &#8211; och med fokus p\u00e5 kommunen, landet och v\u00e4rlden.<\/p>\n<h3 class=\"noSpacingAbove noSpacingBelow\" data-text-type=\"noSpacing\">S\u00e5 vad tror du Evelina? Kan vi f\u00f6r\u00e4ndra v\u00e4rlden?<\/h3>\n<p class=\"noSpacingAbove noSpacingBelow\" data-text-type=\"noSpacing\">-Ja, sakta men s\u00e4kert! Det k\u00e4nns som om vi har mycket m\u00f6jligheter, b\u00e5de h\u00e4r p\u00e5 kommunhuset och generellt. Om man vill g\u00f6ra f\u00f6r\u00e4ndringar, ja, d\u00e5 kan man g\u00f6ra det h\u00e4r!<\/p>\n<p class=\"noSpacingAbove noSpacingBelow\" data-text-type=\"noSpacing\">Idag h\u00f6rde du ju om 3-box-modellen n\u00e4r vi pratade med v\u00e5rt kommunalr\u00e5d Michael Granstedt. Vad \u00e4r dina f\u00f6rslag p\u00e5 att f\u00f6rb\u00e4ttra, avsluta och p\u00e5b\u00f6rja p\u00e5 din skola?<\/p>\n<p><strong>Box 1<\/strong>: F\u00f6rb\u00e4ttra skolmaten! Som det ser ut nu \u00e4r det m\u00e5nga som klagar f\u00f6r den smakar inte bra. M\u00e5nga g\u00e5r till kiosken efter eller innan lunch. Elevr\u00e5det har diskuterat hur man skulle kunna p\u00e5verka menyn, men inga f\u00f6rslag har g\u00e5tt igenom, trots att vi har pratat om det h\u00e4r l\u00e4nge och ofta. Det beh\u00f6ver ske en f\u00f6r\u00e4ndring! Man skulle kunna g\u00e5 fram till n\u00e5gon som har lite mer ansvar och best\u00e4mma en form av m\u00f6te och komma fram till en kompromiss.<\/p>\n<p><strong>Box 2<\/strong>: Sluta ha lunch-st\u00e4ngd cafeteria, f\u00f6r det \u00e4r ju faktiskt b\u00e4ttre att man k\u00f6per och \u00e4ter n\u00e5got \u2013 \u00e4n ingenting alls.<\/p>\n<p><strong>Box 3<\/strong>: Hm\u2026 ja, ett f\u00f6rslag som jag r\u00e5kade h\u00f6ra \u00e4r att inf\u00f6ra en egen klass i k\u00e4llkritik. I v\u00e5r v\u00e4rld med s\u00e5 m\u00e5nga kanaler och mycket information s\u00e5 b\u00f6r det vara n\u00f6dv\u00e4ndigt att vi l\u00e4r oss vad som \u00e4r riktigt och vad som \u00e4r &#8221;fake-news&#8221;. Vi ska kunna ta det h\u00e4r p\u00e5 allvar!<\/p>\n","protected":false},"excerpt":{"rendered":"<p>Redan f\u00f6rsta dagen har hon f\u00e5tt h\u00f6ra om kommunens milj\u00f6- och klimatstrategi, hur vi jobbar med social h\u00e5llbarhet och landsbygdsutveckling samt digitalisering och utveckling. Allt i rasande fart &#8211; och med fokus p\u00e5 kommunen, landet och v\u00e4rlden. S\u00e5 vad tror du Evelina? Kan vi f\u00f6r\u00e4ndra v\u00e4rlden? -Ja, sakta men s\u00e4kert! Det k\u00e4nns som om vi [&hellip;]<\/p>\n","protected":false},"author":3,"featured_media":845,"comment_status":"open","ping_status":"open","sticky":false,"template":"","format":"standard","meta":{"_acf_changed":false,"footnotes":""},"categories":[20],"class_list":["post-844","post","type-post","status-publish","format-standard","has-post-thumbnail","hentry","category-intervju"],"acf":{"news_thumbnail_video":"","show_news_thumbnail_in_post":true,"news_related_content_title":"Relaterat inneh\u00e5ll","news_related_content":[123,721],"preamble":"Den h\u00e4r veckan g\u00f6r Evelina praktik p\u00e5 kommunhuset. Hon g\u00e5r i \u00e5rskurs 9 p\u00e5 F\u00e4rjestadens h\u00f6gstadium och intresserar sig f\u00f6r juridik och politik. Kan vi \u00f6vertyga henne om att kommunens uppdrag \u00e4r det mest sp\u00e4nnande i v\u00e4rlden?"},"yoast_head":"<!-- This site is optimized with the Yoast SEO plugin v27.2 - https:\/\/yoast.com\/product\/yoast-seo-wordpress\/ -->\n<title>Hur f\u00f6r\u00e4ndrar vi v\u00e4rlden? - UngNytt<\/title>\n<meta name=\"description\" content=\"Den h\u00e4r veckan g\u00f6r Evelina praktik p\u00e5 kommunhuset. Kan vi \u00f6vertyga henne om att kommunens uppdrag \u00e4r det mest sp\u00e4nnande i v\u00e4rlden?\" \/>\n<meta name=\"robots\" content=\"index, follow, max-snippet:-1, max-image-preview:large, max-video-preview:-1\" \/>\n<link rel=\"canonical\" href=\"https:\/\/www.morbylanga.se\/ungnytt\/hur-forandrar-vi-varlden\/\" \/>\n<meta property=\"og:locale\" content=\"sv_SE\" \/>\n<meta property=\"og:type\" content=\"article\" \/>\n<meta property=\"og:title\" content=\"Hur f\u00f6r\u00e4ndrar vi v\u00e4rlden? - UngNytt\" \/>\n<meta property=\"og:description\" content=\"Den h\u00e4r veckan g\u00f6r Evelina praktik p\u00e5 kommunhuset. Kan vi \u00f6vertyga henne om att kommunens uppdrag \u00e4r det mest sp\u00e4nnande i v\u00e4rlden?\" \/>\n<meta property=\"og:url\" content=\"https:\/\/www.morbylanga.se\/ungnytt\/hur-forandrar-vi-varlden\/\" \/>\n<meta property=\"og:site_name\" content=\"UngNytt\" \/>\n<meta property=\"article:published_time\" content=\"2024-10-10T07:38:58+00:00\" \/>\n<meta property=\"og:image\" content=\"https:\/\/www.morbylanga.se\/ungnytt\/wp-content\/uploads\/2024\/10\/skarmbild8-10-202481346.jpeg\" \/>\n\t<meta property=\"og:image:width\" content=\"683\" \/>\n\t<meta property=\"og:image:height\" content=\"511\" \/>\n\t<meta property=\"og:image:type\" content=\"image\/jpeg\" \/>\n<meta name=\"author\" content=\"Emilia Gustafsson\" \/>\n<meta name=\"twitter:card\" content=\"summary_large_image\" \/>\n<meta name=\"twitter:label1\" content=\"Skriven av\" \/>\n\t<meta name=\"twitter:data1\" content=\"Emilia Gustafsson\" \/>\n\t<meta name=\"twitter:label2\" content=\"Ber\u00e4knad l\u00e4stid\" \/>\n\t<meta name=\"twitter:data2\" content=\"2 minuter\" \/>\n<script type=\"application\/ld+json\" class=\"yoast-schema-graph\">{\"@context\":\"https:\/\/schema.org\",\"@graph\":[{\"@type\":\"Article\",\"@id\":\"https:\/\/www.morbylanga.se\/ungnytt\/hur-forandrar-vi-varlden\/#article\",\"isPartOf\":{\"@id\":\"https:\/\/www.morbylanga.se\/ungnytt\/hur-forandrar-vi-varlden\/\"},\"author\":{\"name\":\"Emilia Gustafsson\",\"@id\":\"https:\/\/www.morbylanga.se\/ungnytt\/#\/schema\/person\/85fa17ba36d9991cf2728a563e6b125e\"},\"headline\":\"Hur f\u00f6r\u00e4ndrar vi v\u00e4rlden?\",\"datePublished\":\"2024-10-10T07:38:58+00:00\",\"mainEntityOfPage\":{\"@id\":\"https:\/\/www.morbylanga.se\/ungnytt\/hur-forandrar-vi-varlden\/\"},\"wordCount\":328,\"commentCount\":0,\"image\":{\"@id\":\"https:\/\/www.morbylanga.se\/ungnytt\/hur-forandrar-vi-varlden\/#primaryimage\"},\"thumbnailUrl\":\"https:\/\/www.morbylanga.se\/ungnytt\/wp-content\/uploads\/2024\/10\/skarmbild8-10-202481346.jpeg\",\"articleSection\":[\"Intervju\"],\"inLanguage\":\"sv-SE\",\"potentialAction\":[{\"@type\":\"CommentAction\",\"name\":\"Comment\",\"target\":[\"https:\/\/www.morbylanga.se\/ungnytt\/hur-forandrar-vi-varlden\/#respond\"]}]},{\"@type\":\"WebPage\",\"@id\":\"https:\/\/www.morbylanga.se\/ungnytt\/hur-forandrar-vi-varlden\/\",\"url\":\"https:\/\/www.morbylanga.se\/ungnytt\/hur-forandrar-vi-varlden\/\",\"name\":\"Hur f\u00f6r\u00e4ndrar vi v\u00e4rlden? - UngNytt\",\"isPartOf\":{\"@id\":\"https:\/\/www.morbylanga.se\/ungnytt\/#website\"},\"primaryImageOfPage\":{\"@id\":\"https:\/\/www.morbylanga.se\/ungnytt\/hur-forandrar-vi-varlden\/#primaryimage\"},\"image\":{\"@id\":\"https:\/\/www.morbylanga.se\/ungnytt\/hur-forandrar-vi-varlden\/#primaryimage\"},\"thumbnailUrl\":\"https:\/\/www.morbylanga.se\/ungnytt\/wp-content\/uploads\/2024\/10\/skarmbild8-10-202481346.jpeg\",\"datePublished\":\"2024-10-10T07:38:58+00:00\",\"author\":{\"@id\":\"https:\/\/www.morbylanga.se\/ungnytt\/#\/schema\/person\/85fa17ba36d9991cf2728a563e6b125e\"},\"description\":\"Den h\u00e4r veckan g\u00f6r Evelina praktik p\u00e5 kommunhuset. Kan vi \u00f6vertyga henne om att kommunens uppdrag \u00e4r det mest sp\u00e4nnande i v\u00e4rlden?\",\"breadcrumb\":{\"@id\":\"https:\/\/www.morbylanga.se\/ungnytt\/hur-forandrar-vi-varlden\/#breadcrumb\"},\"inLanguage\":\"sv-SE\",\"potentialAction\":[{\"@type\":\"ReadAction\",\"target\":[\"https:\/\/www.morbylanga.se\/ungnytt\/hur-forandrar-vi-varlden\/\"]}]},{\"@type\":\"ImageObject\",\"inLanguage\":\"sv-SE\",\"@id\":\"https:\/\/www.morbylanga.se\/ungnytt\/hur-forandrar-vi-varlden\/#primaryimage\",\"url\":\"https:\/\/www.morbylanga.se\/ungnytt\/wp-content\/uploads\/2024\/10\/skarmbild8-10-202481346.jpeg\",\"contentUrl\":\"https:\/\/www.morbylanga.se\/ungnytt\/wp-content\/uploads\/2024\/10\/skarmbild8-10-202481346.jpeg\",\"width\":683,\"height\":511,\"caption\":\"Evelina som sitter ner p\u00e5 en b\u00e4nk. Hon h\u00e5ller i en bok d\u00e4r det st\u00e5r hur vi f\u00f6r\u00e4ndrar v\u00e4rlden.\"},{\"@type\":\"BreadcrumbList\",\"@id\":\"https:\/\/www.morbylanga.se\/ungnytt\/hur-forandrar-vi-varlden\/#breadcrumb\",\"itemListElement\":[{\"@type\":\"ListItem\",\"position\":1,\"name\":\"Hem\",\"item\":\"https:\/\/www.morbylanga.se\/ungnytt\/\"},{\"@type\":\"ListItem\",\"position\":2,\"name\":\"Hur f\u00f6r\u00e4ndrar vi v\u00e4rlden?\"}]},{\"@type\":\"WebSite\",\"@id\":\"https:\/\/www.morbylanga.se\/ungnytt\/#website\",\"url\":\"https:\/\/www.morbylanga.se\/ungnytt\/\",\"name\":\"UngNytt\",\"description\":\"Nyheter f\u00f6r och av unga i M\u00f6rbyl\u00e5nga kommun\",\"potentialAction\":[{\"@type\":\"SearchAction\",\"target\":{\"@type\":\"EntryPoint\",\"urlTemplate\":\"https:\/\/www.morbylanga.se\/ungnytt\/?s={search_term_string}\"},\"query-input\":{\"@type\":\"PropertyValueSpecification\",\"valueRequired\":true,\"valueName\":\"search_term_string\"}}],\"inLanguage\":\"sv-SE\"},{\"@type\":\"Person\",\"@id\":\"https:\/\/www.morbylanga.se\/ungnytt\/#\/schema\/person\/85fa17ba36d9991cf2728a563e6b125e\",\"name\":\"Emilia Gustafsson\",\"image\":{\"@type\":\"ImageObject\",\"inLanguage\":\"sv-SE\",\"@id\":\"https:\/\/secure.gravatar.com\/avatar\/47b944840caef41c736509a0d63698090bff37bcc0ea43fa61045285135ee4d5?s=96&d=mm&r=g\",\"url\":\"https:\/\/secure.gravatar.com\/avatar\/47b944840caef41c736509a0d63698090bff37bcc0ea43fa61045285135ee4d5?s=96&d=mm&r=g\",\"contentUrl\":\"https:\/\/secure.gravatar.com\/avatar\/47b944840caef41c736509a0d63698090bff37bcc0ea43fa61045285135ee4d5?s=96&d=mm&r=g\",\"caption\":\"Emilia Gustafsson\"},\"url\":\"https:\/\/www.morbylanga.se\/ungnytt\/author\/emilia-gustafsson\/\"}]}<\/script>\n<!-- \/ Yoast SEO plugin. -->","yoast_head_json":{"title":"Hur f\u00f6r\u00e4ndrar vi v\u00e4rlden? - UngNytt","description":"Den h\u00e4r veckan g\u00f6r Evelina praktik p\u00e5 kommunhuset. Kan vi \u00f6vertyga henne om att kommunens uppdrag \u00e4r det mest sp\u00e4nnande i v\u00e4rlden?","robots":{"index":"index","follow":"follow","max-snippet":"max-snippet:-1","max-image-preview":"max-image-preview:large","max-video-preview":"max-video-preview:-1"},"canonical":"https:\/\/www.morbylanga.se\/ungnytt\/hur-forandrar-vi-varlden\/","og_locale":"sv_SE","og_type":"article","og_title":"Hur f\u00f6r\u00e4ndrar vi v\u00e4rlden? - UngNytt","og_description":"Den h\u00e4r veckan g\u00f6r Evelina praktik p\u00e5 kommunhuset. Kan vi \u00f6vertyga henne om att kommunens uppdrag \u00e4r det mest sp\u00e4nnande i v\u00e4rlden?","og_url":"https:\/\/www.morbylanga.se\/ungnytt\/hur-forandrar-vi-varlden\/","og_site_name":"UngNytt","article_published_time":"2024-10-10T07:38:58+00:00","og_image":[{"width":683,"height":511,"url":"https:\/\/www.morbylanga.se\/ungnytt\/wp-content\/uploads\/2024\/10\/skarmbild8-10-202481346.jpeg","type":"image\/jpeg"}],"author":"Emilia Gustafsson","twitter_card":"summary_large_image","twitter_misc":{"Skriven av":"Emilia Gustafsson","Ber\u00e4knad l\u00e4stid":"2 minuter"},"schema":{"@context":"https:\/\/schema.org","@graph":[{"@type":"Article","@id":"https:\/\/www.morbylanga.se\/ungnytt\/hur-forandrar-vi-varlden\/#article","isPartOf":{"@id":"https:\/\/www.morbylanga.se\/ungnytt\/hur-forandrar-vi-varlden\/"},"author":{"name":"Emilia Gustafsson","@id":"https:\/\/www.morbylanga.se\/ungnytt\/#\/schema\/person\/85fa17ba36d9991cf2728a563e6b125e"},"headline":"Hur f\u00f6r\u00e4ndrar vi v\u00e4rlden?","datePublished":"2024-10-10T07:38:58+00:00","mainEntityOfPage":{"@id":"https:\/\/www.morbylanga.se\/ungnytt\/hur-forandrar-vi-varlden\/"},"wordCount":328,"commentCount":0,"image":{"@id":"https:\/\/www.morbylanga.se\/ungnytt\/hur-forandrar-vi-varlden\/#primaryimage"},"thumbnailUrl":"https:\/\/www.morbylanga.se\/ungnytt\/wp-content\/uploads\/2024\/10\/skarmbild8-10-202481346.jpeg","articleSection":["Intervju"],"inLanguage":"sv-SE","potentialAction":[{"@type":"CommentAction","name":"Comment","target":["https:\/\/www.morbylanga.se\/ungnytt\/hur-forandrar-vi-varlden\/#respond"]}]},{"@type":"WebPage","@id":"https:\/\/www.morbylanga.se\/ungnytt\/hur-forandrar-vi-varlden\/","url":"https:\/\/www.morbylanga.se\/ungnytt\/hur-forandrar-vi-varlden\/","name":"Hur f\u00f6r\u00e4ndrar vi v\u00e4rlden? - UngNytt","isPartOf":{"@id":"https:\/\/www.morbylanga.se\/ungnytt\/#website"},"primaryImageOfPage":{"@id":"https:\/\/www.morbylanga.se\/ungnytt\/hur-forandrar-vi-varlden\/#primaryimage"},"image":{"@id":"https:\/\/www.morbylanga.se\/ungnytt\/hur-forandrar-vi-varlden\/#primaryimage"},"thumbnailUrl":"https:\/\/www.morbylanga.se\/ungnytt\/wp-content\/uploads\/2024\/10\/skarmbild8-10-202481346.jpeg","datePublished":"2024-10-10T07:38:58+00:00","author":{"@id":"https:\/\/www.morbylanga.se\/ungnytt\/#\/schema\/person\/85fa17ba36d9991cf2728a563e6b125e"},"description":"Den h\u00e4r veckan g\u00f6r Evelina praktik p\u00e5 kommunhuset. Kan vi \u00f6vertyga henne om att kommunens uppdrag \u00e4r det mest sp\u00e4nnande i v\u00e4rlden?","breadcrumb":{"@id":"https:\/\/www.morbylanga.se\/ungnytt\/hur-forandrar-vi-varlden\/#breadcrumb"},"inLanguage":"sv-SE","potentialAction":[{"@type":"ReadAction","target":["https:\/\/www.morbylanga.se\/ungnytt\/hur-forandrar-vi-varlden\/"]}]},{"@type":"ImageObject","inLanguage":"sv-SE","@id":"https:\/\/www.morbylanga.se\/ungnytt\/hur-forandrar-vi-varlden\/#primaryimage","url":"https:\/\/www.morbylanga.se\/ungnytt\/wp-content\/uploads\/2024\/10\/skarmbild8-10-202481346.jpeg","contentUrl":"https:\/\/www.morbylanga.se\/ungnytt\/wp-content\/uploads\/2024\/10\/skarmbild8-10-202481346.jpeg","width":683,"height":511,"caption":"Evelina som sitter ner p\u00e5 en b\u00e4nk. Hon h\u00e5ller i en bok d\u00e4r det st\u00e5r hur vi f\u00f6r\u00e4ndrar v\u00e4rlden."},{"@type":"BreadcrumbList","@id":"https:\/\/www.morbylanga.se\/ungnytt\/hur-forandrar-vi-varlden\/#breadcrumb","itemListElement":[{"@type":"ListItem","position":1,"name":"Hem","item":"https:\/\/www.morbylanga.se\/ungnytt\/"},{"@type":"ListItem","position":2,"name":"Hur f\u00f6r\u00e4ndrar vi v\u00e4rlden?"}]},{"@type":"WebSite","@id":"https:\/\/www.morbylanga.se\/ungnytt\/#website","url":"https:\/\/www.morbylanga.se\/ungnytt\/","name":"UngNytt","description":"Nyheter f\u00f6r och av unga i M\u00f6rbyl\u00e5nga kommun","potentialAction":[{"@type":"SearchAction","target":{"@type":"EntryPoint","urlTemplate":"https:\/\/www.morbylanga.se\/ungnytt\/?s={search_term_string}"},"query-input":{"@type":"PropertyValueSpecification","valueRequired":true,"valueName":"search_term_string"}}],"inLanguage":"sv-SE"},{"@type":"Person","@id":"https:\/\/www.morbylanga.se\/ungnytt\/#\/schema\/person\/85fa17ba36d9991cf2728a563e6b125e","name":"Emilia Gustafsson","image":{"@type":"ImageObject","inLanguage":"sv-SE","@id":"https:\/\/secure.gravatar.com\/avatar\/47b944840caef41c736509a0d63698090bff37bcc0ea43fa61045285135ee4d5?s=96&d=mm&r=g","url":"https:\/\/secure.gravatar.com\/avatar\/47b944840caef41c736509a0d63698090bff37bcc0ea43fa61045285135ee4d5?s=96&d=mm&r=g","contentUrl":"https:\/\/secure.gravatar.com\/avatar\/47b944840caef41c736509a0d63698090bff37bcc0ea43fa61045285135ee4d5?s=96&d=mm&r=g","caption":"Emilia Gustafsson"},"url":"https:\/\/www.morbylanga.se\/ungnytt\/author\/emilia-gustafsson\/"}]}},"primary_category":{"term_id":20,"name":"Intervju","slug":"intervju","term_group":0,"term_taxonomy_id":20,"taxonomy":"category","description":"Intervjuer ger l\u00e4sare m\u00f6jlighet att l\u00e4ra sig mer om en person, deras tankar, \u00e5sikter och erfarenheter. Det kan vara intervjuer med k\u00e4ndisar, experter inom olika omr\u00e5den eller vanliga m\u00e4nniskor med en intressant historia att ber\u00e4tta.","parent":0,"count":4,"filter":"raw"},"_links":{"self":[{"href":"https:\/\/www.morbylanga.se\/ungnytt\/wp-json\/wp\/v2\/posts\/844","targetHints":{"allow":["GET"]}}],"collection":[{"href":"https:\/\/www.morbylanga.se\/ungnytt\/wp-json\/wp\/v2\/posts"}],"about":[{"href":"https:\/\/www.morbylanga.se\/ungnytt\/wp-json\/wp\/v2\/types\/post"}],"author":[{"embeddable":true,"href":"https:\/\/www.morbylanga.se\/ungnytt\/wp-json\/wp\/v2\/users\/3"}],"replies":[{"embeddable":true,"href":"https:\/\/www.morbylanga.se\/ungnytt\/wp-json\/wp\/v2\/comments?post=844"}],"version-history":[{"count":2,"href":"https:\/\/www.morbylanga.se\/ungnytt\/wp-json\/wp\/v2\/posts\/844\/revisions"}],"predecessor-version":[{"id":847,"href":"https:\/\/www.morbylanga.se\/ungnytt\/wp-json\/wp\/v2\/posts\/844\/revisions\/847"}],"acf:post":[{"embeddable":true,"href":"https:\/\/www.morbylanga.se\/ungnytt\/wp-json\/wp\/v2\/card\/721"},{"embeddable":true,"href":"https:\/\/www.morbylanga.se\/ungnytt\/wp-json\/wp\/v2\/posts\/123"}],"wp:featuredmedia":[{"embeddable":true,"href":"https:\/\/www.morbylanga.se\/ungnytt\/wp-json\/wp\/v2\/media\/845"}],"wp:attachment":[{"href":"https:\/\/www.morbylanga.se\/ungnytt\/wp-json\/wp\/v2\/media?parent=844"}],"wp:term":[{"taxonomy":"category","embeddable":true,"href":"https:\/\/www.morbylanga.se\/ungnytt\/wp-json\/wp\/v2\/categories?post=844"}],"curies":[{"name":"wp","href":"https:\/\/api.w.org\/{rel}","templated":true}]}}