{"id":786,"date":"2024-09-13T13:40:16","date_gmt":"2024-09-13T11:40:16","guid":{"rendered":"https:\/\/www.morbylanga.se\/ungnytt\/?p=786"},"modified":"2024-09-13T13:40:16","modified_gmt":"2024-09-13T11:40:16","slug":"vi-firar-pride","status":"publish","type":"post","link":"https:\/\/www.morbylanga.se\/ungnytt\/vi-firar-pride\/","title":{"rendered":"Vi firar pride!"},"content":{"rendered":"<p>Under denna vecka kommer det att arrangeras olika aktiviteter och evenemang f\u00f6r att uppm\u00e4rksamma och fira HBTQI-personers r\u00e4ttigheter och j\u00e4mlikhet. Mellan den 16 och 22 september kommer M\u00f6rbyl\u00e5nga kommun att fira Pride som en del av Southeast Pride 2024.<\/p>\n<p>Southeast Pride 2024, som p\u00e5g\u00e5r mellan den 7 och 21 september, \u00e4r en viktig h\u00e4ndelse i Kalmar l\u00e4n. Det \u00e4r en tid f\u00f6r att lyfta fram m\u00e4nskliga r\u00e4ttigheter, acceptans och j\u00e4mlikhet.\u00a0I M\u00f6rbyl\u00e5nga kommer vi att delta genom att skapa trygga och inkluderande rum f\u00f6r samtal och m\u00f6ten, samt genom att belysa goda exempel p\u00e5 j\u00e4mlikhet och inkludering.<\/p>\n<p>Under veckan kommer det att finnas olika aktiviteter som workshops, f\u00f6rel\u00e4sningar och sociala evenemang.\u00a0Det blir en m\u00f6jlighet f\u00f6r alla att l\u00e4ra sig mer om HBTQI-fr\u00e5gor och att visa sitt st\u00f6d f\u00f6r allas lika v\u00e4rde och r\u00e4ttigheter.<\/p>\n<p>Vi uppmanar alla ungdomar att delta och vara en del av denna viktiga vecka. Tillsammans kan vi skapa en mer inkluderande och j\u00e4mlik v\u00e4rld!<\/p>\n<p><a class=\"tooltip-target\" href=\"https:\/\/www.lansstyrelsen.se\/kalmar\/om-oss\/kalender\/kalenderhandelser---kalmar\/2024-08-20-southeast-pride-2024.html\" target=\"_blank\" rel=\"noopener\" data-citationid=\"19c674bb-bb35-b0fe-d589-d26ec70c87ae-18-group\">F\u00f6r mer information om Southeast Pride 2024 och de olika aktiviteterna, bes\u00f6k L\u00e4nsstyrelsen Kalmars hemsida<\/a><\/p>\n","protected":false},"excerpt":{"rendered":"<p>Under denna vecka kommer det att arrangeras olika aktiviteter och evenemang f\u00f6r att uppm\u00e4rksamma och fira HBTQI-personers r\u00e4ttigheter och j\u00e4mlikhet. Mellan den 16 och 22 september kommer M\u00f6rbyl\u00e5nga kommun att fira Pride som en del av Southeast Pride 2024. Southeast Pride 2024, som p\u00e5g\u00e5r mellan den 7 och 21 september, \u00e4r en viktig h\u00e4ndelse i [&hellip;]<\/p>\n","protected":false},"author":3,"featured_media":787,"comment_status":"open","ping_status":"open","sticky":false,"template":"","format":"standard","meta":{"_acf_changed":false,"footnotes":""},"categories":[26],"class_list":["post-786","post","type-post","status-publish","format-standard","has-post-thumbnail","hentry","category-pride"],"acf":{"news_thumbnail_video":"","show_news_thumbnail_in_post":true,"news_related_content_title":"Relaterat inneh\u00e5ll","news_related_content":[307],"preamble":"Mellan den 16 och 22 september kommer M\u00f6rbyl\u00e5nga kommun att fira Pride som en del av Southeast Pride 2024. "},"yoast_head":"<!-- This site is optimized with the Yoast SEO plugin v27.2 - https:\/\/yoast.com\/product\/yoast-seo-wordpress\/ -->\n<title>Vi firar pride! - UngNytt<\/title>\n<meta name=\"description\" content=\"Mellan den 16 och 22 september kommer M\u00f6rbyl\u00e5nga kommun att fira Pride som en del av Southeast Pride 2024.\" \/>\n<meta name=\"robots\" content=\"index, follow, max-snippet:-1, max-image-preview:large, max-video-preview:-1\" \/>\n<link rel=\"canonical\" href=\"https:\/\/www.morbylanga.se\/ungnytt\/vi-firar-pride\/\" \/>\n<meta property=\"og:locale\" content=\"sv_SE\" \/>\n<meta property=\"og:type\" content=\"article\" \/>\n<meta property=\"og:title\" content=\"Vi firar pride! - UngNytt\" \/>\n<meta property=\"og:description\" content=\"Mellan den 16 och 22 september kommer M\u00f6rbyl\u00e5nga kommun att fira Pride som en del av Southeast Pride 2024.\" \/>\n<meta property=\"og:url\" content=\"https:\/\/www.morbylanga.se\/ungnytt\/vi-firar-pride\/\" \/>\n<meta property=\"og:site_name\" content=\"UngNytt\" \/>\n<meta property=\"article:published_time\" content=\"2024-09-13T11:40:16+00:00\" \/>\n<meta property=\"og:image\" content=\"https:\/\/www.morbylanga.se\/ungnytt\/wp-content\/uploads\/2024\/09\/12620314-rainbow-flags-at-the-pride-parade-in-stockholm-scaled.jpg\" \/>\n\t<meta property=\"og:image:width\" content=\"2560\" \/>\n\t<meta property=\"og:image:height\" content=\"1709\" \/>\n\t<meta property=\"og:image:type\" content=\"image\/jpeg\" \/>\n<meta name=\"author\" content=\"Emilia Gustafsson\" \/>\n<meta name=\"twitter:card\" content=\"summary_large_image\" \/>\n<meta name=\"twitter:label1\" content=\"Skriven av\" \/>\n\t<meta name=\"twitter:data1\" content=\"Emilia Gustafsson\" \/>\n\t<meta name=\"twitter:label2\" content=\"Ber\u00e4knad l\u00e4stid\" \/>\n\t<meta name=\"twitter:data2\" content=\"2 minuter\" \/>\n<script type=\"application\/ld+json\" class=\"yoast-schema-graph\">{\"@context\":\"https:\/\/schema.org\",\"@graph\":[{\"@type\":\"Article\",\"@id\":\"https:\/\/www.morbylanga.se\/ungnytt\/vi-firar-pride\/#article\",\"isPartOf\":{\"@id\":\"https:\/\/www.morbylanga.se\/ungnytt\/vi-firar-pride\/\"},\"author\":{\"name\":\"Emilia Gustafsson\",\"@id\":\"https:\/\/www.morbylanga.se\/ungnytt\/#\/schema\/person\/85fa17ba36d9991cf2728a563e6b125e\"},\"headline\":\"Vi firar pride!\",\"datePublished\":\"2024-09-13T11:40:16+00:00\",\"mainEntityOfPage\":{\"@id\":\"https:\/\/www.morbylanga.se\/ungnytt\/vi-firar-pride\/\"},\"wordCount\":203,\"commentCount\":0,\"image\":{\"@id\":\"https:\/\/www.morbylanga.se\/ungnytt\/vi-firar-pride\/#primaryimage\"},\"thumbnailUrl\":\"https:\/\/www.morbylanga.se\/ungnytt\/wp-content\/uploads\/2024\/09\/12620314-rainbow-flags-at-the-pride-parade-in-stockholm-scaled.jpg\",\"articleSection\":[\"Pride\"],\"inLanguage\":\"sv-SE\",\"potentialAction\":[{\"@type\":\"CommentAction\",\"name\":\"Comment\",\"target\":[\"https:\/\/www.morbylanga.se\/ungnytt\/vi-firar-pride\/#respond\"]}]},{\"@type\":\"WebPage\",\"@id\":\"https:\/\/www.morbylanga.se\/ungnytt\/vi-firar-pride\/\",\"url\":\"https:\/\/www.morbylanga.se\/ungnytt\/vi-firar-pride\/\",\"name\":\"Vi firar pride! - UngNytt\",\"isPartOf\":{\"@id\":\"https:\/\/www.morbylanga.se\/ungnytt\/#website\"},\"primaryImageOfPage\":{\"@id\":\"https:\/\/www.morbylanga.se\/ungnytt\/vi-firar-pride\/#primaryimage\"},\"image\":{\"@id\":\"https:\/\/www.morbylanga.se\/ungnytt\/vi-firar-pride\/#primaryimage\"},\"thumbnailUrl\":\"https:\/\/www.morbylanga.se\/ungnytt\/wp-content\/uploads\/2024\/09\/12620314-rainbow-flags-at-the-pride-parade-in-stockholm-scaled.jpg\",\"datePublished\":\"2024-09-13T11:40:16+00:00\",\"author\":{\"@id\":\"https:\/\/www.morbylanga.se\/ungnytt\/#\/schema\/person\/85fa17ba36d9991cf2728a563e6b125e\"},\"description\":\"Mellan den 16 och 22 september kommer M\u00f6rbyl\u00e5nga kommun att fira Pride som en del av Southeast Pride 2024.\",\"breadcrumb\":{\"@id\":\"https:\/\/www.morbylanga.se\/ungnytt\/vi-firar-pride\/#breadcrumb\"},\"inLanguage\":\"sv-SE\",\"potentialAction\":[{\"@type\":\"ReadAction\",\"target\":[\"https:\/\/www.morbylanga.se\/ungnytt\/vi-firar-pride\/\"]}]},{\"@type\":\"ImageObject\",\"inLanguage\":\"sv-SE\",\"@id\":\"https:\/\/www.morbylanga.se\/ungnytt\/vi-firar-pride\/#primaryimage\",\"url\":\"https:\/\/www.morbylanga.se\/ungnytt\/wp-content\/uploads\/2024\/09\/12620314-rainbow-flags-at-the-pride-parade-in-stockholm-scaled.jpg\",\"contentUrl\":\"https:\/\/www.morbylanga.se\/ungnytt\/wp-content\/uploads\/2024\/09\/12620314-rainbow-flags-at-the-pride-parade-in-stockholm-scaled.jpg\",\"width\":2560,\"height\":1709,\"caption\":\"STOCKHOLM, SWEDEN - AUGUST 1, 2015: Rainbow flags at the Pride parade in Stockholm. Approx 400.000 gathered at the streets.\"},{\"@type\":\"BreadcrumbList\",\"@id\":\"https:\/\/www.morbylanga.se\/ungnytt\/vi-firar-pride\/#breadcrumb\",\"itemListElement\":[{\"@type\":\"ListItem\",\"position\":1,\"name\":\"Hem\",\"item\":\"https:\/\/www.morbylanga.se\/ungnytt\/\"},{\"@type\":\"ListItem\",\"position\":2,\"name\":\"Vi firar pride!\"}]},{\"@type\":\"WebSite\",\"@id\":\"https:\/\/www.morbylanga.se\/ungnytt\/#website\",\"url\":\"https:\/\/www.morbylanga.se\/ungnytt\/\",\"name\":\"UngNytt\",\"description\":\"Nyheter f\u00f6r och av unga i M\u00f6rbyl\u00e5nga kommun\",\"potentialAction\":[{\"@type\":\"SearchAction\",\"target\":{\"@type\":\"EntryPoint\",\"urlTemplate\":\"https:\/\/www.morbylanga.se\/ungnytt\/?s={search_term_string}\"},\"query-input\":{\"@type\":\"PropertyValueSpecification\",\"valueRequired\":true,\"valueName\":\"search_term_string\"}}],\"inLanguage\":\"sv-SE\"},{\"@type\":\"Person\",\"@id\":\"https:\/\/www.morbylanga.se\/ungnytt\/#\/schema\/person\/85fa17ba36d9991cf2728a563e6b125e\",\"name\":\"Emilia Gustafsson\",\"image\":{\"@type\":\"ImageObject\",\"inLanguage\":\"sv-SE\",\"@id\":\"https:\/\/secure.gravatar.com\/avatar\/47b944840caef41c736509a0d63698090bff37bcc0ea43fa61045285135ee4d5?s=96&d=mm&r=g\",\"url\":\"https:\/\/secure.gravatar.com\/avatar\/47b944840caef41c736509a0d63698090bff37bcc0ea43fa61045285135ee4d5?s=96&d=mm&r=g\",\"contentUrl\":\"https:\/\/secure.gravatar.com\/avatar\/47b944840caef41c736509a0d63698090bff37bcc0ea43fa61045285135ee4d5?s=96&d=mm&r=g\",\"caption\":\"Emilia Gustafsson\"},\"url\":\"https:\/\/www.morbylanga.se\/ungnytt\/author\/emilia-gustafsson\/\"}]}<\/script>\n<!-- \/ Yoast SEO plugin. -->","yoast_head_json":{"title":"Vi firar pride! - UngNytt","description":"Mellan den 16 och 22 september kommer M\u00f6rbyl\u00e5nga kommun att fira Pride som en del av Southeast Pride 2024.","robots":{"index":"index","follow":"follow","max-snippet":"max-snippet:-1","max-image-preview":"max-image-preview:large","max-video-preview":"max-video-preview:-1"},"canonical":"https:\/\/www.morbylanga.se\/ungnytt\/vi-firar-pride\/","og_locale":"sv_SE","og_type":"article","og_title":"Vi firar pride! - UngNytt","og_description":"Mellan den 16 och 22 september kommer M\u00f6rbyl\u00e5nga kommun att fira Pride som en del av Southeast Pride 2024.","og_url":"https:\/\/www.morbylanga.se\/ungnytt\/vi-firar-pride\/","og_site_name":"UngNytt","article_published_time":"2024-09-13T11:40:16+00:00","og_image":[{"width":2560,"height":1709,"url":"https:\/\/www.morbylanga.se\/ungnytt\/wp-content\/uploads\/2024\/09\/12620314-rainbow-flags-at-the-pride-parade-in-stockholm-scaled.jpg","type":"image\/jpeg"}],"author":"Emilia Gustafsson","twitter_card":"summary_large_image","twitter_misc":{"Skriven av":"Emilia Gustafsson","Ber\u00e4knad l\u00e4stid":"2 minuter"},"schema":{"@context":"https:\/\/schema.org","@graph":[{"@type":"Article","@id":"https:\/\/www.morbylanga.se\/ungnytt\/vi-firar-pride\/#article","isPartOf":{"@id":"https:\/\/www.morbylanga.se\/ungnytt\/vi-firar-pride\/"},"author":{"name":"Emilia Gustafsson","@id":"https:\/\/www.morbylanga.se\/ungnytt\/#\/schema\/person\/85fa17ba36d9991cf2728a563e6b125e"},"headline":"Vi firar pride!","datePublished":"2024-09-13T11:40:16+00:00","mainEntityOfPage":{"@id":"https:\/\/www.morbylanga.se\/ungnytt\/vi-firar-pride\/"},"wordCount":203,"commentCount":0,"image":{"@id":"https:\/\/www.morbylanga.se\/ungnytt\/vi-firar-pride\/#primaryimage"},"thumbnailUrl":"https:\/\/www.morbylanga.se\/ungnytt\/wp-content\/uploads\/2024\/09\/12620314-rainbow-flags-at-the-pride-parade-in-stockholm-scaled.jpg","articleSection":["Pride"],"inLanguage":"sv-SE","potentialAction":[{"@type":"CommentAction","name":"Comment","target":["https:\/\/www.morbylanga.se\/ungnytt\/vi-firar-pride\/#respond"]}]},{"@type":"WebPage","@id":"https:\/\/www.morbylanga.se\/ungnytt\/vi-firar-pride\/","url":"https:\/\/www.morbylanga.se\/ungnytt\/vi-firar-pride\/","name":"Vi firar pride! - UngNytt","isPartOf":{"@id":"https:\/\/www.morbylanga.se\/ungnytt\/#website"},"primaryImageOfPage":{"@id":"https:\/\/www.morbylanga.se\/ungnytt\/vi-firar-pride\/#primaryimage"},"image":{"@id":"https:\/\/www.morbylanga.se\/ungnytt\/vi-firar-pride\/#primaryimage"},"thumbnailUrl":"https:\/\/www.morbylanga.se\/ungnytt\/wp-content\/uploads\/2024\/09\/12620314-rainbow-flags-at-the-pride-parade-in-stockholm-scaled.jpg","datePublished":"2024-09-13T11:40:16+00:00","author":{"@id":"https:\/\/www.morbylanga.se\/ungnytt\/#\/schema\/person\/85fa17ba36d9991cf2728a563e6b125e"},"description":"Mellan den 16 och 22 september kommer M\u00f6rbyl\u00e5nga kommun att fira Pride som en del av Southeast Pride 2024.","breadcrumb":{"@id":"https:\/\/www.morbylanga.se\/ungnytt\/vi-firar-pride\/#breadcrumb"},"inLanguage":"sv-SE","potentialAction":[{"@type":"ReadAction","target":["https:\/\/www.morbylanga.se\/ungnytt\/vi-firar-pride\/"]}]},{"@type":"ImageObject","inLanguage":"sv-SE","@id":"https:\/\/www.morbylanga.se\/ungnytt\/vi-firar-pride\/#primaryimage","url":"https:\/\/www.morbylanga.se\/ungnytt\/wp-content\/uploads\/2024\/09\/12620314-rainbow-flags-at-the-pride-parade-in-stockholm-scaled.jpg","contentUrl":"https:\/\/www.morbylanga.se\/ungnytt\/wp-content\/uploads\/2024\/09\/12620314-rainbow-flags-at-the-pride-parade-in-stockholm-scaled.jpg","width":2560,"height":1709,"caption":"STOCKHOLM, SWEDEN - AUGUST 1, 2015: Rainbow flags at the Pride parade in Stockholm. Approx 400.000 gathered at the streets."},{"@type":"BreadcrumbList","@id":"https:\/\/www.morbylanga.se\/ungnytt\/vi-firar-pride\/#breadcrumb","itemListElement":[{"@type":"ListItem","position":1,"name":"Hem","item":"https:\/\/www.morbylanga.se\/ungnytt\/"},{"@type":"ListItem","position":2,"name":"Vi firar pride!"}]},{"@type":"WebSite","@id":"https:\/\/www.morbylanga.se\/ungnytt\/#website","url":"https:\/\/www.morbylanga.se\/ungnytt\/","name":"UngNytt","description":"Nyheter f\u00f6r och av unga i M\u00f6rbyl\u00e5nga kommun","potentialAction":[{"@type":"SearchAction","target":{"@type":"EntryPoint","urlTemplate":"https:\/\/www.morbylanga.se\/ungnytt\/?s={search_term_string}"},"query-input":{"@type":"PropertyValueSpecification","valueRequired":true,"valueName":"search_term_string"}}],"inLanguage":"sv-SE"},{"@type":"Person","@id":"https:\/\/www.morbylanga.se\/ungnytt\/#\/schema\/person\/85fa17ba36d9991cf2728a563e6b125e","name":"Emilia Gustafsson","image":{"@type":"ImageObject","inLanguage":"sv-SE","@id":"https:\/\/secure.gravatar.com\/avatar\/47b944840caef41c736509a0d63698090bff37bcc0ea43fa61045285135ee4d5?s=96&d=mm&r=g","url":"https:\/\/secure.gravatar.com\/avatar\/47b944840caef41c736509a0d63698090bff37bcc0ea43fa61045285135ee4d5?s=96&d=mm&r=g","contentUrl":"https:\/\/secure.gravatar.com\/avatar\/47b944840caef41c736509a0d63698090bff37bcc0ea43fa61045285135ee4d5?s=96&d=mm&r=g","caption":"Emilia Gustafsson"},"url":"https:\/\/www.morbylanga.se\/ungnytt\/author\/emilia-gustafsson\/"}]}},"primary_category":{"term_id":26,"name":"Pride","slug":"pride","term_group":0,"term_taxonomy_id":26,"taxonomy":"category","description":"","parent":0,"count":3,"filter":"raw"},"_links":{"self":[{"href":"https:\/\/www.morbylanga.se\/ungnytt\/wp-json\/wp\/v2\/posts\/786","targetHints":{"allow":["GET"]}}],"collection":[{"href":"https:\/\/www.morbylanga.se\/ungnytt\/wp-json\/wp\/v2\/posts"}],"about":[{"href":"https:\/\/www.morbylanga.se\/ungnytt\/wp-json\/wp\/v2\/types\/post"}],"author":[{"embeddable":true,"href":"https:\/\/www.morbylanga.se\/ungnytt\/wp-json\/wp\/v2\/users\/3"}],"replies":[{"embeddable":true,"href":"https:\/\/www.morbylanga.se\/ungnytt\/wp-json\/wp\/v2\/comments?post=786"}],"version-history":[{"count":3,"href":"https:\/\/www.morbylanga.se\/ungnytt\/wp-json\/wp\/v2\/posts\/786\/revisions"}],"predecessor-version":[{"id":1382,"href":"https:\/\/www.morbylanga.se\/ungnytt\/wp-json\/wp\/v2\/posts\/786\/revisions\/1382"}],"acf:post":[{"embeddable":true,"href":"https:\/\/www.morbylanga.se\/ungnytt\/wp-json\/wp\/v2\/posts\/307"}],"wp:featuredmedia":[{"embeddable":true,"href":"https:\/\/www.morbylanga.se\/ungnytt\/wp-json\/wp\/v2\/media\/787"}],"wp:attachment":[{"href":"https:\/\/www.morbylanga.se\/ungnytt\/wp-json\/wp\/v2\/media?parent=786"}],"wp:term":[{"taxonomy":"category","embeddable":true,"href":"https:\/\/www.morbylanga.se\/ungnytt\/wp-json\/wp\/v2\/categories?post=786"}],"curies":[{"name":"wp","href":"https:\/\/api.w.org\/{rel}","templated":true}]}}