{"id":691,"date":"2024-06-13T09:37:40","date_gmt":"2024-06-13T07:37:40","guid":{"rendered":"https:\/\/www.morbylanga.se\/ungnytt\/?p=691"},"modified":"2024-06-13T09:39:45","modified_gmt":"2024-06-13T07:39:45","slug":"kom-och-fira-in-sommarlovet-tillsammans-med-fritidsgarden","status":"publish","type":"post","link":"https:\/\/www.morbylanga.se\/ungnytt\/kom-och-fira-in-sommarlovet-tillsammans-med-fritidsgarden\/","title":{"rendered":"Kom och fira in sommarlovet tillsammans med fritidsg\u00e5rden"},"content":{"rendered":"<p>Aktiviteten v\u00e4nder sig till dig som g\u00e5r i \u00e5k 5 till 3:e \u00e5ret p\u00e5 gymnasiet<\/p>\n<p><strong>Tid: <\/strong><span class=\"card-date-item\">Torsdag 13 jun 2024, 17.00-23.30<\/span><span class=\"card-date-item\">Fredag 14 jun 2024, 17.00-23.30<\/span><\/p>\n<p><strong>Plats: <\/strong>13\/6 Zokker i M\u00f6rbyl\u00e5nga samt 14\/6 Ladan i F\u00e4rjestaden<\/p>\n<p>Schema f\u00f6r respektive kv\u00e4ll:<\/p>\n<table>\n<tbody>\n<tr>\n<td>17.00<\/td>\n<td>Vi bjuder p\u00e5 mat och dryck<\/td>\n<\/tr>\n<tr>\n<td>18.30<\/td>\n<td>Femkampen b\u00f6rjar! (presentkort p\u00e5 bio och snabbmatst\u00e4llen finns i vinstpotten)<\/td>\n<\/tr>\n<tr>\n<td>20.30<\/td>\n<td>Vi bjuder p\u00e5 fika<\/td>\n<\/tr>\n<tr>\n<td>21.00<\/td>\n<td>Vi sl\u00e4cker ner och k\u00f6r ig\u00e5ng discokulan<\/td>\n<\/tr>\n<tr>\n<td>22.30<\/td>\n<td>Godisregn<\/td>\n<\/tr>\n<tr>\n<td>23.30<\/td>\n<td>Avslut<\/td>\n<\/tr>\n<\/tbody>\n<\/table>\n<p>&nbsp;<\/p>\n<p>L\u00e4s mer <a href=\"https:\/\/www.morbylanga.se\/aktiviteter\/kom-och-fira-in-sommarlovet-tillsammans-med-fritidsgarden\/\">h\u00e4r<\/a><\/p>\n","protected":false},"excerpt":{"rendered":"<p>Aktiviteten v\u00e4nder sig till dig som g\u00e5r i \u00e5k 5 till 3:e \u00e5ret p\u00e5 gymnasiet Tid: Torsdag 13 jun 2024, 17.00-23.30Fredag 14 jun 2024, 17.00-23.30 Plats: 13\/6 Zokker i M\u00f6rbyl\u00e5nga samt 14\/6 Ladan i F\u00e4rjestaden Schema f\u00f6r respektive kv\u00e4ll: 17.00 Vi bjuder p\u00e5 mat och dryck 18.30 Femkampen b\u00f6rjar! (presentkort p\u00e5 bio och snabbmatst\u00e4llen finns [&hellip;]<\/p>\n","protected":false},"author":3,"featured_media":175,"comment_status":"open","ping_status":"open","sticky":false,"template":"","format":"standard","meta":{"_acf_changed":false,"footnotes":""},"categories":[1],"class_list":["post-691","post","type-post","status-publish","format-standard","has-post-thumbnail","hentry","category-nyhet"],"acf":{"news_thumbnail_video":"","show_news_thumbnail_in_post":true,"news_related_content_title":"Relaterat inneh\u00e5ll","news_related_content":"","preamble":"Snart \u00e4r \u00e4ntligen sommarlovet h\u00e4r, med tid f\u00f6r sol, bad och umg\u00e4nge med kompisar. F\u00f6r att fira in det p\u00e5 b\u00e4sta s\u00e4tt kommer Fritidsg\u00e5rden att arrangera en sommarinspirerad femkamp under b\u00e5de torsdag och fredagskv\u00e4llen, d\u00e4r det finns massor av fina priser att vinna."},"yoast_head":"<!-- This site is optimized with the Yoast SEO plugin v27.2 - https:\/\/yoast.com\/product\/yoast-seo-wordpress\/ -->\n<title>Kom och fira in sommarlovet tillsammans med fritidsg\u00e5rden - UngNytt<\/title>\n<meta name=\"description\" content=\"Fritidsg\u00e5rden arrangerar en sommarinspirerad femkamp under b\u00e5de torsdag och fredagskv\u00e4llen, d\u00e4r det finns massor av fina priser att vinna\" \/>\n<meta name=\"robots\" content=\"index, follow, max-snippet:-1, max-image-preview:large, max-video-preview:-1\" \/>\n<link rel=\"canonical\" href=\"https:\/\/www.morbylanga.se\/ungnytt\/kom-och-fira-in-sommarlovet-tillsammans-med-fritidsgarden\/\" \/>\n<meta property=\"og:locale\" content=\"sv_SE\" \/>\n<meta property=\"og:type\" content=\"article\" \/>\n<meta property=\"og:title\" content=\"Kom och fira in sommarlovet tillsammans med fritidsg\u00e5rden - UngNytt\" \/>\n<meta property=\"og:description\" content=\"Fritidsg\u00e5rden arrangerar en sommarinspirerad femkamp under b\u00e5de torsdag och fredagskv\u00e4llen, d\u00e4r det finns massor av fina priser att vinna\" \/>\n<meta property=\"og:url\" content=\"https:\/\/www.morbylanga.se\/ungnytt\/kom-och-fira-in-sommarlovet-tillsammans-med-fritidsgarden\/\" \/>\n<meta property=\"og:site_name\" content=\"UngNytt\" \/>\n<meta property=\"article:published_time\" content=\"2024-06-13T07:37:40+00:00\" \/>\n<meta property=\"article:modified_time\" content=\"2024-06-13T07:39:45+00:00\" \/>\n<meta property=\"og:image\" content=\"https:\/\/www.morbylanga.se\/ungnytt\/wp-content\/uploads\/2024\/02\/f9563162rf-original-1122458-1024x683.jpg\" \/>\n\t<meta property=\"og:image:width\" content=\"1024\" \/>\n\t<meta property=\"og:image:height\" content=\"683\" \/>\n\t<meta property=\"og:image:type\" content=\"image\/jpeg\" \/>\n<meta name=\"author\" content=\"Emilia Gustafsson\" \/>\n<meta name=\"twitter:card\" content=\"summary_large_image\" \/>\n<meta name=\"twitter:label1\" content=\"Skriven av\" \/>\n\t<meta name=\"twitter:data1\" content=\"Emilia Gustafsson\" \/>\n\t<meta name=\"twitter:label2\" content=\"Ber\u00e4knad l\u00e4stid\" \/>\n\t<meta name=\"twitter:data2\" content=\"1 minut\" \/>\n<script type=\"application\/ld+json\" class=\"yoast-schema-graph\">{\"@context\":\"https:\/\/schema.org\",\"@graph\":[{\"@type\":\"Article\",\"@id\":\"https:\/\/www.morbylanga.se\/ungnytt\/kom-och-fira-in-sommarlovet-tillsammans-med-fritidsgarden\/#article\",\"isPartOf\":{\"@id\":\"https:\/\/www.morbylanga.se\/ungnytt\/kom-och-fira-in-sommarlovet-tillsammans-med-fritidsgarden\/\"},\"author\":{\"name\":\"Emilia Gustafsson\",\"@id\":\"https:\/\/www.morbylanga.se\/ungnytt\/#\/schema\/person\/85fa17ba36d9991cf2728a563e6b125e\"},\"headline\":\"Kom och fira in sommarlovet tillsammans med fritidsg\u00e5rden\",\"datePublished\":\"2024-06-13T07:37:40+00:00\",\"dateModified\":\"2024-06-13T07:39:45+00:00\",\"mainEntityOfPage\":{\"@id\":\"https:\/\/www.morbylanga.se\/ungnytt\/kom-och-fira-in-sommarlovet-tillsammans-med-fritidsgarden\/\"},\"wordCount\":89,\"commentCount\":0,\"image\":{\"@id\":\"https:\/\/www.morbylanga.se\/ungnytt\/kom-och-fira-in-sommarlovet-tillsammans-med-fritidsgarden\/#primaryimage\"},\"thumbnailUrl\":\"https:\/\/www.morbylanga.se\/ungnytt\/wp-content\/uploads\/2024\/02\/f9563162rf-original-1122458.jpg\",\"articleSection\":[\"Nyhet\"],\"inLanguage\":\"sv-SE\",\"potentialAction\":[{\"@type\":\"CommentAction\",\"name\":\"Comment\",\"target\":[\"https:\/\/www.morbylanga.se\/ungnytt\/kom-och-fira-in-sommarlovet-tillsammans-med-fritidsgarden\/#respond\"]}]},{\"@type\":\"WebPage\",\"@id\":\"https:\/\/www.morbylanga.se\/ungnytt\/kom-och-fira-in-sommarlovet-tillsammans-med-fritidsgarden\/\",\"url\":\"https:\/\/www.morbylanga.se\/ungnytt\/kom-och-fira-in-sommarlovet-tillsammans-med-fritidsgarden\/\",\"name\":\"Kom och fira in sommarlovet tillsammans med fritidsg\u00e5rden - UngNytt\",\"isPartOf\":{\"@id\":\"https:\/\/www.morbylanga.se\/ungnytt\/#website\"},\"primaryImageOfPage\":{\"@id\":\"https:\/\/www.morbylanga.se\/ungnytt\/kom-och-fira-in-sommarlovet-tillsammans-med-fritidsgarden\/#primaryimage\"},\"image\":{\"@id\":\"https:\/\/www.morbylanga.se\/ungnytt\/kom-och-fira-in-sommarlovet-tillsammans-med-fritidsgarden\/#primaryimage\"},\"thumbnailUrl\":\"https:\/\/www.morbylanga.se\/ungnytt\/wp-content\/uploads\/2024\/02\/f9563162rf-original-1122458.jpg\",\"datePublished\":\"2024-06-13T07:37:40+00:00\",\"dateModified\":\"2024-06-13T07:39:45+00:00\",\"author\":{\"@id\":\"https:\/\/www.morbylanga.se\/ungnytt\/#\/schema\/person\/85fa17ba36d9991cf2728a563e6b125e\"},\"description\":\"Fritidsg\u00e5rden arrangerar en sommarinspirerad femkamp under b\u00e5de torsdag och fredagskv\u00e4llen, d\u00e4r det finns massor av fina priser att vinna\",\"breadcrumb\":{\"@id\":\"https:\/\/www.morbylanga.se\/ungnytt\/kom-och-fira-in-sommarlovet-tillsammans-med-fritidsgarden\/#breadcrumb\"},\"inLanguage\":\"sv-SE\",\"potentialAction\":[{\"@type\":\"ReadAction\",\"target\":[\"https:\/\/www.morbylanga.se\/ungnytt\/kom-och-fira-in-sommarlovet-tillsammans-med-fritidsgarden\/\"]}]},{\"@type\":\"ImageObject\",\"inLanguage\":\"sv-SE\",\"@id\":\"https:\/\/www.morbylanga.se\/ungnytt\/kom-och-fira-in-sommarlovet-tillsammans-med-fritidsgarden\/#primaryimage\",\"url\":\"https:\/\/www.morbylanga.se\/ungnytt\/wp-content\/uploads\/2024\/02\/f9563162rf-original-1122458.jpg\",\"contentUrl\":\"https:\/\/www.morbylanga.se\/ungnytt\/wp-content\/uploads\/2024\/02\/f9563162rf-original-1122458.jpg\",\"width\":2500,\"height\":1667,\"caption\":\"Folio Images\"},{\"@type\":\"BreadcrumbList\",\"@id\":\"https:\/\/www.morbylanga.se\/ungnytt\/kom-och-fira-in-sommarlovet-tillsammans-med-fritidsgarden\/#breadcrumb\",\"itemListElement\":[{\"@type\":\"ListItem\",\"position\":1,\"name\":\"Hem\",\"item\":\"https:\/\/www.morbylanga.se\/ungnytt\/\"},{\"@type\":\"ListItem\",\"position\":2,\"name\":\"Kom och fira in sommarlovet tillsammans med fritidsg\u00e5rden\"}]},{\"@type\":\"WebSite\",\"@id\":\"https:\/\/www.morbylanga.se\/ungnytt\/#website\",\"url\":\"https:\/\/www.morbylanga.se\/ungnytt\/\",\"name\":\"UngNytt\",\"description\":\"Nyheter f\u00f6r och av unga i M\u00f6rbyl\u00e5nga kommun\",\"potentialAction\":[{\"@type\":\"SearchAction\",\"target\":{\"@type\":\"EntryPoint\",\"urlTemplate\":\"https:\/\/www.morbylanga.se\/ungnytt\/?s={search_term_string}\"},\"query-input\":{\"@type\":\"PropertyValueSpecification\",\"valueRequired\":true,\"valueName\":\"search_term_string\"}}],\"inLanguage\":\"sv-SE\"},{\"@type\":\"Person\",\"@id\":\"https:\/\/www.morbylanga.se\/ungnytt\/#\/schema\/person\/85fa17ba36d9991cf2728a563e6b125e\",\"name\":\"Emilia Gustafsson\",\"image\":{\"@type\":\"ImageObject\",\"inLanguage\":\"sv-SE\",\"@id\":\"https:\/\/secure.gravatar.com\/avatar\/47b944840caef41c736509a0d63698090bff37bcc0ea43fa61045285135ee4d5?s=96&d=mm&r=g\",\"url\":\"https:\/\/secure.gravatar.com\/avatar\/47b944840caef41c736509a0d63698090bff37bcc0ea43fa61045285135ee4d5?s=96&d=mm&r=g\",\"contentUrl\":\"https:\/\/secure.gravatar.com\/avatar\/47b944840caef41c736509a0d63698090bff37bcc0ea43fa61045285135ee4d5?s=96&d=mm&r=g\",\"caption\":\"Emilia Gustafsson\"},\"url\":\"https:\/\/www.morbylanga.se\/ungnytt\/author\/emilia-gustafsson\/\"}]}<\/script>\n<!-- \/ Yoast SEO plugin. -->","yoast_head_json":{"title":"Kom och fira in sommarlovet tillsammans med fritidsg\u00e5rden - UngNytt","description":"Fritidsg\u00e5rden arrangerar en sommarinspirerad femkamp under b\u00e5de torsdag och fredagskv\u00e4llen, d\u00e4r det finns massor av fina priser att vinna","robots":{"index":"index","follow":"follow","max-snippet":"max-snippet:-1","max-image-preview":"max-image-preview:large","max-video-preview":"max-video-preview:-1"},"canonical":"https:\/\/www.morbylanga.se\/ungnytt\/kom-och-fira-in-sommarlovet-tillsammans-med-fritidsgarden\/","og_locale":"sv_SE","og_type":"article","og_title":"Kom och fira in sommarlovet tillsammans med fritidsg\u00e5rden - UngNytt","og_description":"Fritidsg\u00e5rden arrangerar en sommarinspirerad femkamp under b\u00e5de torsdag och fredagskv\u00e4llen, d\u00e4r det finns massor av fina priser att vinna","og_url":"https:\/\/www.morbylanga.se\/ungnytt\/kom-och-fira-in-sommarlovet-tillsammans-med-fritidsgarden\/","og_site_name":"UngNytt","article_published_time":"2024-06-13T07:37:40+00:00","article_modified_time":"2024-06-13T07:39:45+00:00","og_image":[{"width":1024,"height":683,"url":"https:\/\/www.morbylanga.se\/ungnytt\/wp-content\/uploads\/2024\/02\/f9563162rf-original-1122458-1024x683.jpg","type":"image\/jpeg"}],"author":"Emilia Gustafsson","twitter_card":"summary_large_image","twitter_misc":{"Skriven av":"Emilia Gustafsson","Ber\u00e4knad l\u00e4stid":"1 minut"},"schema":{"@context":"https:\/\/schema.org","@graph":[{"@type":"Article","@id":"https:\/\/www.morbylanga.se\/ungnytt\/kom-och-fira-in-sommarlovet-tillsammans-med-fritidsgarden\/#article","isPartOf":{"@id":"https:\/\/www.morbylanga.se\/ungnytt\/kom-och-fira-in-sommarlovet-tillsammans-med-fritidsgarden\/"},"author":{"name":"Emilia Gustafsson","@id":"https:\/\/www.morbylanga.se\/ungnytt\/#\/schema\/person\/85fa17ba36d9991cf2728a563e6b125e"},"headline":"Kom och fira in sommarlovet tillsammans med fritidsg\u00e5rden","datePublished":"2024-06-13T07:37:40+00:00","dateModified":"2024-06-13T07:39:45+00:00","mainEntityOfPage":{"@id":"https:\/\/www.morbylanga.se\/ungnytt\/kom-och-fira-in-sommarlovet-tillsammans-med-fritidsgarden\/"},"wordCount":89,"commentCount":0,"image":{"@id":"https:\/\/www.morbylanga.se\/ungnytt\/kom-och-fira-in-sommarlovet-tillsammans-med-fritidsgarden\/#primaryimage"},"thumbnailUrl":"https:\/\/www.morbylanga.se\/ungnytt\/wp-content\/uploads\/2024\/02\/f9563162rf-original-1122458.jpg","articleSection":["Nyhet"],"inLanguage":"sv-SE","potentialAction":[{"@type":"CommentAction","name":"Comment","target":["https:\/\/www.morbylanga.se\/ungnytt\/kom-och-fira-in-sommarlovet-tillsammans-med-fritidsgarden\/#respond"]}]},{"@type":"WebPage","@id":"https:\/\/www.morbylanga.se\/ungnytt\/kom-och-fira-in-sommarlovet-tillsammans-med-fritidsgarden\/","url":"https:\/\/www.morbylanga.se\/ungnytt\/kom-och-fira-in-sommarlovet-tillsammans-med-fritidsgarden\/","name":"Kom och fira in sommarlovet tillsammans med fritidsg\u00e5rden - UngNytt","isPartOf":{"@id":"https:\/\/www.morbylanga.se\/ungnytt\/#website"},"primaryImageOfPage":{"@id":"https:\/\/www.morbylanga.se\/ungnytt\/kom-och-fira-in-sommarlovet-tillsammans-med-fritidsgarden\/#primaryimage"},"image":{"@id":"https:\/\/www.morbylanga.se\/ungnytt\/kom-och-fira-in-sommarlovet-tillsammans-med-fritidsgarden\/#primaryimage"},"thumbnailUrl":"https:\/\/www.morbylanga.se\/ungnytt\/wp-content\/uploads\/2024\/02\/f9563162rf-original-1122458.jpg","datePublished":"2024-06-13T07:37:40+00:00","dateModified":"2024-06-13T07:39:45+00:00","author":{"@id":"https:\/\/www.morbylanga.se\/ungnytt\/#\/schema\/person\/85fa17ba36d9991cf2728a563e6b125e"},"description":"Fritidsg\u00e5rden arrangerar en sommarinspirerad femkamp under b\u00e5de torsdag och fredagskv\u00e4llen, d\u00e4r det finns massor av fina priser att vinna","breadcrumb":{"@id":"https:\/\/www.morbylanga.se\/ungnytt\/kom-och-fira-in-sommarlovet-tillsammans-med-fritidsgarden\/#breadcrumb"},"inLanguage":"sv-SE","potentialAction":[{"@type":"ReadAction","target":["https:\/\/www.morbylanga.se\/ungnytt\/kom-och-fira-in-sommarlovet-tillsammans-med-fritidsgarden\/"]}]},{"@type":"ImageObject","inLanguage":"sv-SE","@id":"https:\/\/www.morbylanga.se\/ungnytt\/kom-och-fira-in-sommarlovet-tillsammans-med-fritidsgarden\/#primaryimage","url":"https:\/\/www.morbylanga.se\/ungnytt\/wp-content\/uploads\/2024\/02\/f9563162rf-original-1122458.jpg","contentUrl":"https:\/\/www.morbylanga.se\/ungnytt\/wp-content\/uploads\/2024\/02\/f9563162rf-original-1122458.jpg","width":2500,"height":1667,"caption":"Folio Images"},{"@type":"BreadcrumbList","@id":"https:\/\/www.morbylanga.se\/ungnytt\/kom-och-fira-in-sommarlovet-tillsammans-med-fritidsgarden\/#breadcrumb","itemListElement":[{"@type":"ListItem","position":1,"name":"Hem","item":"https:\/\/www.morbylanga.se\/ungnytt\/"},{"@type":"ListItem","position":2,"name":"Kom och fira in sommarlovet tillsammans med fritidsg\u00e5rden"}]},{"@type":"WebSite","@id":"https:\/\/www.morbylanga.se\/ungnytt\/#website","url":"https:\/\/www.morbylanga.se\/ungnytt\/","name":"UngNytt","description":"Nyheter f\u00f6r och av unga i M\u00f6rbyl\u00e5nga kommun","potentialAction":[{"@type":"SearchAction","target":{"@type":"EntryPoint","urlTemplate":"https:\/\/www.morbylanga.se\/ungnytt\/?s={search_term_string}"},"query-input":{"@type":"PropertyValueSpecification","valueRequired":true,"valueName":"search_term_string"}}],"inLanguage":"sv-SE"},{"@type":"Person","@id":"https:\/\/www.morbylanga.se\/ungnytt\/#\/schema\/person\/85fa17ba36d9991cf2728a563e6b125e","name":"Emilia Gustafsson","image":{"@type":"ImageObject","inLanguage":"sv-SE","@id":"https:\/\/secure.gravatar.com\/avatar\/47b944840caef41c736509a0d63698090bff37bcc0ea43fa61045285135ee4d5?s=96&d=mm&r=g","url":"https:\/\/secure.gravatar.com\/avatar\/47b944840caef41c736509a0d63698090bff37bcc0ea43fa61045285135ee4d5?s=96&d=mm&r=g","contentUrl":"https:\/\/secure.gravatar.com\/avatar\/47b944840caef41c736509a0d63698090bff37bcc0ea43fa61045285135ee4d5?s=96&d=mm&r=g","caption":"Emilia Gustafsson"},"url":"https:\/\/www.morbylanga.se\/ungnytt\/author\/emilia-gustafsson\/"}]}},"primary_category":{"term_id":1,"name":"Nyhet","slug":"nyhet","term_group":0,"term_taxonomy_id":1,"taxonomy":"category","description":"Nyhetsartiklar presenterar objektivt aktuella h\u00e4ndelser och nyheter. De ger vanligtvis information om vem, vad, var, n\u00e4r och varf\u00f6r h\u00e4ndelsen \u00e4gde rum. Nyhetsartiklar fokuserar p\u00e5 att rapportera fakta utan att inkludera personliga \u00e5sikter eller tolkningar.","parent":0,"count":49,"filter":"raw"},"_links":{"self":[{"href":"https:\/\/www.morbylanga.se\/ungnytt\/wp-json\/wp\/v2\/posts\/691","targetHints":{"allow":["GET"]}}],"collection":[{"href":"https:\/\/www.morbylanga.se\/ungnytt\/wp-json\/wp\/v2\/posts"}],"about":[{"href":"https:\/\/www.morbylanga.se\/ungnytt\/wp-json\/wp\/v2\/types\/post"}],"author":[{"embeddable":true,"href":"https:\/\/www.morbylanga.se\/ungnytt\/wp-json\/wp\/v2\/users\/3"}],"replies":[{"embeddable":true,"href":"https:\/\/www.morbylanga.se\/ungnytt\/wp-json\/wp\/v2\/comments?post=691"}],"version-history":[{"count":4,"href":"https:\/\/www.morbylanga.se\/ungnytt\/wp-json\/wp\/v2\/posts\/691\/revisions"}],"predecessor-version":[{"id":695,"href":"https:\/\/www.morbylanga.se\/ungnytt\/wp-json\/wp\/v2\/posts\/691\/revisions\/695"}],"wp:featuredmedia":[{"embeddable":true,"href":"https:\/\/www.morbylanga.se\/ungnytt\/wp-json\/wp\/v2\/media\/175"}],"wp:attachment":[{"href":"https:\/\/www.morbylanga.se\/ungnytt\/wp-json\/wp\/v2\/media?parent=691"}],"wp:term":[{"taxonomy":"category","embeddable":true,"href":"https:\/\/www.morbylanga.se\/ungnytt\/wp-json\/wp\/v2\/categories?post=691"}],"curies":[{"name":"wp","href":"https:\/\/api.w.org\/{rel}","templated":true}]}}