{"id":634,"date":"2024-04-30T10:25:45","date_gmt":"2024-04-30T08:25:45","guid":{"rendered":"https:\/\/www.morbylanga.se\/ungnytt\/?p=634"},"modified":"2024-04-30T11:33:44","modified_gmt":"2024-04-30T09:33:44","slug":"valborgsmassoafton-en-festlig-tradition-for-varen-%f0%9f%8c%b8%f0%9f%94%a5","status":"publish","type":"post","link":"https:\/\/www.morbylanga.se\/ungnytt\/valborgsmassoafton-en-festlig-tradition-for-varen-%f0%9f%8c%b8%f0%9f%94%a5\/","title":{"rendered":"Valborgsm\u00e4ssoafton- en festlig tradition f\u00f6r v\u00e5ren! \ud83c\udf38\ud83d\udd25"},"content":{"rendered":"<h3>Eldar och V\u00e5rvisor<\/h3>\n<p>P\u00e5 Valborgsm\u00e4ssoafton t\u00e4nder vi eldar och sjunger glada v\u00e5rvisor. <strong>Varf\u00f6r g\u00f6r vi det?<\/strong> Historiskt sett trodde m\u00e4nniskor att onda krafter var extra aktiva just denna kv\u00e4ll. F\u00f6r att skr\u00e4mma bort dem t\u00e4nde man eldar. Eldarna hade ocks\u00e5 en praktisk funktion \u2013 de skyddade boskapen som sl\u00e4pptes ut p\u00e5 bete fr\u00e5n rovdjur.<\/p>\n<h3>En L\u00e5ng Historia<\/h3>\n<p>Valborgsm\u00e4ssoafton har en sp\u00e4nnande bakgrund. Redan under Sveriges katolska medeltid firade man den 1 maj till minne av tv\u00e5 av Jesus apostlar, Jakob och Filippos. P\u00e5 1400-talet blev dagen en helgondag till\u00e4gnad Sankta Valborg. D\u00e5 festade man ordentligt, \u00e5t gott och hade roligt. Hantverksgillen och k\u00f6pm\u00e4nnen h\u00f6ll stora fester, och \u00e4ven i byar runt om i landet firade man f\u00f6rsta maj. F\u00f6r bonden var det den f\u00f6rsta dagen p\u00e5 sommaren, och djuren sl\u00e4pptes ut p\u00e5 bete.<\/p>\n<h3>V\u00e4lkomna V\u00e5ren Tillsammans!<\/h3>\n<p>S\u00e5 n\u00e4sta g\u00e5ng du ser en majbrasa eller h\u00f6r v\u00e5rvisor p\u00e5 Valborgsm\u00e4ssoafton, t\u00e4nk p\u00e5 alla de gamla traditionerna och hur vi v\u00e4lkomnar v\u00e5ren tillsammans! \ud83c\udf38\ud83d\udd25<\/p>\n","protected":false},"excerpt":{"rendered":"<p>Eldar och V\u00e5rvisor P\u00e5 Valborgsm\u00e4ssoafton t\u00e4nder vi eldar och sjunger glada v\u00e5rvisor. Varf\u00f6r g\u00f6r vi det? Historiskt sett trodde m\u00e4nniskor att onda krafter var extra aktiva just denna kv\u00e4ll. F\u00f6r att skr\u00e4mma bort dem t\u00e4nde man eldar. Eldarna hade ocks\u00e5 en praktisk funktion \u2013 de skyddade boskapen som sl\u00e4pptes ut p\u00e5 bete fr\u00e5n rovdjur. En [&hellip;]<\/p>\n","protected":false},"author":3,"featured_media":639,"comment_status":"open","ping_status":"open","sticky":false,"template":"","format":"standard","meta":{"_acf_changed":false,"footnotes":""},"categories":[1],"class_list":["post-634","post","type-post","status-publish","format-standard","has-post-thumbnail","hentry","category-nyhet"],"acf":{"news_thumbnail_video":"","show_news_thumbnail_in_post":true,"news_related_content_title":"Relaterat inneh\u00e5ll","news_related_content":[586,607],"preamble":"Idag firar vi Valborgsm\u00e4ssoafton, en speciell dag som markerar \u00f6verg\u00e5ngen fr\u00e5n vinter till v\u00e5r. H\u00e4r \u00e4r allt du beh\u00f6ver veta om denna festliga tradition!"},"yoast_head":"<!-- This site is optimized with the Yoast SEO plugin v27.2 - https:\/\/yoast.com\/product\/yoast-seo-wordpress\/ -->\n<title>Valborgsm\u00e4ssoafton- en festlig tradition f\u00f6r v\u00e5ren! \ud83c\udf38\ud83d\udd25 - UngNytt<\/title>\n<meta name=\"robots\" content=\"index, follow, max-snippet:-1, max-image-preview:large, max-video-preview:-1\" \/>\n<link rel=\"canonical\" href=\"https:\/\/www.morbylanga.se\/ungnytt\/valborgsmassoafton-en-festlig-tradition-for-varen-\ud83c\udf38\ud83d\udd25\/\" \/>\n<meta property=\"og:locale\" content=\"sv_SE\" \/>\n<meta property=\"og:type\" content=\"article\" \/>\n<meta property=\"og:title\" content=\"Valborgsm\u00e4ssoafton- en festlig tradition f\u00f6r v\u00e5ren! \ud83c\udf38\ud83d\udd25 - UngNytt\" \/>\n<meta property=\"og:description\" content=\"Eldar och V\u00e5rvisor P\u00e5 Valborgsm\u00e4ssoafton t\u00e4nder vi eldar och sjunger glada v\u00e5rvisor. Varf\u00f6r g\u00f6r vi det? Historiskt sett trodde m\u00e4nniskor att onda krafter var extra aktiva just denna kv\u00e4ll. F\u00f6r att skr\u00e4mma bort dem t\u00e4nde man eldar. Eldarna hade ocks\u00e5 en praktisk funktion \u2013 de skyddade boskapen som sl\u00e4pptes ut p\u00e5 bete fr\u00e5n rovdjur. En [&hellip;]\" \/>\n<meta property=\"og:url\" content=\"https:\/\/www.morbylanga.se\/ungnytt\/valborgsmassoafton-en-festlig-tradition-for-varen-\ud83c\udf38\ud83d\udd25\/\" \/>\n<meta property=\"og:site_name\" content=\"UngNytt\" \/>\n<meta property=\"article:published_time\" content=\"2024-04-30T08:25:45+00:00\" \/>\n<meta property=\"article:modified_time\" content=\"2024-04-30T09:33:44+00:00\" \/>\n<meta property=\"og:image\" content=\"https:\/\/www.morbylanga.se\/ungnytt\/wp-content\/uploads\/2024\/04\/pexels-atomlaborblog-776113-scaled.jpg\" \/>\n\t<meta property=\"og:image:width\" content=\"2560\" \/>\n\t<meta property=\"og:image:height\" content=\"1441\" \/>\n\t<meta property=\"og:image:type\" content=\"image\/jpeg\" \/>\n<meta name=\"author\" content=\"Emilia Gustafsson\" \/>\n<meta name=\"twitter:card\" content=\"summary_large_image\" \/>\n<meta name=\"twitter:label1\" content=\"Skriven av\" \/>\n\t<meta name=\"twitter:data1\" content=\"Emilia Gustafsson\" \/>\n\t<meta name=\"twitter:label2\" content=\"Ber\u00e4knad l\u00e4stid\" \/>\n\t<meta name=\"twitter:data2\" content=\"2 minuter\" \/>\n<script type=\"application\/ld+json\" class=\"yoast-schema-graph\">{\"@context\":\"https:\/\/schema.org\",\"@graph\":[{\"@type\":\"Article\",\"@id\":\"https:\/\/www.morbylanga.se\/ungnytt\/valborgsmassoafton-en-festlig-tradition-for-varen-%f0%9f%8c%b8%f0%9f%94%a5\/#article\",\"isPartOf\":{\"@id\":\"https:\/\/www.morbylanga.se\/ungnytt\/valborgsmassoafton-en-festlig-tradition-for-varen-%f0%9f%8c%b8%f0%9f%94%a5\/\"},\"author\":{\"name\":\"Emilia Gustafsson\",\"@id\":\"https:\/\/www.morbylanga.se\/ungnytt\/#\/schema\/person\/85fa17ba36d9991cf2728a563e6b125e\"},\"headline\":\"Valborgsm\u00e4ssoafton- en festlig tradition f\u00f6r v\u00e5ren! \ud83c\udf38\ud83d\udd25\",\"datePublished\":\"2024-04-30T08:25:45+00:00\",\"dateModified\":\"2024-04-30T09:33:44+00:00\",\"mainEntityOfPage\":{\"@id\":\"https:\/\/www.morbylanga.se\/ungnytt\/valborgsmassoafton-en-festlig-tradition-for-varen-%f0%9f%8c%b8%f0%9f%94%a5\/\"},\"wordCount\":201,\"commentCount\":0,\"image\":{\"@id\":\"https:\/\/www.morbylanga.se\/ungnytt\/valborgsmassoafton-en-festlig-tradition-for-varen-%f0%9f%8c%b8%f0%9f%94%a5\/#primaryimage\"},\"thumbnailUrl\":\"https:\/\/www.morbylanga.se\/ungnytt\/wp-content\/uploads\/2024\/04\/pexels-atomlaborblog-776113-scaled.jpg\",\"articleSection\":[\"Nyhet\"],\"inLanguage\":\"sv-SE\",\"potentialAction\":[{\"@type\":\"CommentAction\",\"name\":\"Comment\",\"target\":[\"https:\/\/www.morbylanga.se\/ungnytt\/valborgsmassoafton-en-festlig-tradition-for-varen-%f0%9f%8c%b8%f0%9f%94%a5\/#respond\"]}]},{\"@type\":\"WebPage\",\"@id\":\"https:\/\/www.morbylanga.se\/ungnytt\/valborgsmassoafton-en-festlig-tradition-for-varen-%f0%9f%8c%b8%f0%9f%94%a5\/\",\"url\":\"https:\/\/www.morbylanga.se\/ungnytt\/valborgsmassoafton-en-festlig-tradition-for-varen-%f0%9f%8c%b8%f0%9f%94%a5\/\",\"name\":\"Valborgsm\u00e4ssoafton- en festlig tradition f\u00f6r v\u00e5ren! \ud83c\udf38\ud83d\udd25 - UngNytt\",\"isPartOf\":{\"@id\":\"https:\/\/www.morbylanga.se\/ungnytt\/#website\"},\"primaryImageOfPage\":{\"@id\":\"https:\/\/www.morbylanga.se\/ungnytt\/valborgsmassoafton-en-festlig-tradition-for-varen-%f0%9f%8c%b8%f0%9f%94%a5\/#primaryimage\"},\"image\":{\"@id\":\"https:\/\/www.morbylanga.se\/ungnytt\/valborgsmassoafton-en-festlig-tradition-for-varen-%f0%9f%8c%b8%f0%9f%94%a5\/#primaryimage\"},\"thumbnailUrl\":\"https:\/\/www.morbylanga.se\/ungnytt\/wp-content\/uploads\/2024\/04\/pexels-atomlaborblog-776113-scaled.jpg\",\"datePublished\":\"2024-04-30T08:25:45+00:00\",\"dateModified\":\"2024-04-30T09:33:44+00:00\",\"author\":{\"@id\":\"https:\/\/www.morbylanga.se\/ungnytt\/#\/schema\/person\/85fa17ba36d9991cf2728a563e6b125e\"},\"breadcrumb\":{\"@id\":\"https:\/\/www.morbylanga.se\/ungnytt\/valborgsmassoafton-en-festlig-tradition-for-varen-%f0%9f%8c%b8%f0%9f%94%a5\/#breadcrumb\"},\"inLanguage\":\"sv-SE\",\"potentialAction\":[{\"@type\":\"ReadAction\",\"target\":[\"https:\/\/www.morbylanga.se\/ungnytt\/valborgsmassoafton-en-festlig-tradition-for-varen-%f0%9f%8c%b8%f0%9f%94%a5\/\"]}]},{\"@type\":\"ImageObject\",\"inLanguage\":\"sv-SE\",\"@id\":\"https:\/\/www.morbylanga.se\/ungnytt\/valborgsmassoafton-en-festlig-tradition-for-varen-%f0%9f%8c%b8%f0%9f%94%a5\/#primaryimage\",\"url\":\"https:\/\/www.morbylanga.se\/ungnytt\/wp-content\/uploads\/2024\/04\/pexels-atomlaborblog-776113-scaled.jpg\",\"contentUrl\":\"https:\/\/www.morbylanga.se\/ungnytt\/wp-content\/uploads\/2024\/04\/pexels-atomlaborblog-776113-scaled.jpg\",\"width\":2560,\"height\":1441},{\"@type\":\"BreadcrumbList\",\"@id\":\"https:\/\/www.morbylanga.se\/ungnytt\/valborgsmassoafton-en-festlig-tradition-for-varen-%f0%9f%8c%b8%f0%9f%94%a5\/#breadcrumb\",\"itemListElement\":[{\"@type\":\"ListItem\",\"position\":1,\"name\":\"Hem\",\"item\":\"https:\/\/www.morbylanga.se\/ungnytt\/\"},{\"@type\":\"ListItem\",\"position\":2,\"name\":\"Valborgsm\u00e4ssoafton- en festlig tradition f\u00f6r v\u00e5ren! \ud83c\udf38\ud83d\udd25\"}]},{\"@type\":\"WebSite\",\"@id\":\"https:\/\/www.morbylanga.se\/ungnytt\/#website\",\"url\":\"https:\/\/www.morbylanga.se\/ungnytt\/\",\"name\":\"UngNytt\",\"description\":\"Nyheter f\u00f6r och av unga i M\u00f6rbyl\u00e5nga kommun\",\"potentialAction\":[{\"@type\":\"SearchAction\",\"target\":{\"@type\":\"EntryPoint\",\"urlTemplate\":\"https:\/\/www.morbylanga.se\/ungnytt\/?s={search_term_string}\"},\"query-input\":{\"@type\":\"PropertyValueSpecification\",\"valueRequired\":true,\"valueName\":\"search_term_string\"}}],\"inLanguage\":\"sv-SE\"},{\"@type\":\"Person\",\"@id\":\"https:\/\/www.morbylanga.se\/ungnytt\/#\/schema\/person\/85fa17ba36d9991cf2728a563e6b125e\",\"name\":\"Emilia Gustafsson\",\"image\":{\"@type\":\"ImageObject\",\"inLanguage\":\"sv-SE\",\"@id\":\"https:\/\/secure.gravatar.com\/avatar\/47b944840caef41c736509a0d63698090bff37bcc0ea43fa61045285135ee4d5?s=96&d=mm&r=g\",\"url\":\"https:\/\/secure.gravatar.com\/avatar\/47b944840caef41c736509a0d63698090bff37bcc0ea43fa61045285135ee4d5?s=96&d=mm&r=g\",\"contentUrl\":\"https:\/\/secure.gravatar.com\/avatar\/47b944840caef41c736509a0d63698090bff37bcc0ea43fa61045285135ee4d5?s=96&d=mm&r=g\",\"caption\":\"Emilia Gustafsson\"},\"url\":\"https:\/\/www.morbylanga.se\/ungnytt\/author\/emilia-gustafsson\/\"}]}<\/script>\n<!-- \/ Yoast SEO plugin. -->","yoast_head_json":{"title":"Valborgsm\u00e4ssoafton- en festlig tradition f\u00f6r v\u00e5ren! \ud83c\udf38\ud83d\udd25 - UngNytt","robots":{"index":"index","follow":"follow","max-snippet":"max-snippet:-1","max-image-preview":"max-image-preview:large","max-video-preview":"max-video-preview:-1"},"canonical":"https:\/\/www.morbylanga.se\/ungnytt\/valborgsmassoafton-en-festlig-tradition-for-varen-\ud83c\udf38\ud83d\udd25\/","og_locale":"sv_SE","og_type":"article","og_title":"Valborgsm\u00e4ssoafton- en festlig tradition f\u00f6r v\u00e5ren! \ud83c\udf38\ud83d\udd25 - UngNytt","og_description":"Eldar och V\u00e5rvisor P\u00e5 Valborgsm\u00e4ssoafton t\u00e4nder vi eldar och sjunger glada v\u00e5rvisor. Varf\u00f6r g\u00f6r vi det? Historiskt sett trodde m\u00e4nniskor att onda krafter var extra aktiva just denna kv\u00e4ll. F\u00f6r att skr\u00e4mma bort dem t\u00e4nde man eldar. Eldarna hade ocks\u00e5 en praktisk funktion \u2013 de skyddade boskapen som sl\u00e4pptes ut p\u00e5 bete fr\u00e5n rovdjur. En [&hellip;]","og_url":"https:\/\/www.morbylanga.se\/ungnytt\/valborgsmassoafton-en-festlig-tradition-for-varen-\ud83c\udf38\ud83d\udd25\/","og_site_name":"UngNytt","article_published_time":"2024-04-30T08:25:45+00:00","article_modified_time":"2024-04-30T09:33:44+00:00","og_image":[{"width":2560,"height":1441,"url":"https:\/\/www.morbylanga.se\/ungnytt\/wp-content\/uploads\/2024\/04\/pexels-atomlaborblog-776113-scaled.jpg","type":"image\/jpeg"}],"author":"Emilia Gustafsson","twitter_card":"summary_large_image","twitter_misc":{"Skriven av":"Emilia Gustafsson","Ber\u00e4knad l\u00e4stid":"2 minuter"},"schema":{"@context":"https:\/\/schema.org","@graph":[{"@type":"Article","@id":"https:\/\/www.morbylanga.se\/ungnytt\/valborgsmassoafton-en-festlig-tradition-for-varen-%f0%9f%8c%b8%f0%9f%94%a5\/#article","isPartOf":{"@id":"https:\/\/www.morbylanga.se\/ungnytt\/valborgsmassoafton-en-festlig-tradition-for-varen-%f0%9f%8c%b8%f0%9f%94%a5\/"},"author":{"name":"Emilia Gustafsson","@id":"https:\/\/www.morbylanga.se\/ungnytt\/#\/schema\/person\/85fa17ba36d9991cf2728a563e6b125e"},"headline":"Valborgsm\u00e4ssoafton- en festlig tradition f\u00f6r v\u00e5ren! \ud83c\udf38\ud83d\udd25","datePublished":"2024-04-30T08:25:45+00:00","dateModified":"2024-04-30T09:33:44+00:00","mainEntityOfPage":{"@id":"https:\/\/www.morbylanga.se\/ungnytt\/valborgsmassoafton-en-festlig-tradition-for-varen-%f0%9f%8c%b8%f0%9f%94%a5\/"},"wordCount":201,"commentCount":0,"image":{"@id":"https:\/\/www.morbylanga.se\/ungnytt\/valborgsmassoafton-en-festlig-tradition-for-varen-%f0%9f%8c%b8%f0%9f%94%a5\/#primaryimage"},"thumbnailUrl":"https:\/\/www.morbylanga.se\/ungnytt\/wp-content\/uploads\/2024\/04\/pexels-atomlaborblog-776113-scaled.jpg","articleSection":["Nyhet"],"inLanguage":"sv-SE","potentialAction":[{"@type":"CommentAction","name":"Comment","target":["https:\/\/www.morbylanga.se\/ungnytt\/valborgsmassoafton-en-festlig-tradition-for-varen-%f0%9f%8c%b8%f0%9f%94%a5\/#respond"]}]},{"@type":"WebPage","@id":"https:\/\/www.morbylanga.se\/ungnytt\/valborgsmassoafton-en-festlig-tradition-for-varen-%f0%9f%8c%b8%f0%9f%94%a5\/","url":"https:\/\/www.morbylanga.se\/ungnytt\/valborgsmassoafton-en-festlig-tradition-for-varen-%f0%9f%8c%b8%f0%9f%94%a5\/","name":"Valborgsm\u00e4ssoafton- en festlig tradition f\u00f6r v\u00e5ren! \ud83c\udf38\ud83d\udd25 - UngNytt","isPartOf":{"@id":"https:\/\/www.morbylanga.se\/ungnytt\/#website"},"primaryImageOfPage":{"@id":"https:\/\/www.morbylanga.se\/ungnytt\/valborgsmassoafton-en-festlig-tradition-for-varen-%f0%9f%8c%b8%f0%9f%94%a5\/#primaryimage"},"image":{"@id":"https:\/\/www.morbylanga.se\/ungnytt\/valborgsmassoafton-en-festlig-tradition-for-varen-%f0%9f%8c%b8%f0%9f%94%a5\/#primaryimage"},"thumbnailUrl":"https:\/\/www.morbylanga.se\/ungnytt\/wp-content\/uploads\/2024\/04\/pexels-atomlaborblog-776113-scaled.jpg","datePublished":"2024-04-30T08:25:45+00:00","dateModified":"2024-04-30T09:33:44+00:00","author":{"@id":"https:\/\/www.morbylanga.se\/ungnytt\/#\/schema\/person\/85fa17ba36d9991cf2728a563e6b125e"},"breadcrumb":{"@id":"https:\/\/www.morbylanga.se\/ungnytt\/valborgsmassoafton-en-festlig-tradition-for-varen-%f0%9f%8c%b8%f0%9f%94%a5\/#breadcrumb"},"inLanguage":"sv-SE","potentialAction":[{"@type":"ReadAction","target":["https:\/\/www.morbylanga.se\/ungnytt\/valborgsmassoafton-en-festlig-tradition-for-varen-%f0%9f%8c%b8%f0%9f%94%a5\/"]}]},{"@type":"ImageObject","inLanguage":"sv-SE","@id":"https:\/\/www.morbylanga.se\/ungnytt\/valborgsmassoafton-en-festlig-tradition-for-varen-%f0%9f%8c%b8%f0%9f%94%a5\/#primaryimage","url":"https:\/\/www.morbylanga.se\/ungnytt\/wp-content\/uploads\/2024\/04\/pexels-atomlaborblog-776113-scaled.jpg","contentUrl":"https:\/\/www.morbylanga.se\/ungnytt\/wp-content\/uploads\/2024\/04\/pexels-atomlaborblog-776113-scaled.jpg","width":2560,"height":1441},{"@type":"BreadcrumbList","@id":"https:\/\/www.morbylanga.se\/ungnytt\/valborgsmassoafton-en-festlig-tradition-for-varen-%f0%9f%8c%b8%f0%9f%94%a5\/#breadcrumb","itemListElement":[{"@type":"ListItem","position":1,"name":"Hem","item":"https:\/\/www.morbylanga.se\/ungnytt\/"},{"@type":"ListItem","position":2,"name":"Valborgsm\u00e4ssoafton- en festlig tradition f\u00f6r v\u00e5ren! \ud83c\udf38\ud83d\udd25"}]},{"@type":"WebSite","@id":"https:\/\/www.morbylanga.se\/ungnytt\/#website","url":"https:\/\/www.morbylanga.se\/ungnytt\/","name":"UngNytt","description":"Nyheter f\u00f6r och av unga i M\u00f6rbyl\u00e5nga kommun","potentialAction":[{"@type":"SearchAction","target":{"@type":"EntryPoint","urlTemplate":"https:\/\/www.morbylanga.se\/ungnytt\/?s={search_term_string}"},"query-input":{"@type":"PropertyValueSpecification","valueRequired":true,"valueName":"search_term_string"}}],"inLanguage":"sv-SE"},{"@type":"Person","@id":"https:\/\/www.morbylanga.se\/ungnytt\/#\/schema\/person\/85fa17ba36d9991cf2728a563e6b125e","name":"Emilia Gustafsson","image":{"@type":"ImageObject","inLanguage":"sv-SE","@id":"https:\/\/secure.gravatar.com\/avatar\/47b944840caef41c736509a0d63698090bff37bcc0ea43fa61045285135ee4d5?s=96&d=mm&r=g","url":"https:\/\/secure.gravatar.com\/avatar\/47b944840caef41c736509a0d63698090bff37bcc0ea43fa61045285135ee4d5?s=96&d=mm&r=g","contentUrl":"https:\/\/secure.gravatar.com\/avatar\/47b944840caef41c736509a0d63698090bff37bcc0ea43fa61045285135ee4d5?s=96&d=mm&r=g","caption":"Emilia Gustafsson"},"url":"https:\/\/www.morbylanga.se\/ungnytt\/author\/emilia-gustafsson\/"}]}},"primary_category":{"term_id":1,"name":"Nyhet","slug":"nyhet","term_group":0,"term_taxonomy_id":1,"taxonomy":"category","description":"Nyhetsartiklar presenterar objektivt aktuella h\u00e4ndelser och nyheter. De ger vanligtvis information om vem, vad, var, n\u00e4r och varf\u00f6r h\u00e4ndelsen \u00e4gde rum. Nyhetsartiklar fokuserar p\u00e5 att rapportera fakta utan att inkludera personliga \u00e5sikter eller tolkningar.","parent":0,"count":49,"filter":"raw"},"_links":{"self":[{"href":"https:\/\/www.morbylanga.se\/ungnytt\/wp-json\/wp\/v2\/posts\/634","targetHints":{"allow":["GET"]}}],"collection":[{"href":"https:\/\/www.morbylanga.se\/ungnytt\/wp-json\/wp\/v2\/posts"}],"about":[{"href":"https:\/\/www.morbylanga.se\/ungnytt\/wp-json\/wp\/v2\/types\/post"}],"author":[{"embeddable":true,"href":"https:\/\/www.morbylanga.se\/ungnytt\/wp-json\/wp\/v2\/users\/3"}],"replies":[{"embeddable":true,"href":"https:\/\/www.morbylanga.se\/ungnytt\/wp-json\/wp\/v2\/comments?post=634"}],"version-history":[{"count":9,"href":"https:\/\/www.morbylanga.se\/ungnytt\/wp-json\/wp\/v2\/posts\/634\/revisions"}],"predecessor-version":[{"id":652,"href":"https:\/\/www.morbylanga.se\/ungnytt\/wp-json\/wp\/v2\/posts\/634\/revisions\/652"}],"acf:post":[{"embeddable":true,"href":"https:\/\/www.morbylanga.se\/ungnytt\/wp-json\/wp\/v2\/posts\/607"},{"embeddable":true,"href":"https:\/\/www.morbylanga.se\/ungnytt\/wp-json\/wp\/v2\/posts\/586"}],"wp:featuredmedia":[{"embeddable":true,"href":"https:\/\/www.morbylanga.se\/ungnytt\/wp-json\/wp\/v2\/media\/639"}],"wp:attachment":[{"href":"https:\/\/www.morbylanga.se\/ungnytt\/wp-json\/wp\/v2\/media?parent=634"}],"wp:term":[{"taxonomy":"category","embeddable":true,"href":"https:\/\/www.morbylanga.se\/ungnytt\/wp-json\/wp\/v2\/categories?post=634"}],"curies":[{"name":"wp","href":"https:\/\/api.w.org\/{rel}","templated":true}]}}