{"id":607,"date":"2024-04-26T11:41:50","date_gmt":"2024-04-26T09:41:50","guid":{"rendered":"https:\/\/www.morbylanga.se\/ungnytt\/?p=607"},"modified":"2024-04-26T11:41:50","modified_gmt":"2024-04-26T09:41:50","slug":"i-fel-sallskap-av-viveca-sten","status":"publish","type":"post","link":"https:\/\/www.morbylanga.se\/ungnytt\/i-fel-sallskap-av-viveca-sten\/","title":{"rendered":"I fel s\u00e4llskap av Viveca Sten"},"content":{"rendered":"<p>Man f\u00e5r en inblick i m\u00e4nniskors ondska och svagheter och de s\u00e5r man b\u00e4r med sig fr\u00e5n barndomen. Den ing\u00e5r i en serie d\u00e4r man f\u00e5r f\u00f6lja \u00e5klagaren Nora Linde och polisen Thomas Andreasson.<\/p>\n<p>Jag rekommenderar denna boken\/serie fr\u00e5n Viveca Sten till alla som vill ha sp\u00e4nning i sin l\u00e4sning. Den \u00e4r sv\u00e5r att sluta l\u00e4sa n\u00e4r man v\u00e4l har b\u00f6rjat \ud83d\ude0a<\/p>\n<p>Med v\u00e4nlig h\u00e4lsning,<br \/>\nAmanda Lind<\/p>\n","protected":false},"excerpt":{"rendered":"<p>Man f\u00e5r en inblick i m\u00e4nniskors ondska och svagheter och de s\u00e5r man b\u00e4r med sig fr\u00e5n barndomen. Den ing\u00e5r i en serie d\u00e4r man f\u00e5r f\u00f6lja \u00e5klagaren Nora Linde och polisen Thomas Andreasson. Jag rekommenderar denna boken\/serie fr\u00e5n Viveca Sten till alla som vill ha sp\u00e4nning i sin l\u00e4sning. Den \u00e4r sv\u00e5r att sluta [&hellip;]<\/p>\n","protected":false},"author":3,"featured_media":611,"comment_status":"open","ping_status":"open","sticky":false,"template":"","format":"standard","meta":{"_acf_changed":false,"footnotes":""},"categories":[19],"class_list":["post-607","post","type-post","status-publish","format-standard","has-post-thumbnail","hentry","category-recension"],"acf":{"news_thumbnail_video":"","show_news_thumbnail_in_post":true,"news_related_content_title":"Relaterat inneh\u00e5ll","news_related_content":[586,598],"preamble":"Hej allihopa \ud83d\udc4b\ud83c\udffc Mitt namn \u00e4r Amanda Lind, 23 \u00e5r gammal och spelar i FBC Kalmarsund! Just nu l\u00e4ser jag denna boken \u201dI fel s\u00e4llskap\u201d av Viveca Sten. Det \u00e4r en sp\u00e4nnande kriminalroman som jag fastnade f\u00f6r direkt n\u00e4r jag b\u00f6rjade att l\u00e4sa."},"yoast_head":"<!-- This site is optimized with the Yoast SEO plugin v27.2 - https:\/\/yoast.com\/product\/yoast-seo-wordpress\/ -->\n<title>I fel s\u00e4llskap av Viveca Sten - UngNytt<\/title>\n<meta name=\"robots\" content=\"index, follow, max-snippet:-1, max-image-preview:large, max-video-preview:-1\" \/>\n<link rel=\"canonical\" href=\"https:\/\/www.morbylanga.se\/ungnytt\/i-fel-sallskap-av-viveca-sten\/\" \/>\n<meta property=\"og:locale\" content=\"sv_SE\" \/>\n<meta property=\"og:type\" content=\"article\" \/>\n<meta property=\"og:title\" content=\"I fel s\u00e4llskap av Viveca Sten - UngNytt\" \/>\n<meta property=\"og:description\" content=\"Man f\u00e5r en inblick i m\u00e4nniskors ondska och svagheter och de s\u00e5r man b\u00e4r med sig fr\u00e5n barndomen. Den ing\u00e5r i en serie d\u00e4r man f\u00e5r f\u00f6lja \u00e5klagaren Nora Linde och polisen Thomas Andreasson. Jag rekommenderar denna boken\/serie fr\u00e5n Viveca Sten till alla som vill ha sp\u00e4nning i sin l\u00e4sning. Den \u00e4r sv\u00e5r att sluta [&hellip;]\" \/>\n<meta property=\"og:url\" content=\"https:\/\/www.morbylanga.se\/ungnytt\/i-fel-sallskap-av-viveca-sten\/\" \/>\n<meta property=\"og:site_name\" content=\"UngNytt\" \/>\n<meta property=\"article:published_time\" content=\"2024-04-26T09:41:50+00:00\" \/>\n<meta property=\"og:image\" content=\"https:\/\/www.morbylanga.se\/ungnytt\/wp-content\/uploads\/2024\/04\/amanda-scaled-e1714124482289.jpeg\" \/>\n\t<meta property=\"og:image:width\" content=\"1920\" \/>\n\t<meta property=\"og:image:height\" content=\"2116\" \/>\n\t<meta property=\"og:image:type\" content=\"image\/jpeg\" \/>\n<meta name=\"author\" content=\"Emilia Gustafsson\" \/>\n<meta name=\"twitter:card\" content=\"summary_large_image\" \/>\n<meta name=\"twitter:label1\" content=\"Skriven av\" \/>\n\t<meta name=\"twitter:data1\" content=\"Emilia Gustafsson\" \/>\n\t<meta name=\"twitter:label2\" content=\"Ber\u00e4knad l\u00e4stid\" \/>\n\t<meta name=\"twitter:data2\" content=\"1 minut\" \/>\n<script type=\"application\/ld+json\" class=\"yoast-schema-graph\">{\"@context\":\"https:\/\/schema.org\",\"@graph\":[{\"@type\":\"Article\",\"@id\":\"https:\/\/www.morbylanga.se\/ungnytt\/i-fel-sallskap-av-viveca-sten\/#article\",\"isPartOf\":{\"@id\":\"https:\/\/www.morbylanga.se\/ungnytt\/i-fel-sallskap-av-viveca-sten\/\"},\"author\":{\"name\":\"Emilia Gustafsson\",\"@id\":\"https:\/\/www.morbylanga.se\/ungnytt\/#\/schema\/person\/85fa17ba36d9991cf2728a563e6b125e\"},\"headline\":\"I fel s\u00e4llskap av Viveca Sten\",\"datePublished\":\"2024-04-26T09:41:50+00:00\",\"mainEntityOfPage\":{\"@id\":\"https:\/\/www.morbylanga.se\/ungnytt\/i-fel-sallskap-av-viveca-sten\/\"},\"wordCount\":93,\"commentCount\":0,\"image\":{\"@id\":\"https:\/\/www.morbylanga.se\/ungnytt\/i-fel-sallskap-av-viveca-sten\/#primaryimage\"},\"thumbnailUrl\":\"https:\/\/www.morbylanga.se\/ungnytt\/wp-content\/uploads\/2024\/04\/amanda-scaled-e1714124482289.jpeg\",\"articleSection\":[\"Recension\"],\"inLanguage\":\"sv-SE\",\"potentialAction\":[{\"@type\":\"CommentAction\",\"name\":\"Comment\",\"target\":[\"https:\/\/www.morbylanga.se\/ungnytt\/i-fel-sallskap-av-viveca-sten\/#respond\"]}]},{\"@type\":\"WebPage\",\"@id\":\"https:\/\/www.morbylanga.se\/ungnytt\/i-fel-sallskap-av-viveca-sten\/\",\"url\":\"https:\/\/www.morbylanga.se\/ungnytt\/i-fel-sallskap-av-viveca-sten\/\",\"name\":\"I fel s\u00e4llskap av Viveca Sten - UngNytt\",\"isPartOf\":{\"@id\":\"https:\/\/www.morbylanga.se\/ungnytt\/#website\"},\"primaryImageOfPage\":{\"@id\":\"https:\/\/www.morbylanga.se\/ungnytt\/i-fel-sallskap-av-viveca-sten\/#primaryimage\"},\"image\":{\"@id\":\"https:\/\/www.morbylanga.se\/ungnytt\/i-fel-sallskap-av-viveca-sten\/#primaryimage\"},\"thumbnailUrl\":\"https:\/\/www.morbylanga.se\/ungnytt\/wp-content\/uploads\/2024\/04\/amanda-scaled-e1714124482289.jpeg\",\"datePublished\":\"2024-04-26T09:41:50+00:00\",\"author\":{\"@id\":\"https:\/\/www.morbylanga.se\/ungnytt\/#\/schema\/person\/85fa17ba36d9991cf2728a563e6b125e\"},\"breadcrumb\":{\"@id\":\"https:\/\/www.morbylanga.se\/ungnytt\/i-fel-sallskap-av-viveca-sten\/#breadcrumb\"},\"inLanguage\":\"sv-SE\",\"potentialAction\":[{\"@type\":\"ReadAction\",\"target\":[\"https:\/\/www.morbylanga.se\/ungnytt\/i-fel-sallskap-av-viveca-sten\/\"]}]},{\"@type\":\"ImageObject\",\"inLanguage\":\"sv-SE\",\"@id\":\"https:\/\/www.morbylanga.se\/ungnytt\/i-fel-sallskap-av-viveca-sten\/#primaryimage\",\"url\":\"https:\/\/www.morbylanga.se\/ungnytt\/wp-content\/uploads\/2024\/04\/amanda-scaled-e1714124482289.jpeg\",\"contentUrl\":\"https:\/\/www.morbylanga.se\/ungnytt\/wp-content\/uploads\/2024\/04\/amanda-scaled-e1714124482289.jpeg\",\"width\":1920,\"height\":2116,\"caption\":\"Amanda h\u00e5ller en bok i handen, ikl\u00e4dd FBC tr\u00f6ja.\"},{\"@type\":\"BreadcrumbList\",\"@id\":\"https:\/\/www.morbylanga.se\/ungnytt\/i-fel-sallskap-av-viveca-sten\/#breadcrumb\",\"itemListElement\":[{\"@type\":\"ListItem\",\"position\":1,\"name\":\"Hem\",\"item\":\"https:\/\/www.morbylanga.se\/ungnytt\/\"},{\"@type\":\"ListItem\",\"position\":2,\"name\":\"I fel s\u00e4llskap av Viveca Sten\"}]},{\"@type\":\"WebSite\",\"@id\":\"https:\/\/www.morbylanga.se\/ungnytt\/#website\",\"url\":\"https:\/\/www.morbylanga.se\/ungnytt\/\",\"name\":\"UngNytt\",\"description\":\"Nyheter f\u00f6r och av unga i M\u00f6rbyl\u00e5nga kommun\",\"potentialAction\":[{\"@type\":\"SearchAction\",\"target\":{\"@type\":\"EntryPoint\",\"urlTemplate\":\"https:\/\/www.morbylanga.se\/ungnytt\/?s={search_term_string}\"},\"query-input\":{\"@type\":\"PropertyValueSpecification\",\"valueRequired\":true,\"valueName\":\"search_term_string\"}}],\"inLanguage\":\"sv-SE\"},{\"@type\":\"Person\",\"@id\":\"https:\/\/www.morbylanga.se\/ungnytt\/#\/schema\/person\/85fa17ba36d9991cf2728a563e6b125e\",\"name\":\"Emilia Gustafsson\",\"image\":{\"@type\":\"ImageObject\",\"inLanguage\":\"sv-SE\",\"@id\":\"https:\/\/secure.gravatar.com\/avatar\/47b944840caef41c736509a0d63698090bff37bcc0ea43fa61045285135ee4d5?s=96&d=mm&r=g\",\"url\":\"https:\/\/secure.gravatar.com\/avatar\/47b944840caef41c736509a0d63698090bff37bcc0ea43fa61045285135ee4d5?s=96&d=mm&r=g\",\"contentUrl\":\"https:\/\/secure.gravatar.com\/avatar\/47b944840caef41c736509a0d63698090bff37bcc0ea43fa61045285135ee4d5?s=96&d=mm&r=g\",\"caption\":\"Emilia Gustafsson\"},\"url\":\"https:\/\/www.morbylanga.se\/ungnytt\/author\/emilia-gustafsson\/\"}]}<\/script>\n<!-- \/ Yoast SEO plugin. -->","yoast_head_json":{"title":"I fel s\u00e4llskap av Viveca Sten - UngNytt","robots":{"index":"index","follow":"follow","max-snippet":"max-snippet:-1","max-image-preview":"max-image-preview:large","max-video-preview":"max-video-preview:-1"},"canonical":"https:\/\/www.morbylanga.se\/ungnytt\/i-fel-sallskap-av-viveca-sten\/","og_locale":"sv_SE","og_type":"article","og_title":"I fel s\u00e4llskap av Viveca Sten - UngNytt","og_description":"Man f\u00e5r en inblick i m\u00e4nniskors ondska och svagheter och de s\u00e5r man b\u00e4r med sig fr\u00e5n barndomen. Den ing\u00e5r i en serie d\u00e4r man f\u00e5r f\u00f6lja \u00e5klagaren Nora Linde och polisen Thomas Andreasson. Jag rekommenderar denna boken\/serie fr\u00e5n Viveca Sten till alla som vill ha sp\u00e4nning i sin l\u00e4sning. Den \u00e4r sv\u00e5r att sluta [&hellip;]","og_url":"https:\/\/www.morbylanga.se\/ungnytt\/i-fel-sallskap-av-viveca-sten\/","og_site_name":"UngNytt","article_published_time":"2024-04-26T09:41:50+00:00","og_image":[{"width":1920,"height":2116,"url":"https:\/\/www.morbylanga.se\/ungnytt\/wp-content\/uploads\/2024\/04\/amanda-scaled-e1714124482289.jpeg","type":"image\/jpeg"}],"author":"Emilia Gustafsson","twitter_card":"summary_large_image","twitter_misc":{"Skriven av":"Emilia Gustafsson","Ber\u00e4knad l\u00e4stid":"1 minut"},"schema":{"@context":"https:\/\/schema.org","@graph":[{"@type":"Article","@id":"https:\/\/www.morbylanga.se\/ungnytt\/i-fel-sallskap-av-viveca-sten\/#article","isPartOf":{"@id":"https:\/\/www.morbylanga.se\/ungnytt\/i-fel-sallskap-av-viveca-sten\/"},"author":{"name":"Emilia Gustafsson","@id":"https:\/\/www.morbylanga.se\/ungnytt\/#\/schema\/person\/85fa17ba36d9991cf2728a563e6b125e"},"headline":"I fel s\u00e4llskap av Viveca Sten","datePublished":"2024-04-26T09:41:50+00:00","mainEntityOfPage":{"@id":"https:\/\/www.morbylanga.se\/ungnytt\/i-fel-sallskap-av-viveca-sten\/"},"wordCount":93,"commentCount":0,"image":{"@id":"https:\/\/www.morbylanga.se\/ungnytt\/i-fel-sallskap-av-viveca-sten\/#primaryimage"},"thumbnailUrl":"https:\/\/www.morbylanga.se\/ungnytt\/wp-content\/uploads\/2024\/04\/amanda-scaled-e1714124482289.jpeg","articleSection":["Recension"],"inLanguage":"sv-SE","potentialAction":[{"@type":"CommentAction","name":"Comment","target":["https:\/\/www.morbylanga.se\/ungnytt\/i-fel-sallskap-av-viveca-sten\/#respond"]}]},{"@type":"WebPage","@id":"https:\/\/www.morbylanga.se\/ungnytt\/i-fel-sallskap-av-viveca-sten\/","url":"https:\/\/www.morbylanga.se\/ungnytt\/i-fel-sallskap-av-viveca-sten\/","name":"I fel s\u00e4llskap av Viveca Sten - UngNytt","isPartOf":{"@id":"https:\/\/www.morbylanga.se\/ungnytt\/#website"},"primaryImageOfPage":{"@id":"https:\/\/www.morbylanga.se\/ungnytt\/i-fel-sallskap-av-viveca-sten\/#primaryimage"},"image":{"@id":"https:\/\/www.morbylanga.se\/ungnytt\/i-fel-sallskap-av-viveca-sten\/#primaryimage"},"thumbnailUrl":"https:\/\/www.morbylanga.se\/ungnytt\/wp-content\/uploads\/2024\/04\/amanda-scaled-e1714124482289.jpeg","datePublished":"2024-04-26T09:41:50+00:00","author":{"@id":"https:\/\/www.morbylanga.se\/ungnytt\/#\/schema\/person\/85fa17ba36d9991cf2728a563e6b125e"},"breadcrumb":{"@id":"https:\/\/www.morbylanga.se\/ungnytt\/i-fel-sallskap-av-viveca-sten\/#breadcrumb"},"inLanguage":"sv-SE","potentialAction":[{"@type":"ReadAction","target":["https:\/\/www.morbylanga.se\/ungnytt\/i-fel-sallskap-av-viveca-sten\/"]}]},{"@type":"ImageObject","inLanguage":"sv-SE","@id":"https:\/\/www.morbylanga.se\/ungnytt\/i-fel-sallskap-av-viveca-sten\/#primaryimage","url":"https:\/\/www.morbylanga.se\/ungnytt\/wp-content\/uploads\/2024\/04\/amanda-scaled-e1714124482289.jpeg","contentUrl":"https:\/\/www.morbylanga.se\/ungnytt\/wp-content\/uploads\/2024\/04\/amanda-scaled-e1714124482289.jpeg","width":1920,"height":2116,"caption":"Amanda h\u00e5ller en bok i handen, ikl\u00e4dd FBC tr\u00f6ja."},{"@type":"BreadcrumbList","@id":"https:\/\/www.morbylanga.se\/ungnytt\/i-fel-sallskap-av-viveca-sten\/#breadcrumb","itemListElement":[{"@type":"ListItem","position":1,"name":"Hem","item":"https:\/\/www.morbylanga.se\/ungnytt\/"},{"@type":"ListItem","position":2,"name":"I fel s\u00e4llskap av Viveca Sten"}]},{"@type":"WebSite","@id":"https:\/\/www.morbylanga.se\/ungnytt\/#website","url":"https:\/\/www.morbylanga.se\/ungnytt\/","name":"UngNytt","description":"Nyheter f\u00f6r och av unga i M\u00f6rbyl\u00e5nga kommun","potentialAction":[{"@type":"SearchAction","target":{"@type":"EntryPoint","urlTemplate":"https:\/\/www.morbylanga.se\/ungnytt\/?s={search_term_string}"},"query-input":{"@type":"PropertyValueSpecification","valueRequired":true,"valueName":"search_term_string"}}],"inLanguage":"sv-SE"},{"@type":"Person","@id":"https:\/\/www.morbylanga.se\/ungnytt\/#\/schema\/person\/85fa17ba36d9991cf2728a563e6b125e","name":"Emilia Gustafsson","image":{"@type":"ImageObject","inLanguage":"sv-SE","@id":"https:\/\/secure.gravatar.com\/avatar\/47b944840caef41c736509a0d63698090bff37bcc0ea43fa61045285135ee4d5?s=96&d=mm&r=g","url":"https:\/\/secure.gravatar.com\/avatar\/47b944840caef41c736509a0d63698090bff37bcc0ea43fa61045285135ee4d5?s=96&d=mm&r=g","contentUrl":"https:\/\/secure.gravatar.com\/avatar\/47b944840caef41c736509a0d63698090bff37bcc0ea43fa61045285135ee4d5?s=96&d=mm&r=g","caption":"Emilia Gustafsson"},"url":"https:\/\/www.morbylanga.se\/ungnytt\/author\/emilia-gustafsson\/"}]}},"primary_category":{"term_id":19,"name":"Recension","slug":"recension","term_group":0,"term_taxonomy_id":19,"taxonomy":"category","description":"Recensioner \u00e4r bed\u00f6mningar och analyser av olika kulturella produkter s\u00e5som b\u00f6cker, filmer, teaterf\u00f6rest\u00e4llningar, konserter, restauranger och andra evenemang eller produkter. De ger l\u00e4sarna insikt om kvaliteten, inneh\u00e5llet och upplevelsen av det som recenseras, och kan inneh\u00e5lla f\u00f6rfattarens \u00e5sikter, reflektioner och rekommendationer.","parent":0,"count":6,"filter":"raw"},"_links":{"self":[{"href":"https:\/\/www.morbylanga.se\/ungnytt\/wp-json\/wp\/v2\/posts\/607","targetHints":{"allow":["GET"]}}],"collection":[{"href":"https:\/\/www.morbylanga.se\/ungnytt\/wp-json\/wp\/v2\/posts"}],"about":[{"href":"https:\/\/www.morbylanga.se\/ungnytt\/wp-json\/wp\/v2\/types\/post"}],"author":[{"embeddable":true,"href":"https:\/\/www.morbylanga.se\/ungnytt\/wp-json\/wp\/v2\/users\/3"}],"replies":[{"embeddable":true,"href":"https:\/\/www.morbylanga.se\/ungnytt\/wp-json\/wp\/v2\/comments?post=607"}],"version-history":[{"count":1,"href":"https:\/\/www.morbylanga.se\/ungnytt\/wp-json\/wp\/v2\/posts\/607\/revisions"}],"predecessor-version":[{"id":608,"href":"https:\/\/www.morbylanga.se\/ungnytt\/wp-json\/wp\/v2\/posts\/607\/revisions\/608"}],"acf:post":[{"embeddable":true,"href":"https:\/\/www.morbylanga.se\/ungnytt\/wp-json\/wp\/v2\/posts\/598"},{"embeddable":true,"href":"https:\/\/www.morbylanga.se\/ungnytt\/wp-json\/wp\/v2\/posts\/586"}],"wp:featuredmedia":[{"embeddable":true,"href":"https:\/\/www.morbylanga.se\/ungnytt\/wp-json\/wp\/v2\/media\/611"}],"wp:attachment":[{"href":"https:\/\/www.morbylanga.se\/ungnytt\/wp-json\/wp\/v2\/media?parent=607"}],"wp:term":[{"taxonomy":"category","embeddable":true,"href":"https:\/\/www.morbylanga.se\/ungnytt\/wp-json\/wp\/v2\/categories?post=607"}],"curies":[{"name":"wp","href":"https:\/\/api.w.org\/{rel}","templated":true}]}}