{"id":463,"date":"2024-04-03T13:45:53","date_gmt":"2024-04-03T11:45:53","guid":{"rendered":"https:\/\/morbylanga-ungnytt.vivamedia.dev\/?p=463"},"modified":"2024-04-17T22:04:41","modified_gmt":"2024-04-17T20:04:41","slug":"hjalp-oss-lyfta-fram-berattelser-fran-varldsarvet","status":"publish","type":"post","link":"https:\/\/www.morbylanga.se\/ungnytt\/hjalp-oss-lyfta-fram-berattelser-fran-varldsarvet\/","title":{"rendered":"Hj\u00e4lp oss lyfta fram ber\u00e4ttelser fr\u00e5n v\u00e4rldsarvet"},"content":{"rendered":"<p><span data-contrast=\"none\">Vi kommer\u00a0 att lyfta fram 20 platser genom digitala ber\u00e4ttelser. Ber\u00e4ttelserna kommer att publiceras digitalt p\u00e5 Naturkartans hemsida och app. <\/span><b><span data-contrast=\"none\">Vilka platser skulle du vilja veta mer om? Ber\u00e4tta!<\/span><\/b><\/p>\n<p><span data-contrast=\"none\">Tingstad flisor? Odlingarna i M\u00f6rbyl\u00e5ngadalen? Stora alvarets st\u00f6rsta sj\u00f6? N\u00e4sby, en av \u00d6lands radbyar? Klangstenen vid G\u00f6sslundaleden? Gamla alvarv\u00e4gar? \u00d6rnkullen? Gammalsby sj\u00f6marker? N\u00e5got annat?<\/span><\/p>\n<blockquote><p><span data-contrast=\"none\">&#8221;Odlingslandskapet p\u00e5 s\u00f6dra \u00d6land \u00e4r format av m\u00e4nniskor och betande djur. I hela landskapet finns det m\u00e5nga intressanta saker att visa upp. Vi satsar just nu p\u00e5 att g\u00f6ra v\u00e5rt unika odlingslandskap mer tillg\u00e4ngligt, men vi beh\u00f6ver din hj\u00e4lp&#8221;, s\u00e4ger Emma Rydn\u00e9r, v\u00e4rldsarvskoordinator. <\/span><span data-ccp-props=\"{&quot;134233117&quot;:false,&quot;134233118&quot;:false,&quot;201341983&quot;:0,&quot;335551550&quot;:0,&quot;335551620&quot;:0,&quot;335557856&quot;:16777215,&quot;335559738&quot;:0,&quot;335559739&quot;:255,&quot;335559740&quot;:259}\">\u00a0<\/span><\/p><\/blockquote>\n<h3>Skicka in dina tips om platser<\/h3>\n<p><span data-contrast=\"none\">Det enda kravet \u00e4r att platsen \u00e4r tillg\u00e4nglig via en av g\u00e5ng- eller cykelleder genom S\u00f6dras odlingslandskap. Urvalet kommer att ske i samarbete mellan \u00d6landsguider, M\u00f6rbyl\u00e5nga kommun och Kalmar l\u00e4ns f\u00f6rvaltning. Vi vill ha in dina tips <strong>senast den 30 april.<\/strong><\/span> <a href=\"https:\/\/www.morbylanga.se\/hjalp-oss-lyfta-fram-berattelser-fran-varldsarvet\/\">H\u00e4r kan du l\u00e4sa mer.<\/a><\/p>\n<p><span data-contrast=\"none\">Tips mejlas till Emma Rydn\u00e9r: <a href=\"mailto:emma.rydner@morbylanga.se\">emma.rydner@morbylanga.se<\/a><\/span><span data-ccp-props=\"{&quot;134233117&quot;:false,&quot;134233118&quot;:false,&quot;201341983&quot;:0,&quot;335551550&quot;:0,&quot;335551620&quot;:0,&quot;335557856&quot;:16777215,&quot;335559738&quot;:0,&quot;335559739&quot;:255,&quot;335559740&quot;:259}\">\u00a0<\/span><\/p>\n","protected":false},"excerpt":{"rendered":"<p>Vi kommer\u00a0 att lyfta fram 20 platser genom digitala ber\u00e4ttelser. Ber\u00e4ttelserna kommer att publiceras digitalt p\u00e5 Naturkartans hemsida och app. Vilka platser skulle du vilja veta mer om? Ber\u00e4tta! Tingstad flisor? Odlingarna i M\u00f6rbyl\u00e5ngadalen? Stora alvarets st\u00f6rsta sj\u00f6? N\u00e4sby, en av \u00d6lands radbyar? Klangstenen vid G\u00f6sslundaleden? Gamla alvarv\u00e4gar? \u00d6rnkullen? Gammalsby sj\u00f6marker? N\u00e5got annat? &#8221;Odlingslandskapet p\u00e5 [&hellip;]<\/p>\n","protected":false},"author":3,"featured_media":119,"comment_status":"open","ping_status":"open","sticky":false,"template":"","format":"standard","meta":{"_acf_changed":false,"footnotes":""},"categories":[1],"class_list":["post-463","post","type-post","status-publish","format-standard","has-post-thumbnail","hentry","category-nyhet"],"acf":{"news_thumbnail_video":"","show_news_thumbnail_in_post":true,"news_related_content_title":"Relaterat inneh\u00e5ll","news_related_content":"","preamble":"P\u00e5 s\u00f6dra \u00d6land finns m\u00e5nga sp\u00e4nnande platser med vackra odlingslandskap, olika m\u00e4nnisko\u00f6den, ovanliga naturfenomen och mycket annat. Har du en favoritplats du brukar bes\u00f6ka? Var med och bidra med dina tips!"},"yoast_head":"<!-- This site is optimized with the Yoast SEO plugin v27.2 - https:\/\/yoast.com\/product\/yoast-seo-wordpress\/ -->\n<title>Hj\u00e4lp oss lyfta fram ber\u00e4ttelser fr\u00e5n v\u00e4rldsarvet - UngNytt<\/title>\n<meta name=\"robots\" content=\"index, follow, max-snippet:-1, max-image-preview:large, max-video-preview:-1\" \/>\n<link rel=\"canonical\" href=\"https:\/\/www.morbylanga.se\/ungnytt\/hjalp-oss-lyfta-fram-berattelser-fran-varldsarvet\/\" \/>\n<meta property=\"og:locale\" content=\"sv_SE\" \/>\n<meta property=\"og:type\" content=\"article\" \/>\n<meta property=\"og:title\" content=\"Hj\u00e4lp oss lyfta fram ber\u00e4ttelser fr\u00e5n v\u00e4rldsarvet - UngNytt\" \/>\n<meta property=\"og:description\" content=\"Vi kommer\u00a0 att lyfta fram 20 platser genom digitala ber\u00e4ttelser. Ber\u00e4ttelserna kommer att publiceras digitalt p\u00e5 Naturkartans hemsida och app. Vilka platser skulle du vilja veta mer om? Ber\u00e4tta! Tingstad flisor? Odlingarna i M\u00f6rbyl\u00e5ngadalen? Stora alvarets st\u00f6rsta sj\u00f6? N\u00e4sby, en av \u00d6lands radbyar? Klangstenen vid G\u00f6sslundaleden? Gamla alvarv\u00e4gar? \u00d6rnkullen? Gammalsby sj\u00f6marker? N\u00e5got annat? &#8221;Odlingslandskapet p\u00e5 [&hellip;]\" \/>\n<meta property=\"og:url\" content=\"https:\/\/www.morbylanga.se\/ungnytt\/hjalp-oss-lyfta-fram-berattelser-fran-varldsarvet\/\" \/>\n<meta property=\"og:site_name\" content=\"UngNytt\" \/>\n<meta property=\"article:published_time\" content=\"2024-04-03T11:45:53+00:00\" \/>\n<meta property=\"article:modified_time\" content=\"2024-04-17T20:04:41+00:00\" \/>\n<meta property=\"og:image\" content=\"https:\/\/www.morbylanga.se\/ungnytt\/wp-content\/uploads\/2024\/02\/oland-morbylangaleden-alexanderhall2019-13-scaled.jpg\" \/>\n\t<meta property=\"og:image:width\" content=\"2560\" \/>\n\t<meta property=\"og:image:height\" content=\"1707\" \/>\n\t<meta property=\"og:image:type\" content=\"image\/jpeg\" \/>\n<meta name=\"author\" content=\"Emilia Gustafsson\" \/>\n<meta name=\"twitter:card\" content=\"summary_large_image\" \/>\n<meta name=\"twitter:label1\" content=\"Skriven av\" \/>\n\t<meta name=\"twitter:data1\" content=\"Emilia Gustafsson\" \/>\n\t<meta name=\"twitter:label2\" content=\"Ber\u00e4knad l\u00e4stid\" \/>\n\t<meta name=\"twitter:data2\" content=\"1 minut\" \/>\n<script type=\"application\/ld+json\" class=\"yoast-schema-graph\">{\"@context\":\"https:\/\/schema.org\",\"@graph\":[{\"@type\":\"Article\",\"@id\":\"https:\/\/www.morbylanga.se\/ungnytt\/hjalp-oss-lyfta-fram-berattelser-fran-varldsarvet\/#article\",\"isPartOf\":{\"@id\":\"https:\/\/www.morbylanga.se\/ungnytt\/hjalp-oss-lyfta-fram-berattelser-fran-varldsarvet\/\"},\"author\":{\"name\":\"Emilia Gustafsson\",\"@id\":\"https:\/\/www.morbylanga.se\/ungnytt\/#\/schema\/person\/85fa17ba36d9991cf2728a563e6b125e\"},\"headline\":\"Hj\u00e4lp oss lyfta fram ber\u00e4ttelser fr\u00e5n v\u00e4rldsarvet\",\"datePublished\":\"2024-04-03T11:45:53+00:00\",\"dateModified\":\"2024-04-17T20:04:41+00:00\",\"mainEntityOfPage\":{\"@id\":\"https:\/\/www.morbylanga.se\/ungnytt\/hjalp-oss-lyfta-fram-berattelser-fran-varldsarvet\/\"},\"wordCount\":198,\"commentCount\":0,\"image\":{\"@id\":\"https:\/\/www.morbylanga.se\/ungnytt\/hjalp-oss-lyfta-fram-berattelser-fran-varldsarvet\/#primaryimage\"},\"thumbnailUrl\":\"https:\/\/www.morbylanga.se\/ungnytt\/wp-content\/uploads\/2024\/02\/oland-morbylangaleden-alexanderhall2019-13-scaled.jpg\",\"articleSection\":[\"Nyhet\"],\"inLanguage\":\"sv-SE\",\"potentialAction\":[{\"@type\":\"CommentAction\",\"name\":\"Comment\",\"target\":[\"https:\/\/www.morbylanga.se\/ungnytt\/hjalp-oss-lyfta-fram-berattelser-fran-varldsarvet\/#respond\"]}]},{\"@type\":\"WebPage\",\"@id\":\"https:\/\/www.morbylanga.se\/ungnytt\/hjalp-oss-lyfta-fram-berattelser-fran-varldsarvet\/\",\"url\":\"https:\/\/www.morbylanga.se\/ungnytt\/hjalp-oss-lyfta-fram-berattelser-fran-varldsarvet\/\",\"name\":\"Hj\u00e4lp oss lyfta fram ber\u00e4ttelser fr\u00e5n v\u00e4rldsarvet - UngNytt\",\"isPartOf\":{\"@id\":\"https:\/\/www.morbylanga.se\/ungnytt\/#website\"},\"primaryImageOfPage\":{\"@id\":\"https:\/\/www.morbylanga.se\/ungnytt\/hjalp-oss-lyfta-fram-berattelser-fran-varldsarvet\/#primaryimage\"},\"image\":{\"@id\":\"https:\/\/www.morbylanga.se\/ungnytt\/hjalp-oss-lyfta-fram-berattelser-fran-varldsarvet\/#primaryimage\"},\"thumbnailUrl\":\"https:\/\/www.morbylanga.se\/ungnytt\/wp-content\/uploads\/2024\/02\/oland-morbylangaleden-alexanderhall2019-13-scaled.jpg\",\"datePublished\":\"2024-04-03T11:45:53+00:00\",\"dateModified\":\"2024-04-17T20:04:41+00:00\",\"author\":{\"@id\":\"https:\/\/www.morbylanga.se\/ungnytt\/#\/schema\/person\/85fa17ba36d9991cf2728a563e6b125e\"},\"breadcrumb\":{\"@id\":\"https:\/\/www.morbylanga.se\/ungnytt\/hjalp-oss-lyfta-fram-berattelser-fran-varldsarvet\/#breadcrumb\"},\"inLanguage\":\"sv-SE\",\"potentialAction\":[{\"@type\":\"ReadAction\",\"target\":[\"https:\/\/www.morbylanga.se\/ungnytt\/hjalp-oss-lyfta-fram-berattelser-fran-varldsarvet\/\"]}]},{\"@type\":\"ImageObject\",\"inLanguage\":\"sv-SE\",\"@id\":\"https:\/\/www.morbylanga.se\/ungnytt\/hjalp-oss-lyfta-fram-berattelser-fran-varldsarvet\/#primaryimage\",\"url\":\"https:\/\/www.morbylanga.se\/ungnytt\/wp-content\/uploads\/2024\/02\/oland-morbylangaleden-alexanderhall2019-13-scaled.jpg\",\"contentUrl\":\"https:\/\/www.morbylanga.se\/ungnytt\/wp-content\/uploads\/2024\/02\/oland-morbylangaleden-alexanderhall2019-13-scaled.jpg\",\"width\":2560,\"height\":1707,\"caption\":\"Tv\u00e5 personer som sitter vid ett f\u00e4lt och pekar mot horisonten. B\u00e5da b\u00e4r tr\u00e4ningskl\u00e4der och ryggs\u00e4ckar.\"},{\"@type\":\"BreadcrumbList\",\"@id\":\"https:\/\/www.morbylanga.se\/ungnytt\/hjalp-oss-lyfta-fram-berattelser-fran-varldsarvet\/#breadcrumb\",\"itemListElement\":[{\"@type\":\"ListItem\",\"position\":1,\"name\":\"Hem\",\"item\":\"https:\/\/www.morbylanga.se\/ungnytt\/\"},{\"@type\":\"ListItem\",\"position\":2,\"name\":\"Hj\u00e4lp oss lyfta fram ber\u00e4ttelser fr\u00e5n v\u00e4rldsarvet\"}]},{\"@type\":\"WebSite\",\"@id\":\"https:\/\/www.morbylanga.se\/ungnytt\/#website\",\"url\":\"https:\/\/www.morbylanga.se\/ungnytt\/\",\"name\":\"UngNytt\",\"description\":\"Nyheter f\u00f6r och av unga i M\u00f6rbyl\u00e5nga kommun\",\"potentialAction\":[{\"@type\":\"SearchAction\",\"target\":{\"@type\":\"EntryPoint\",\"urlTemplate\":\"https:\/\/www.morbylanga.se\/ungnytt\/?s={search_term_string}\"},\"query-input\":{\"@type\":\"PropertyValueSpecification\",\"valueRequired\":true,\"valueName\":\"search_term_string\"}}],\"inLanguage\":\"sv-SE\"},{\"@type\":\"Person\",\"@id\":\"https:\/\/www.morbylanga.se\/ungnytt\/#\/schema\/person\/85fa17ba36d9991cf2728a563e6b125e\",\"name\":\"Emilia Gustafsson\",\"image\":{\"@type\":\"ImageObject\",\"inLanguage\":\"sv-SE\",\"@id\":\"https:\/\/secure.gravatar.com\/avatar\/47b944840caef41c736509a0d63698090bff37bcc0ea43fa61045285135ee4d5?s=96&d=mm&r=g\",\"url\":\"https:\/\/secure.gravatar.com\/avatar\/47b944840caef41c736509a0d63698090bff37bcc0ea43fa61045285135ee4d5?s=96&d=mm&r=g\",\"contentUrl\":\"https:\/\/secure.gravatar.com\/avatar\/47b944840caef41c736509a0d63698090bff37bcc0ea43fa61045285135ee4d5?s=96&d=mm&r=g\",\"caption\":\"Emilia Gustafsson\"},\"url\":\"https:\/\/www.morbylanga.se\/ungnytt\/author\/emilia-gustafsson\/\"}]}<\/script>\n<!-- \/ Yoast SEO plugin. -->","yoast_head_json":{"title":"Hj\u00e4lp oss lyfta fram ber\u00e4ttelser fr\u00e5n v\u00e4rldsarvet - UngNytt","robots":{"index":"index","follow":"follow","max-snippet":"max-snippet:-1","max-image-preview":"max-image-preview:large","max-video-preview":"max-video-preview:-1"},"canonical":"https:\/\/www.morbylanga.se\/ungnytt\/hjalp-oss-lyfta-fram-berattelser-fran-varldsarvet\/","og_locale":"sv_SE","og_type":"article","og_title":"Hj\u00e4lp oss lyfta fram ber\u00e4ttelser fr\u00e5n v\u00e4rldsarvet - UngNytt","og_description":"Vi kommer\u00a0 att lyfta fram 20 platser genom digitala ber\u00e4ttelser. Ber\u00e4ttelserna kommer att publiceras digitalt p\u00e5 Naturkartans hemsida och app. Vilka platser skulle du vilja veta mer om? Ber\u00e4tta! Tingstad flisor? Odlingarna i M\u00f6rbyl\u00e5ngadalen? Stora alvarets st\u00f6rsta sj\u00f6? N\u00e4sby, en av \u00d6lands radbyar? Klangstenen vid G\u00f6sslundaleden? Gamla alvarv\u00e4gar? \u00d6rnkullen? Gammalsby sj\u00f6marker? N\u00e5got annat? &#8221;Odlingslandskapet p\u00e5 [&hellip;]","og_url":"https:\/\/www.morbylanga.se\/ungnytt\/hjalp-oss-lyfta-fram-berattelser-fran-varldsarvet\/","og_site_name":"UngNytt","article_published_time":"2024-04-03T11:45:53+00:00","article_modified_time":"2024-04-17T20:04:41+00:00","og_image":[{"width":2560,"height":1707,"url":"https:\/\/www.morbylanga.se\/ungnytt\/wp-content\/uploads\/2024\/02\/oland-morbylangaleden-alexanderhall2019-13-scaled.jpg","type":"image\/jpeg"}],"author":"Emilia Gustafsson","twitter_card":"summary_large_image","twitter_misc":{"Skriven av":"Emilia Gustafsson","Ber\u00e4knad l\u00e4stid":"1 minut"},"schema":{"@context":"https:\/\/schema.org","@graph":[{"@type":"Article","@id":"https:\/\/www.morbylanga.se\/ungnytt\/hjalp-oss-lyfta-fram-berattelser-fran-varldsarvet\/#article","isPartOf":{"@id":"https:\/\/www.morbylanga.se\/ungnytt\/hjalp-oss-lyfta-fram-berattelser-fran-varldsarvet\/"},"author":{"name":"Emilia Gustafsson","@id":"https:\/\/www.morbylanga.se\/ungnytt\/#\/schema\/person\/85fa17ba36d9991cf2728a563e6b125e"},"headline":"Hj\u00e4lp oss lyfta fram ber\u00e4ttelser fr\u00e5n v\u00e4rldsarvet","datePublished":"2024-04-03T11:45:53+00:00","dateModified":"2024-04-17T20:04:41+00:00","mainEntityOfPage":{"@id":"https:\/\/www.morbylanga.se\/ungnytt\/hjalp-oss-lyfta-fram-berattelser-fran-varldsarvet\/"},"wordCount":198,"commentCount":0,"image":{"@id":"https:\/\/www.morbylanga.se\/ungnytt\/hjalp-oss-lyfta-fram-berattelser-fran-varldsarvet\/#primaryimage"},"thumbnailUrl":"https:\/\/www.morbylanga.se\/ungnytt\/wp-content\/uploads\/2024\/02\/oland-morbylangaleden-alexanderhall2019-13-scaled.jpg","articleSection":["Nyhet"],"inLanguage":"sv-SE","potentialAction":[{"@type":"CommentAction","name":"Comment","target":["https:\/\/www.morbylanga.se\/ungnytt\/hjalp-oss-lyfta-fram-berattelser-fran-varldsarvet\/#respond"]}]},{"@type":"WebPage","@id":"https:\/\/www.morbylanga.se\/ungnytt\/hjalp-oss-lyfta-fram-berattelser-fran-varldsarvet\/","url":"https:\/\/www.morbylanga.se\/ungnytt\/hjalp-oss-lyfta-fram-berattelser-fran-varldsarvet\/","name":"Hj\u00e4lp oss lyfta fram ber\u00e4ttelser fr\u00e5n v\u00e4rldsarvet - UngNytt","isPartOf":{"@id":"https:\/\/www.morbylanga.se\/ungnytt\/#website"},"primaryImageOfPage":{"@id":"https:\/\/www.morbylanga.se\/ungnytt\/hjalp-oss-lyfta-fram-berattelser-fran-varldsarvet\/#primaryimage"},"image":{"@id":"https:\/\/www.morbylanga.se\/ungnytt\/hjalp-oss-lyfta-fram-berattelser-fran-varldsarvet\/#primaryimage"},"thumbnailUrl":"https:\/\/www.morbylanga.se\/ungnytt\/wp-content\/uploads\/2024\/02\/oland-morbylangaleden-alexanderhall2019-13-scaled.jpg","datePublished":"2024-04-03T11:45:53+00:00","dateModified":"2024-04-17T20:04:41+00:00","author":{"@id":"https:\/\/www.morbylanga.se\/ungnytt\/#\/schema\/person\/85fa17ba36d9991cf2728a563e6b125e"},"breadcrumb":{"@id":"https:\/\/www.morbylanga.se\/ungnytt\/hjalp-oss-lyfta-fram-berattelser-fran-varldsarvet\/#breadcrumb"},"inLanguage":"sv-SE","potentialAction":[{"@type":"ReadAction","target":["https:\/\/www.morbylanga.se\/ungnytt\/hjalp-oss-lyfta-fram-berattelser-fran-varldsarvet\/"]}]},{"@type":"ImageObject","inLanguage":"sv-SE","@id":"https:\/\/www.morbylanga.se\/ungnytt\/hjalp-oss-lyfta-fram-berattelser-fran-varldsarvet\/#primaryimage","url":"https:\/\/www.morbylanga.se\/ungnytt\/wp-content\/uploads\/2024\/02\/oland-morbylangaleden-alexanderhall2019-13-scaled.jpg","contentUrl":"https:\/\/www.morbylanga.se\/ungnytt\/wp-content\/uploads\/2024\/02\/oland-morbylangaleden-alexanderhall2019-13-scaled.jpg","width":2560,"height":1707,"caption":"Tv\u00e5 personer som sitter vid ett f\u00e4lt och pekar mot horisonten. B\u00e5da b\u00e4r tr\u00e4ningskl\u00e4der och ryggs\u00e4ckar."},{"@type":"BreadcrumbList","@id":"https:\/\/www.morbylanga.se\/ungnytt\/hjalp-oss-lyfta-fram-berattelser-fran-varldsarvet\/#breadcrumb","itemListElement":[{"@type":"ListItem","position":1,"name":"Hem","item":"https:\/\/www.morbylanga.se\/ungnytt\/"},{"@type":"ListItem","position":2,"name":"Hj\u00e4lp oss lyfta fram ber\u00e4ttelser fr\u00e5n v\u00e4rldsarvet"}]},{"@type":"WebSite","@id":"https:\/\/www.morbylanga.se\/ungnytt\/#website","url":"https:\/\/www.morbylanga.se\/ungnytt\/","name":"UngNytt","description":"Nyheter f\u00f6r och av unga i M\u00f6rbyl\u00e5nga kommun","potentialAction":[{"@type":"SearchAction","target":{"@type":"EntryPoint","urlTemplate":"https:\/\/www.morbylanga.se\/ungnytt\/?s={search_term_string}"},"query-input":{"@type":"PropertyValueSpecification","valueRequired":true,"valueName":"search_term_string"}}],"inLanguage":"sv-SE"},{"@type":"Person","@id":"https:\/\/www.morbylanga.se\/ungnytt\/#\/schema\/person\/85fa17ba36d9991cf2728a563e6b125e","name":"Emilia Gustafsson","image":{"@type":"ImageObject","inLanguage":"sv-SE","@id":"https:\/\/secure.gravatar.com\/avatar\/47b944840caef41c736509a0d63698090bff37bcc0ea43fa61045285135ee4d5?s=96&d=mm&r=g","url":"https:\/\/secure.gravatar.com\/avatar\/47b944840caef41c736509a0d63698090bff37bcc0ea43fa61045285135ee4d5?s=96&d=mm&r=g","contentUrl":"https:\/\/secure.gravatar.com\/avatar\/47b944840caef41c736509a0d63698090bff37bcc0ea43fa61045285135ee4d5?s=96&d=mm&r=g","caption":"Emilia Gustafsson"},"url":"https:\/\/www.morbylanga.se\/ungnytt\/author\/emilia-gustafsson\/"}]}},"primary_category":{"term_id":1,"name":"Nyhet","slug":"nyhet","term_group":0,"term_taxonomy_id":1,"taxonomy":"category","description":"Nyhetsartiklar presenterar objektivt aktuella h\u00e4ndelser och nyheter. De ger vanligtvis information om vem, vad, var, n\u00e4r och varf\u00f6r h\u00e4ndelsen \u00e4gde rum. Nyhetsartiklar fokuserar p\u00e5 att rapportera fakta utan att inkludera personliga \u00e5sikter eller tolkningar.","parent":0,"count":49,"filter":"raw"},"_links":{"self":[{"href":"https:\/\/www.morbylanga.se\/ungnytt\/wp-json\/wp\/v2\/posts\/463","targetHints":{"allow":["GET"]}}],"collection":[{"href":"https:\/\/www.morbylanga.se\/ungnytt\/wp-json\/wp\/v2\/posts"}],"about":[{"href":"https:\/\/www.morbylanga.se\/ungnytt\/wp-json\/wp\/v2\/types\/post"}],"author":[{"embeddable":true,"href":"https:\/\/www.morbylanga.se\/ungnytt\/wp-json\/wp\/v2\/users\/3"}],"replies":[{"embeddable":true,"href":"https:\/\/www.morbylanga.se\/ungnytt\/wp-json\/wp\/v2\/comments?post=463"}],"version-history":[{"count":11,"href":"https:\/\/www.morbylanga.se\/ungnytt\/wp-json\/wp\/v2\/posts\/463\/revisions"}],"predecessor-version":[{"id":560,"href":"https:\/\/www.morbylanga.se\/ungnytt\/wp-json\/wp\/v2\/posts\/463\/revisions\/560"}],"wp:featuredmedia":[{"embeddable":true,"href":"https:\/\/www.morbylanga.se\/ungnytt\/wp-json\/wp\/v2\/media\/119"}],"wp:attachment":[{"href":"https:\/\/www.morbylanga.se\/ungnytt\/wp-json\/wp\/v2\/media?parent=463"}],"wp:term":[{"taxonomy":"category","embeddable":true,"href":"https:\/\/www.morbylanga.se\/ungnytt\/wp-json\/wp\/v2\/categories?post=463"}],"curies":[{"name":"wp","href":"https:\/\/api.w.org\/{rel}","templated":true}]}}