{"id":389,"date":"2024-08-26T09:27:16","date_gmt":"2024-08-26T07:27:16","guid":{"rendered":"https:\/\/morbylanga-ungnytt.vivamedia.dev\/?p=389"},"modified":"2024-08-26T09:27:16","modified_gmt":"2024-08-26T07:27:16","slug":"ung-pa-jobbet-lantbrukare","status":"publish","type":"post","link":"https:\/\/www.morbylanga.se\/ungnytt\/ung-pa-jobbet-lantbrukare\/","title":{"rendered":"Ung p\u00e5 jobbet &#8211; lantbrukare"},"content":{"rendered":"<p>Emma Torneg\u00e5rd \u00e4r 25 \u00e5r och driver en g\u00e5rd i Gr\u00e4sg\u00e5rd. Under sin gymnasietid l\u00e4ste hon samh\u00e4lle\/samh\u00e4lle p\u00e5 stagg i Kalmar, tiden efter gymnasiet l\u00e4ste hon f\u00f6retagsekonomi och matte.<\/p>\n<p>Med tiden har Emma l\u00e4st till kurser som ger henne beh\u00f6righeter till sitt jobb, hon har bland annat l\u00e4st vila-kurs, semin-kurs och mastit kurs. Nu har hon 200 mj\u00f6lkande kor, 200 ungdjur p\u00e5 g\u00e5rden och de har \u00e4ven 4 robotar i ladug\u00e5rden. Lantbruket \u00e4r ansluten till de kommunala vattenledningarna.<\/p>\n<p>Emma ber\u00e4ttar att det kr\u00e4vs mycket arbetskraft inom lantbruket, det kr\u00e4vs m\u00e5nga olika kompetenser utifr\u00e5n s\u00e5som till exempel elektriker, mj\u00f6lkbilar, djurv\u00e5rdare med mera.<\/p>\n<p>Felicia Fredriksson \u00e4r 19 \u00e5r och \u00e4r anst\u00e4lld p\u00e5 Emmas g\u00e5rd. Felicia l\u00e4ste inriktning lantbruk p\u00e5 Naturbruksgymnasiet i Kalmar.<\/p>\n<p>Felicia ber\u00e4ttar att det finns v\u00e4ldigt mycket okunskap inom yrket och d\u00e4rf\u00f6r skapas det en del f\u00f6rdomar mot lantbruket. Hon anser att man ska bjuda in elever till olika g\u00e5rdar och om det inte \u00e4r en m\u00f6jlig l\u00f6sning, f\u00f6resl\u00e5r hon att lantbrukare kan \u00e5ka ut till skolor f\u00f6r att f\u00f6rklara deras yrke. Felicia passar p\u00e5 att ber\u00e4tta, att det finns m\u00e5nga utbildningar inom gr\u00f6na n\u00e4ringen bland annat p\u00e5 Torslunda f\u00f6rs\u00f6ksstation.<\/p>\n","protected":false},"excerpt":{"rendered":"<p>Emma Torneg\u00e5rd \u00e4r 25 \u00e5r och driver en g\u00e5rd i Gr\u00e4sg\u00e5rd. Under sin gymnasietid l\u00e4ste hon samh\u00e4lle\/samh\u00e4lle p\u00e5 stagg i Kalmar, tiden efter gymnasiet l\u00e4ste hon f\u00f6retagsekonomi och matte. Med tiden har Emma l\u00e4st till kurser som ger henne beh\u00f6righeter till sitt jobb, hon har bland annat l\u00e4st vila-kurs, semin-kurs och mastit kurs. Nu har [&hellip;]<\/p>\n","protected":false},"author":3,"featured_media":391,"comment_status":"open","ping_status":"open","sticky":false,"template":"","format":"standard","meta":{"_acf_changed":false,"footnotes":""},"categories":[20],"class_list":["post-389","post","type-post","status-publish","format-standard","has-post-thumbnail","hentry","category-intervju"],"acf":{"news_thumbnail_video":"","show_news_thumbnail_in_post":true,"news_related_content_title":"Relaterat inneh\u00e5ll","news_related_content":"","preamble":"Hur \u00e4r det att jobba som lantbrukare? Vi har gett oss ut i kommunen och tr\u00e4ffat unga vuxna som har valt att arbeta h\u00e4r p\u00e5 \u00d6land. I denna intervju tr\u00e4ffar vi Emma och Felicia som jobbar som lantbrukare."},"yoast_head":"<!-- This site is optimized with the Yoast SEO plugin v27.2 - https:\/\/yoast.com\/product\/yoast-seo-wordpress\/ -->\n<title>Ung p\u00e5 jobbet - lantbrukare - UngNytt<\/title>\n<meta name=\"description\" content=\"Hur \u00e4r det att jobba som lantbrukare? Vi har gett oss ut i kommunen och tr\u00e4ffat unga vuxna som har valt att arbeta h\u00e4r p\u00e5 \u00d6land.\" \/>\n<meta name=\"robots\" content=\"index, follow, max-snippet:-1, max-image-preview:large, max-video-preview:-1\" \/>\n<link rel=\"canonical\" href=\"https:\/\/www.morbylanga.se\/ungnytt\/ung-pa-jobbet-lantbrukare\/\" \/>\n<meta property=\"og:locale\" content=\"sv_SE\" \/>\n<meta property=\"og:type\" content=\"article\" \/>\n<meta property=\"og:title\" content=\"Ung p\u00e5 jobbet - lantbrukare - UngNytt\" \/>\n<meta property=\"og:description\" content=\"Hur \u00e4r det att jobba som lantbrukare? Vi har gett oss ut i kommunen och tr\u00e4ffat unga vuxna som har valt att arbeta h\u00e4r p\u00e5 \u00d6land.\" \/>\n<meta property=\"og:url\" content=\"https:\/\/www.morbylanga.se\/ungnytt\/ung-pa-jobbet-lantbrukare\/\" \/>\n<meta property=\"og:site_name\" content=\"UngNytt\" \/>\n<meta property=\"article:published_time\" content=\"2024-08-26T07:27:16+00:00\" \/>\n<meta property=\"og:image\" content=\"https:\/\/www.morbylanga.se\/ungnytt\/wp-content\/uploads\/2024\/03\/emmao-ch-felicia-scaled.jpg\" \/>\n\t<meta property=\"og:image:width\" content=\"2560\" \/>\n\t<meta property=\"og:image:height\" content=\"1152\" \/>\n\t<meta property=\"og:image:type\" content=\"image\/jpeg\" \/>\n<meta name=\"author\" content=\"Emilia Gustafsson\" \/>\n<meta name=\"twitter:card\" content=\"summary_large_image\" \/>\n<meta name=\"twitter:label1\" content=\"Skriven av\" \/>\n\t<meta name=\"twitter:data1\" content=\"Emilia Gustafsson\" \/>\n\t<meta name=\"twitter:label2\" content=\"Ber\u00e4knad l\u00e4stid\" \/>\n\t<meta name=\"twitter:data2\" content=\"2 minuter\" \/>\n<script type=\"application\/ld+json\" class=\"yoast-schema-graph\">{\"@context\":\"https:\/\/schema.org\",\"@graph\":[{\"@type\":\"Article\",\"@id\":\"https:\/\/www.morbylanga.se\/ungnytt\/ung-pa-jobbet-lantbrukare\/#article\",\"isPartOf\":{\"@id\":\"https:\/\/www.morbylanga.se\/ungnytt\/ung-pa-jobbet-lantbrukare\/\"},\"author\":{\"name\":\"Emilia Gustafsson\",\"@id\":\"https:\/\/www.morbylanga.se\/ungnytt\/#\/schema\/person\/85fa17ba36d9991cf2728a563e6b125e\"},\"headline\":\"Ung p\u00e5 jobbet &#8211; lantbrukare\",\"datePublished\":\"2024-08-26T07:27:16+00:00\",\"mainEntityOfPage\":{\"@id\":\"https:\/\/www.morbylanga.se\/ungnytt\/ung-pa-jobbet-lantbrukare\/\"},\"wordCount\":235,\"commentCount\":0,\"image\":{\"@id\":\"https:\/\/www.morbylanga.se\/ungnytt\/ung-pa-jobbet-lantbrukare\/#primaryimage\"},\"thumbnailUrl\":\"https:\/\/www.morbylanga.se\/ungnytt\/wp-content\/uploads\/2024\/03\/emmao-ch-felicia-scaled.jpg\",\"articleSection\":[\"Intervju\"],\"inLanguage\":\"sv-SE\",\"potentialAction\":[{\"@type\":\"CommentAction\",\"name\":\"Comment\",\"target\":[\"https:\/\/www.morbylanga.se\/ungnytt\/ung-pa-jobbet-lantbrukare\/#respond\"]}]},{\"@type\":\"WebPage\",\"@id\":\"https:\/\/www.morbylanga.se\/ungnytt\/ung-pa-jobbet-lantbrukare\/\",\"url\":\"https:\/\/www.morbylanga.se\/ungnytt\/ung-pa-jobbet-lantbrukare\/\",\"name\":\"Ung p\u00e5 jobbet - lantbrukare - UngNytt\",\"isPartOf\":{\"@id\":\"https:\/\/www.morbylanga.se\/ungnytt\/#website\"},\"primaryImageOfPage\":{\"@id\":\"https:\/\/www.morbylanga.se\/ungnytt\/ung-pa-jobbet-lantbrukare\/#primaryimage\"},\"image\":{\"@id\":\"https:\/\/www.morbylanga.se\/ungnytt\/ung-pa-jobbet-lantbrukare\/#primaryimage\"},\"thumbnailUrl\":\"https:\/\/www.morbylanga.se\/ungnytt\/wp-content\/uploads\/2024\/03\/emmao-ch-felicia-scaled.jpg\",\"datePublished\":\"2024-08-26T07:27:16+00:00\",\"author\":{\"@id\":\"https:\/\/www.morbylanga.se\/ungnytt\/#\/schema\/person\/85fa17ba36d9991cf2728a563e6b125e\"},\"description\":\"Hur \u00e4r det att jobba som lantbrukare? Vi har gett oss ut i kommunen och tr\u00e4ffat unga vuxna som har valt att arbeta h\u00e4r p\u00e5 \u00d6land.\",\"breadcrumb\":{\"@id\":\"https:\/\/www.morbylanga.se\/ungnytt\/ung-pa-jobbet-lantbrukare\/#breadcrumb\"},\"inLanguage\":\"sv-SE\",\"potentialAction\":[{\"@type\":\"ReadAction\",\"target\":[\"https:\/\/www.morbylanga.se\/ungnytt\/ung-pa-jobbet-lantbrukare\/\"]}]},{\"@type\":\"ImageObject\",\"inLanguage\":\"sv-SE\",\"@id\":\"https:\/\/www.morbylanga.se\/ungnytt\/ung-pa-jobbet-lantbrukare\/#primaryimage\",\"url\":\"https:\/\/www.morbylanga.se\/ungnytt\/wp-content\/uploads\/2024\/03\/emmao-ch-felicia-scaled.jpg\",\"contentUrl\":\"https:\/\/www.morbylanga.se\/ungnytt\/wp-content\/uploads\/2024\/03\/emmao-ch-felicia-scaled.jpg\",\"width\":2560,\"height\":1152,\"caption\":\"Tv\u00e5 personer som st\u00e5r i en spilta inuti en ladug\u00e5rd. En kalv st\u00e5r framf\u00f6r dem. Kalven har vita och svarta fl\u00e4ckar.\"},{\"@type\":\"BreadcrumbList\",\"@id\":\"https:\/\/www.morbylanga.se\/ungnytt\/ung-pa-jobbet-lantbrukare\/#breadcrumb\",\"itemListElement\":[{\"@type\":\"ListItem\",\"position\":1,\"name\":\"Hem\",\"item\":\"https:\/\/www.morbylanga.se\/ungnytt\/\"},{\"@type\":\"ListItem\",\"position\":2,\"name\":\"Ung p\u00e5 jobbet &#8211; lantbrukare\"}]},{\"@type\":\"WebSite\",\"@id\":\"https:\/\/www.morbylanga.se\/ungnytt\/#website\",\"url\":\"https:\/\/www.morbylanga.se\/ungnytt\/\",\"name\":\"UngNytt\",\"description\":\"Nyheter f\u00f6r och av unga i M\u00f6rbyl\u00e5nga kommun\",\"potentialAction\":[{\"@type\":\"SearchAction\",\"target\":{\"@type\":\"EntryPoint\",\"urlTemplate\":\"https:\/\/www.morbylanga.se\/ungnytt\/?s={search_term_string}\"},\"query-input\":{\"@type\":\"PropertyValueSpecification\",\"valueRequired\":true,\"valueName\":\"search_term_string\"}}],\"inLanguage\":\"sv-SE\"},{\"@type\":\"Person\",\"@id\":\"https:\/\/www.morbylanga.se\/ungnytt\/#\/schema\/person\/85fa17ba36d9991cf2728a563e6b125e\",\"name\":\"Emilia Gustafsson\",\"image\":{\"@type\":\"ImageObject\",\"inLanguage\":\"sv-SE\",\"@id\":\"https:\/\/secure.gravatar.com\/avatar\/47b944840caef41c736509a0d63698090bff37bcc0ea43fa61045285135ee4d5?s=96&d=mm&r=g\",\"url\":\"https:\/\/secure.gravatar.com\/avatar\/47b944840caef41c736509a0d63698090bff37bcc0ea43fa61045285135ee4d5?s=96&d=mm&r=g\",\"contentUrl\":\"https:\/\/secure.gravatar.com\/avatar\/47b944840caef41c736509a0d63698090bff37bcc0ea43fa61045285135ee4d5?s=96&d=mm&r=g\",\"caption\":\"Emilia Gustafsson\"},\"url\":\"https:\/\/www.morbylanga.se\/ungnytt\/author\/emilia-gustafsson\/\"}]}<\/script>\n<!-- \/ Yoast SEO plugin. -->","yoast_head_json":{"title":"Ung p\u00e5 jobbet - lantbrukare - UngNytt","description":"Hur \u00e4r det att jobba som lantbrukare? Vi har gett oss ut i kommunen och tr\u00e4ffat unga vuxna som har valt att arbeta h\u00e4r p\u00e5 \u00d6land.","robots":{"index":"index","follow":"follow","max-snippet":"max-snippet:-1","max-image-preview":"max-image-preview:large","max-video-preview":"max-video-preview:-1"},"canonical":"https:\/\/www.morbylanga.se\/ungnytt\/ung-pa-jobbet-lantbrukare\/","og_locale":"sv_SE","og_type":"article","og_title":"Ung p\u00e5 jobbet - lantbrukare - UngNytt","og_description":"Hur \u00e4r det att jobba som lantbrukare? Vi har gett oss ut i kommunen och tr\u00e4ffat unga vuxna som har valt att arbeta h\u00e4r p\u00e5 \u00d6land.","og_url":"https:\/\/www.morbylanga.se\/ungnytt\/ung-pa-jobbet-lantbrukare\/","og_site_name":"UngNytt","article_published_time":"2024-08-26T07:27:16+00:00","og_image":[{"width":2560,"height":1152,"url":"https:\/\/www.morbylanga.se\/ungnytt\/wp-content\/uploads\/2024\/03\/emmao-ch-felicia-scaled.jpg","type":"image\/jpeg"}],"author":"Emilia Gustafsson","twitter_card":"summary_large_image","twitter_misc":{"Skriven av":"Emilia Gustafsson","Ber\u00e4knad l\u00e4stid":"2 minuter"},"schema":{"@context":"https:\/\/schema.org","@graph":[{"@type":"Article","@id":"https:\/\/www.morbylanga.se\/ungnytt\/ung-pa-jobbet-lantbrukare\/#article","isPartOf":{"@id":"https:\/\/www.morbylanga.se\/ungnytt\/ung-pa-jobbet-lantbrukare\/"},"author":{"name":"Emilia Gustafsson","@id":"https:\/\/www.morbylanga.se\/ungnytt\/#\/schema\/person\/85fa17ba36d9991cf2728a563e6b125e"},"headline":"Ung p\u00e5 jobbet &#8211; lantbrukare","datePublished":"2024-08-26T07:27:16+00:00","mainEntityOfPage":{"@id":"https:\/\/www.morbylanga.se\/ungnytt\/ung-pa-jobbet-lantbrukare\/"},"wordCount":235,"commentCount":0,"image":{"@id":"https:\/\/www.morbylanga.se\/ungnytt\/ung-pa-jobbet-lantbrukare\/#primaryimage"},"thumbnailUrl":"https:\/\/www.morbylanga.se\/ungnytt\/wp-content\/uploads\/2024\/03\/emmao-ch-felicia-scaled.jpg","articleSection":["Intervju"],"inLanguage":"sv-SE","potentialAction":[{"@type":"CommentAction","name":"Comment","target":["https:\/\/www.morbylanga.se\/ungnytt\/ung-pa-jobbet-lantbrukare\/#respond"]}]},{"@type":"WebPage","@id":"https:\/\/www.morbylanga.se\/ungnytt\/ung-pa-jobbet-lantbrukare\/","url":"https:\/\/www.morbylanga.se\/ungnytt\/ung-pa-jobbet-lantbrukare\/","name":"Ung p\u00e5 jobbet - lantbrukare - UngNytt","isPartOf":{"@id":"https:\/\/www.morbylanga.se\/ungnytt\/#website"},"primaryImageOfPage":{"@id":"https:\/\/www.morbylanga.se\/ungnytt\/ung-pa-jobbet-lantbrukare\/#primaryimage"},"image":{"@id":"https:\/\/www.morbylanga.se\/ungnytt\/ung-pa-jobbet-lantbrukare\/#primaryimage"},"thumbnailUrl":"https:\/\/www.morbylanga.se\/ungnytt\/wp-content\/uploads\/2024\/03\/emmao-ch-felicia-scaled.jpg","datePublished":"2024-08-26T07:27:16+00:00","author":{"@id":"https:\/\/www.morbylanga.se\/ungnytt\/#\/schema\/person\/85fa17ba36d9991cf2728a563e6b125e"},"description":"Hur \u00e4r det att jobba som lantbrukare? Vi har gett oss ut i kommunen och tr\u00e4ffat unga vuxna som har valt att arbeta h\u00e4r p\u00e5 \u00d6land.","breadcrumb":{"@id":"https:\/\/www.morbylanga.se\/ungnytt\/ung-pa-jobbet-lantbrukare\/#breadcrumb"},"inLanguage":"sv-SE","potentialAction":[{"@type":"ReadAction","target":["https:\/\/www.morbylanga.se\/ungnytt\/ung-pa-jobbet-lantbrukare\/"]}]},{"@type":"ImageObject","inLanguage":"sv-SE","@id":"https:\/\/www.morbylanga.se\/ungnytt\/ung-pa-jobbet-lantbrukare\/#primaryimage","url":"https:\/\/www.morbylanga.se\/ungnytt\/wp-content\/uploads\/2024\/03\/emmao-ch-felicia-scaled.jpg","contentUrl":"https:\/\/www.morbylanga.se\/ungnytt\/wp-content\/uploads\/2024\/03\/emmao-ch-felicia-scaled.jpg","width":2560,"height":1152,"caption":"Tv\u00e5 personer som st\u00e5r i en spilta inuti en ladug\u00e5rd. En kalv st\u00e5r framf\u00f6r dem. Kalven har vita och svarta fl\u00e4ckar."},{"@type":"BreadcrumbList","@id":"https:\/\/www.morbylanga.se\/ungnytt\/ung-pa-jobbet-lantbrukare\/#breadcrumb","itemListElement":[{"@type":"ListItem","position":1,"name":"Hem","item":"https:\/\/www.morbylanga.se\/ungnytt\/"},{"@type":"ListItem","position":2,"name":"Ung p\u00e5 jobbet &#8211; lantbrukare"}]},{"@type":"WebSite","@id":"https:\/\/www.morbylanga.se\/ungnytt\/#website","url":"https:\/\/www.morbylanga.se\/ungnytt\/","name":"UngNytt","description":"Nyheter f\u00f6r och av unga i M\u00f6rbyl\u00e5nga kommun","potentialAction":[{"@type":"SearchAction","target":{"@type":"EntryPoint","urlTemplate":"https:\/\/www.morbylanga.se\/ungnytt\/?s={search_term_string}"},"query-input":{"@type":"PropertyValueSpecification","valueRequired":true,"valueName":"search_term_string"}}],"inLanguage":"sv-SE"},{"@type":"Person","@id":"https:\/\/www.morbylanga.se\/ungnytt\/#\/schema\/person\/85fa17ba36d9991cf2728a563e6b125e","name":"Emilia Gustafsson","image":{"@type":"ImageObject","inLanguage":"sv-SE","@id":"https:\/\/secure.gravatar.com\/avatar\/47b944840caef41c736509a0d63698090bff37bcc0ea43fa61045285135ee4d5?s=96&d=mm&r=g","url":"https:\/\/secure.gravatar.com\/avatar\/47b944840caef41c736509a0d63698090bff37bcc0ea43fa61045285135ee4d5?s=96&d=mm&r=g","contentUrl":"https:\/\/secure.gravatar.com\/avatar\/47b944840caef41c736509a0d63698090bff37bcc0ea43fa61045285135ee4d5?s=96&d=mm&r=g","caption":"Emilia Gustafsson"},"url":"https:\/\/www.morbylanga.se\/ungnytt\/author\/emilia-gustafsson\/"}]}},"primary_category":{"term_id":20,"name":"Intervju","slug":"intervju","term_group":0,"term_taxonomy_id":20,"taxonomy":"category","description":"Intervjuer ger l\u00e4sare m\u00f6jlighet att l\u00e4ra sig mer om en person, deras tankar, \u00e5sikter och erfarenheter. Det kan vara intervjuer med k\u00e4ndisar, experter inom olika omr\u00e5den eller vanliga m\u00e4nniskor med en intressant historia att ber\u00e4tta.","parent":0,"count":4,"filter":"raw"},"_links":{"self":[{"href":"https:\/\/www.morbylanga.se\/ungnytt\/wp-json\/wp\/v2\/posts\/389","targetHints":{"allow":["GET"]}}],"collection":[{"href":"https:\/\/www.morbylanga.se\/ungnytt\/wp-json\/wp\/v2\/posts"}],"about":[{"href":"https:\/\/www.morbylanga.se\/ungnytt\/wp-json\/wp\/v2\/types\/post"}],"author":[{"embeddable":true,"href":"https:\/\/www.morbylanga.se\/ungnytt\/wp-json\/wp\/v2\/users\/3"}],"replies":[{"embeddable":true,"href":"https:\/\/www.morbylanga.se\/ungnytt\/wp-json\/wp\/v2\/comments?post=389"}],"version-history":[{"count":4,"href":"https:\/\/www.morbylanga.se\/ungnytt\/wp-json\/wp\/v2\/posts\/389\/revisions"}],"predecessor-version":[{"id":771,"href":"https:\/\/www.morbylanga.se\/ungnytt\/wp-json\/wp\/v2\/posts\/389\/revisions\/771"}],"wp:featuredmedia":[{"embeddable":true,"href":"https:\/\/www.morbylanga.se\/ungnytt\/wp-json\/wp\/v2\/media\/391"}],"wp:attachment":[{"href":"https:\/\/www.morbylanga.se\/ungnytt\/wp-json\/wp\/v2\/media?parent=389"}],"wp:term":[{"taxonomy":"category","embeddable":true,"href":"https:\/\/www.morbylanga.se\/ungnytt\/wp-json\/wp\/v2\/categories?post=389"}],"curies":[{"name":"wp","href":"https:\/\/api.w.org\/{rel}","templated":true}]}}