{"id":1578,"date":"2026-04-13T14:18:46","date_gmt":"2026-04-13T12:18:46","guid":{"rendered":"https:\/\/www.morbylanga.se\/ungnytt\/?p=1578"},"modified":"2026-04-13T14:19:31","modified_gmt":"2026-04-13T12:19:31","slug":"gar-du-i-arskurs-9-och-ska-borja-gymnasiet","status":"publish","type":"post","link":"https:\/\/www.morbylanga.se\/ungnytt\/gar-du-i-arskurs-9-och-ska-borja-gymnasiet\/","title":{"rendered":"G\u00e5r du i \u00e5rskurs 9 och ska b\u00f6rja gymnasiet?"},"content":{"rendered":"<div class=\"block block-text background-light1\">\ud83d\udc49 Omvalet g\u00e4ller alla dina gymnasieval \u2013 oavsett skola, kommun eller l\u00e4n.<br \/>\n\ud83d\udc49 Har du inte gjort n\u00e5got val \u00e4nnu finns fortfarande m\u00f6jlighet att ans\u00f6ka under perioden.<\/p>\n<p>F\u00f6r Kalmarsunds gymnasief\u00f6rbund g\u00e4ller 24 april \u2013 15 maj f\u00f6r omvalet. Mer information finns p\u00e5 deras webbplats: <a href=\"https:\/\/gyf.se\/nyheter-viktiga-datum-och-krismeddelanden\/viktiga-datum\/arkiv\/2026-04-24-mojlighet-for-omval-till-gymnasiet\" target=\"_blank\">gyf.se<\/a> <\/div>\n<div class=\"block block-text background-light2\">\n<em>Kalmarsunds gymnasief\u00f6rbund \u00e4r ett kommunalf\u00f6rbund och best\u00e5r av medlemskommunerna Borgholm, Kalmar, M\u00f6nster\u00e5s, M\u00f6rbyl\u00e5nga och Tors\u00e5s. F\u00f6rbundets uppgift \u00e4r att bedriva och utveckla gymnasial utbildning och kommunal vuxenutbildning.<\/em><\/div>\n","protected":false},"excerpt":{"rendered":"<p>\ud83d\udc49 Omvalet g\u00e4ller alla dina gymnasieval \u2013 oavsett skola, kommun eller l\u00e4n. \ud83d\udc49 Har du inte gjort n\u00e5got val \u00e4nnu finns fortfarande m\u00f6jlighet att ans\u00f6ka under perioden. F\u00f6r Kalmarsunds gymnasief\u00f6rbund g\u00e4ller 24 april \u2013 15 maj f\u00f6r omvalet. Mer information finns p\u00e5 deras webbplats: gyf.se Kalmarsunds gymnasief\u00f6rbund \u00e4r ett kommunalf\u00f6rbund och best\u00e5r av medlemskommunerna Borgholm, [&hellip;]<\/p>\n","protected":false},"author":2,"featured_media":1580,"comment_status":"open","ping_status":"open","sticky":false,"template":"","format":"standard","meta":{"_acf_changed":false,"footnotes":""},"categories":[1],"class_list":["post-1578","post","type-post","status-publish","format-standard","has-post-thumbnail","hentry","category-nyhet"],"acf":{"news_thumbnail_video":"","show_news_thumbnail_in_post":true,"news_related_content_title":"Relaterat inneh\u00e5ll","news_related_content":[1076,1084],"preamble":"Under april\u2013maj \u00e4r det omvalsperiod \u2013 en m\u00f6jlighet f\u00f6r dig som redan gjort ditt gymnasieval att \u00e4ndra, l\u00e4gga till eller ta bort val."},"yoast_head":"<!-- This site is optimized with the Yoast SEO plugin v27.2 - https:\/\/yoast.com\/product\/yoast-seo-wordpress\/ -->\n<title>G\u00e5r du i \u00e5rskurs 9 och ska b\u00f6rja gymnasiet? - UngNytt<\/title>\n<meta name=\"description\" content=\"Under april\u2013maj \u00e4r det omvalsperiod \u2013 en m\u00f6jlighet f\u00f6r dig som redan gjort ditt gymnasieval att \u00e4ndra, l\u00e4gga till eller ta bort val.\" \/>\n<meta name=\"robots\" content=\"index, follow, max-snippet:-1, max-image-preview:large, max-video-preview:-1\" \/>\n<link rel=\"canonical\" href=\"https:\/\/www.morbylanga.se\/ungnytt\/gar-du-i-arskurs-9-och-ska-borja-gymnasiet\/\" \/>\n<meta property=\"og:locale\" content=\"sv_SE\" \/>\n<meta property=\"og:type\" content=\"article\" \/>\n<meta property=\"og:title\" content=\"G\u00e5r du i \u00e5rskurs 9 och ska b\u00f6rja gymnasiet? - UngNytt\" \/>\n<meta property=\"og:description\" content=\"Under april\u2013maj \u00e4r det omvalsperiod \u2013 en m\u00f6jlighet f\u00f6r dig som redan gjort ditt gymnasieval att \u00e4ndra, l\u00e4gga till eller ta bort val.\" \/>\n<meta property=\"og:url\" content=\"https:\/\/www.morbylanga.se\/ungnytt\/gar-du-i-arskurs-9-och-ska-borja-gymnasiet\/\" \/>\n<meta property=\"og:site_name\" content=\"UngNytt\" \/>\n<meta property=\"article:published_time\" content=\"2026-04-13T12:18:46+00:00\" \/>\n<meta property=\"article:modified_time\" content=\"2026-04-13T12:19:31+00:00\" \/>\n<meta property=\"og:image\" content=\"https:\/\/www.morbylanga.se\/ungnytt\/wp-content\/uploads\/2026\/04\/mp59177626-two-multiracial-teenagers-smiling-and-using-cellphones-at-scaled.jpg\" \/>\n\t<meta property=\"og:image:width\" content=\"2560\" \/>\n\t<meta property=\"og:image:height\" content=\"1708\" \/>\n\t<meta property=\"og:image:type\" content=\"image\/jpeg\" \/>\n<meta name=\"author\" content=\"Matilda Hildingsson\" \/>\n<meta name=\"twitter:card\" content=\"summary_large_image\" \/>\n<meta name=\"twitter:label1\" content=\"Skriven av\" \/>\n\t<meta name=\"twitter:data1\" content=\"Matilda Hildingsson\" \/>\n\t<meta name=\"twitter:label2\" content=\"Ber\u00e4knad l\u00e4stid\" \/>\n\t<meta name=\"twitter:data2\" content=\"1 minut\" \/>\n<script type=\"application\/ld+json\" class=\"yoast-schema-graph\">{\"@context\":\"https:\/\/schema.org\",\"@graph\":[{\"@type\":\"Article\",\"@id\":\"https:\/\/www.morbylanga.se\/ungnytt\/gar-du-i-arskurs-9-och-ska-borja-gymnasiet\/#article\",\"isPartOf\":{\"@id\":\"https:\/\/www.morbylanga.se\/ungnytt\/gar-du-i-arskurs-9-och-ska-borja-gymnasiet\/\"},\"author\":{\"name\":\"Matilda Hildingsson\",\"@id\":\"https:\/\/www.morbylanga.se\/ungnytt\/#\/schema\/person\/82a2e0484000f3af59a54befaca994b0\"},\"headline\":\"G\u00e5r du i \u00e5rskurs 9 och ska b\u00f6rja gymnasiet?\",\"datePublished\":\"2026-04-13T12:18:46+00:00\",\"dateModified\":\"2026-04-13T12:19:31+00:00\",\"mainEntityOfPage\":{\"@id\":\"https:\/\/www.morbylanga.se\/ungnytt\/gar-du-i-arskurs-9-och-ska-borja-gymnasiet\/\"},\"wordCount\":95,\"commentCount\":0,\"image\":{\"@id\":\"https:\/\/www.morbylanga.se\/ungnytt\/gar-du-i-arskurs-9-och-ska-borja-gymnasiet\/#primaryimage\"},\"thumbnailUrl\":\"https:\/\/www.morbylanga.se\/ungnytt\/wp-content\/uploads\/2026\/04\/mp59177626-two-multiracial-teenagers-smiling-and-using-cellphones-at-scaled.jpg\",\"articleSection\":[\"Nyhet\"],\"inLanguage\":\"sv-SE\",\"potentialAction\":[{\"@type\":\"CommentAction\",\"name\":\"Comment\",\"target\":[\"https:\/\/www.morbylanga.se\/ungnytt\/gar-du-i-arskurs-9-och-ska-borja-gymnasiet\/#respond\"]}]},{\"@type\":\"WebPage\",\"@id\":\"https:\/\/www.morbylanga.se\/ungnytt\/gar-du-i-arskurs-9-och-ska-borja-gymnasiet\/\",\"url\":\"https:\/\/www.morbylanga.se\/ungnytt\/gar-du-i-arskurs-9-och-ska-borja-gymnasiet\/\",\"name\":\"G\u00e5r du i \u00e5rskurs 9 och ska b\u00f6rja gymnasiet? - UngNytt\",\"isPartOf\":{\"@id\":\"https:\/\/www.morbylanga.se\/ungnytt\/#website\"},\"primaryImageOfPage\":{\"@id\":\"https:\/\/www.morbylanga.se\/ungnytt\/gar-du-i-arskurs-9-och-ska-borja-gymnasiet\/#primaryimage\"},\"image\":{\"@id\":\"https:\/\/www.morbylanga.se\/ungnytt\/gar-du-i-arskurs-9-och-ska-borja-gymnasiet\/#primaryimage\"},\"thumbnailUrl\":\"https:\/\/www.morbylanga.se\/ungnytt\/wp-content\/uploads\/2026\/04\/mp59177626-two-multiracial-teenagers-smiling-and-using-cellphones-at-scaled.jpg\",\"datePublished\":\"2026-04-13T12:18:46+00:00\",\"dateModified\":\"2026-04-13T12:19:31+00:00\",\"author\":{\"@id\":\"https:\/\/www.morbylanga.se\/ungnytt\/#\/schema\/person\/82a2e0484000f3af59a54befaca994b0\"},\"description\":\"Under april\u2013maj \u00e4r det omvalsperiod \u2013 en m\u00f6jlighet f\u00f6r dig som redan gjort ditt gymnasieval att \u00e4ndra, l\u00e4gga till eller ta bort val.\",\"breadcrumb\":{\"@id\":\"https:\/\/www.morbylanga.se\/ungnytt\/gar-du-i-arskurs-9-och-ska-borja-gymnasiet\/#breadcrumb\"},\"inLanguage\":\"sv-SE\",\"potentialAction\":[{\"@type\":\"ReadAction\",\"target\":[\"https:\/\/www.morbylanga.se\/ungnytt\/gar-du-i-arskurs-9-och-ska-borja-gymnasiet\/\"]}]},{\"@type\":\"ImageObject\",\"inLanguage\":\"sv-SE\",\"@id\":\"https:\/\/www.morbylanga.se\/ungnytt\/gar-du-i-arskurs-9-och-ska-borja-gymnasiet\/#primaryimage\",\"url\":\"https:\/\/www.morbylanga.se\/ungnytt\/wp-content\/uploads\/2026\/04\/mp59177626-two-multiracial-teenagers-smiling-and-using-cellphones-at-scaled.jpg\",\"contentUrl\":\"https:\/\/www.morbylanga.se\/ungnytt\/wp-content\/uploads\/2026\/04\/mp59177626-two-multiracial-teenagers-smiling-and-using-cellphones-at-scaled.jpg\",\"width\":2560,\"height\":1708,\"caption\":\"Two multiracial teenagers smiling and using cellphones while spending time at skate park outdoors\"},{\"@type\":\"BreadcrumbList\",\"@id\":\"https:\/\/www.morbylanga.se\/ungnytt\/gar-du-i-arskurs-9-och-ska-borja-gymnasiet\/#breadcrumb\",\"itemListElement\":[{\"@type\":\"ListItem\",\"position\":1,\"name\":\"Hem\",\"item\":\"https:\/\/www.morbylanga.se\/ungnytt\/\"},{\"@type\":\"ListItem\",\"position\":2,\"name\":\"G\u00e5r du i \u00e5rskurs 9 och ska b\u00f6rja gymnasiet?\"}]},{\"@type\":\"WebSite\",\"@id\":\"https:\/\/www.morbylanga.se\/ungnytt\/#website\",\"url\":\"https:\/\/www.morbylanga.se\/ungnytt\/\",\"name\":\"UngNytt\",\"description\":\"Nyheter f\u00f6r och av unga i M\u00f6rbyl\u00e5nga kommun\",\"potentialAction\":[{\"@type\":\"SearchAction\",\"target\":{\"@type\":\"EntryPoint\",\"urlTemplate\":\"https:\/\/www.morbylanga.se\/ungnytt\/?s={search_term_string}\"},\"query-input\":{\"@type\":\"PropertyValueSpecification\",\"valueRequired\":true,\"valueName\":\"search_term_string\"}}],\"inLanguage\":\"sv-SE\"},{\"@type\":\"Person\",\"@id\":\"https:\/\/www.morbylanga.se\/ungnytt\/#\/schema\/person\/82a2e0484000f3af59a54befaca994b0\",\"name\":\"Matilda Hildingsson\",\"image\":{\"@type\":\"ImageObject\",\"inLanguage\":\"sv-SE\",\"@id\":\"https:\/\/secure.gravatar.com\/avatar\/a9a9720d8381fae775fcb00a1b0ef7c82645a47eb74c9171231f34016604b716?s=96&d=mm&r=g\",\"url\":\"https:\/\/secure.gravatar.com\/avatar\/a9a9720d8381fae775fcb00a1b0ef7c82645a47eb74c9171231f34016604b716?s=96&d=mm&r=g\",\"contentUrl\":\"https:\/\/secure.gravatar.com\/avatar\/a9a9720d8381fae775fcb00a1b0ef7c82645a47eb74c9171231f34016604b716?s=96&d=mm&r=g\",\"caption\":\"Matilda Hildingsson\"},\"url\":\"https:\/\/www.morbylanga.se\/ungnytt\/author\/matilda_hildingsson\/\"}]}<\/script>\n<!-- \/ Yoast SEO plugin. -->","yoast_head_json":{"title":"G\u00e5r du i \u00e5rskurs 9 och ska b\u00f6rja gymnasiet? - UngNytt","description":"Under april\u2013maj \u00e4r det omvalsperiod \u2013 en m\u00f6jlighet f\u00f6r dig som redan gjort ditt gymnasieval att \u00e4ndra, l\u00e4gga till eller ta bort val.","robots":{"index":"index","follow":"follow","max-snippet":"max-snippet:-1","max-image-preview":"max-image-preview:large","max-video-preview":"max-video-preview:-1"},"canonical":"https:\/\/www.morbylanga.se\/ungnytt\/gar-du-i-arskurs-9-och-ska-borja-gymnasiet\/","og_locale":"sv_SE","og_type":"article","og_title":"G\u00e5r du i \u00e5rskurs 9 och ska b\u00f6rja gymnasiet? - UngNytt","og_description":"Under april\u2013maj \u00e4r det omvalsperiod \u2013 en m\u00f6jlighet f\u00f6r dig som redan gjort ditt gymnasieval att \u00e4ndra, l\u00e4gga till eller ta bort val.","og_url":"https:\/\/www.morbylanga.se\/ungnytt\/gar-du-i-arskurs-9-och-ska-borja-gymnasiet\/","og_site_name":"UngNytt","article_published_time":"2026-04-13T12:18:46+00:00","article_modified_time":"2026-04-13T12:19:31+00:00","og_image":[{"width":2560,"height":1708,"url":"https:\/\/www.morbylanga.se\/ungnytt\/wp-content\/uploads\/2026\/04\/mp59177626-two-multiracial-teenagers-smiling-and-using-cellphones-at-scaled.jpg","type":"image\/jpeg"}],"author":"Matilda Hildingsson","twitter_card":"summary_large_image","twitter_misc":{"Skriven av":"Matilda Hildingsson","Ber\u00e4knad l\u00e4stid":"1 minut"},"schema":{"@context":"https:\/\/schema.org","@graph":[{"@type":"Article","@id":"https:\/\/www.morbylanga.se\/ungnytt\/gar-du-i-arskurs-9-och-ska-borja-gymnasiet\/#article","isPartOf":{"@id":"https:\/\/www.morbylanga.se\/ungnytt\/gar-du-i-arskurs-9-och-ska-borja-gymnasiet\/"},"author":{"name":"Matilda Hildingsson","@id":"https:\/\/www.morbylanga.se\/ungnytt\/#\/schema\/person\/82a2e0484000f3af59a54befaca994b0"},"headline":"G\u00e5r du i \u00e5rskurs 9 och ska b\u00f6rja gymnasiet?","datePublished":"2026-04-13T12:18:46+00:00","dateModified":"2026-04-13T12:19:31+00:00","mainEntityOfPage":{"@id":"https:\/\/www.morbylanga.se\/ungnytt\/gar-du-i-arskurs-9-och-ska-borja-gymnasiet\/"},"wordCount":95,"commentCount":0,"image":{"@id":"https:\/\/www.morbylanga.se\/ungnytt\/gar-du-i-arskurs-9-och-ska-borja-gymnasiet\/#primaryimage"},"thumbnailUrl":"https:\/\/www.morbylanga.se\/ungnytt\/wp-content\/uploads\/2026\/04\/mp59177626-two-multiracial-teenagers-smiling-and-using-cellphones-at-scaled.jpg","articleSection":["Nyhet"],"inLanguage":"sv-SE","potentialAction":[{"@type":"CommentAction","name":"Comment","target":["https:\/\/www.morbylanga.se\/ungnytt\/gar-du-i-arskurs-9-och-ska-borja-gymnasiet\/#respond"]}]},{"@type":"WebPage","@id":"https:\/\/www.morbylanga.se\/ungnytt\/gar-du-i-arskurs-9-och-ska-borja-gymnasiet\/","url":"https:\/\/www.morbylanga.se\/ungnytt\/gar-du-i-arskurs-9-och-ska-borja-gymnasiet\/","name":"G\u00e5r du i \u00e5rskurs 9 och ska b\u00f6rja gymnasiet? - UngNytt","isPartOf":{"@id":"https:\/\/www.morbylanga.se\/ungnytt\/#website"},"primaryImageOfPage":{"@id":"https:\/\/www.morbylanga.se\/ungnytt\/gar-du-i-arskurs-9-och-ska-borja-gymnasiet\/#primaryimage"},"image":{"@id":"https:\/\/www.morbylanga.se\/ungnytt\/gar-du-i-arskurs-9-och-ska-borja-gymnasiet\/#primaryimage"},"thumbnailUrl":"https:\/\/www.morbylanga.se\/ungnytt\/wp-content\/uploads\/2026\/04\/mp59177626-two-multiracial-teenagers-smiling-and-using-cellphones-at-scaled.jpg","datePublished":"2026-04-13T12:18:46+00:00","dateModified":"2026-04-13T12:19:31+00:00","author":{"@id":"https:\/\/www.morbylanga.se\/ungnytt\/#\/schema\/person\/82a2e0484000f3af59a54befaca994b0"},"description":"Under april\u2013maj \u00e4r det omvalsperiod \u2013 en m\u00f6jlighet f\u00f6r dig som redan gjort ditt gymnasieval att \u00e4ndra, l\u00e4gga till eller ta bort val.","breadcrumb":{"@id":"https:\/\/www.morbylanga.se\/ungnytt\/gar-du-i-arskurs-9-och-ska-borja-gymnasiet\/#breadcrumb"},"inLanguage":"sv-SE","potentialAction":[{"@type":"ReadAction","target":["https:\/\/www.morbylanga.se\/ungnytt\/gar-du-i-arskurs-9-och-ska-borja-gymnasiet\/"]}]},{"@type":"ImageObject","inLanguage":"sv-SE","@id":"https:\/\/www.morbylanga.se\/ungnytt\/gar-du-i-arskurs-9-och-ska-borja-gymnasiet\/#primaryimage","url":"https:\/\/www.morbylanga.se\/ungnytt\/wp-content\/uploads\/2026\/04\/mp59177626-two-multiracial-teenagers-smiling-and-using-cellphones-at-scaled.jpg","contentUrl":"https:\/\/www.morbylanga.se\/ungnytt\/wp-content\/uploads\/2026\/04\/mp59177626-two-multiracial-teenagers-smiling-and-using-cellphones-at-scaled.jpg","width":2560,"height":1708,"caption":"Two multiracial teenagers smiling and using cellphones while spending time at skate park outdoors"},{"@type":"BreadcrumbList","@id":"https:\/\/www.morbylanga.se\/ungnytt\/gar-du-i-arskurs-9-och-ska-borja-gymnasiet\/#breadcrumb","itemListElement":[{"@type":"ListItem","position":1,"name":"Hem","item":"https:\/\/www.morbylanga.se\/ungnytt\/"},{"@type":"ListItem","position":2,"name":"G\u00e5r du i \u00e5rskurs 9 och ska b\u00f6rja gymnasiet?"}]},{"@type":"WebSite","@id":"https:\/\/www.morbylanga.se\/ungnytt\/#website","url":"https:\/\/www.morbylanga.se\/ungnytt\/","name":"UngNytt","description":"Nyheter f\u00f6r och av unga i M\u00f6rbyl\u00e5nga kommun","potentialAction":[{"@type":"SearchAction","target":{"@type":"EntryPoint","urlTemplate":"https:\/\/www.morbylanga.se\/ungnytt\/?s={search_term_string}"},"query-input":{"@type":"PropertyValueSpecification","valueRequired":true,"valueName":"search_term_string"}}],"inLanguage":"sv-SE"},{"@type":"Person","@id":"https:\/\/www.morbylanga.se\/ungnytt\/#\/schema\/person\/82a2e0484000f3af59a54befaca994b0","name":"Matilda Hildingsson","image":{"@type":"ImageObject","inLanguage":"sv-SE","@id":"https:\/\/secure.gravatar.com\/avatar\/a9a9720d8381fae775fcb00a1b0ef7c82645a47eb74c9171231f34016604b716?s=96&d=mm&r=g","url":"https:\/\/secure.gravatar.com\/avatar\/a9a9720d8381fae775fcb00a1b0ef7c82645a47eb74c9171231f34016604b716?s=96&d=mm&r=g","contentUrl":"https:\/\/secure.gravatar.com\/avatar\/a9a9720d8381fae775fcb00a1b0ef7c82645a47eb74c9171231f34016604b716?s=96&d=mm&r=g","caption":"Matilda Hildingsson"},"url":"https:\/\/www.morbylanga.se\/ungnytt\/author\/matilda_hildingsson\/"}]}},"primary_category":{"term_id":1,"name":"Nyhet","slug":"nyhet","term_group":0,"term_taxonomy_id":1,"taxonomy":"category","description":"Nyhetsartiklar presenterar objektivt aktuella h\u00e4ndelser och nyheter. De ger vanligtvis information om vem, vad, var, n\u00e4r och varf\u00f6r h\u00e4ndelsen \u00e4gde rum. Nyhetsartiklar fokuserar p\u00e5 att rapportera fakta utan att inkludera personliga \u00e5sikter eller tolkningar.","parent":0,"count":49,"filter":"raw"},"_links":{"self":[{"href":"https:\/\/www.morbylanga.se\/ungnytt\/wp-json\/wp\/v2\/posts\/1578","targetHints":{"allow":["GET"]}}],"collection":[{"href":"https:\/\/www.morbylanga.se\/ungnytt\/wp-json\/wp\/v2\/posts"}],"about":[{"href":"https:\/\/www.morbylanga.se\/ungnytt\/wp-json\/wp\/v2\/types\/post"}],"author":[{"embeddable":true,"href":"https:\/\/www.morbylanga.se\/ungnytt\/wp-json\/wp\/v2\/users\/2"}],"replies":[{"embeddable":true,"href":"https:\/\/www.morbylanga.se\/ungnytt\/wp-json\/wp\/v2\/comments?post=1578"}],"version-history":[{"count":3,"href":"https:\/\/www.morbylanga.se\/ungnytt\/wp-json\/wp\/v2\/posts\/1578\/revisions"}],"predecessor-version":[{"id":1582,"href":"https:\/\/www.morbylanga.se\/ungnytt\/wp-json\/wp\/v2\/posts\/1578\/revisions\/1582"}],"acf:post":[{"embeddable":true,"href":"https:\/\/www.morbylanga.se\/ungnytt\/wp-json\/wp\/v2\/posts\/1084"},{"embeddable":true,"href":"https:\/\/www.morbylanga.se\/ungnytt\/wp-json\/wp\/v2\/card\/1076"}],"wp:featuredmedia":[{"embeddable":true,"href":"https:\/\/www.morbylanga.se\/ungnytt\/wp-json\/wp\/v2\/media\/1580"}],"wp:attachment":[{"href":"https:\/\/www.morbylanga.se\/ungnytt\/wp-json\/wp\/v2\/media?parent=1578"}],"wp:term":[{"taxonomy":"category","embeddable":true,"href":"https:\/\/www.morbylanga.se\/ungnytt\/wp-json\/wp\/v2\/categories?post=1578"}],"curies":[{"name":"wp","href":"https:\/\/api.w.org\/{rel}","templated":true}]}}