{"id":1465,"date":"2026-03-02T09:55:18","date_gmt":"2026-03-02T08:55:18","guid":{"rendered":"https:\/\/www.morbylanga.se\/ungnytt\/?p=1465"},"modified":"2026-03-02T13:35:11","modified_gmt":"2026-03-02T12:35:11","slug":"jamstalldhetsfestival-pa-biblioteket-starka-kvinnor-fran-oland-i-fokus","status":"publish","type":"post","link":"https:\/\/www.morbylanga.se\/ungnytt\/jamstalldhetsfestival-pa-biblioteket-starka-kvinnor-fran-oland-i-fokus\/","title":{"rendered":"J\u00e4mst\u00e4lldhetsfestival p\u00e5 biblioteket \u2013 starka kvinnor fr\u00e5n \u00d6land i fokus"},"content":{"rendered":"<p>Festivalen inleds med ett f\u00f6rfattarsamtal med Marie Wiell, som bor i F\u00e4rjestaden. Hon ber\u00e4ttar om tv\u00e5 historiska \u00d6landskvinnor som gjorde avtryck i en tid d\u00e5 kvinnor hade betydligt f\u00e4rre r\u00e4ttigheter:<\/p>\n<ul>\n<li>Bertha Wellin (1870\u20131951) \u2013 sjuksk\u00f6terska och en av de f\u00f6rsta fem kvinnorna i Sveriges riksdag.<\/li>\n<li>Thekla Engstr\u00f6m (1848\u20131930) \u2013 v\u00e4xte upp med ensamst\u00e5ende mamma och blev l\u00e4rare, guvern\u00f6r och v\u00e4lk\u00e4nd f\u00f6rfattare.<\/li>\n<\/ul>\n<p>Tv\u00e5 kvinnor som inte gav upp \u2013 och som var tidiga f\u00f6rebilder i kampen f\u00f6r j\u00e4mst\u00e4lldhet.<\/p>\n<h3>Program<\/h3>\n<p>\ud83d\udc93 M\u00e5ndag 2\/3 kl. 18.00\u201319.00<br \/>\nF\u00f6rfattarsamtal med Marie Wiell<\/p>\n<p>\ud83d\udc93 Tisdag 3\/3 kl. 14.30\u201317.00<br \/>\nQuiz \u2013 J\u00e4mst\u00e4lldhet genom tiderna<\/p>\n<p>\ud83d\udc93 Torsdag 5\/3 kl. 14.00\u201316.00<br \/>\n\u00d6ppna samtal och fika med hembakat<\/p>\n<p><em>Alla aktiviteter \u00e4r gratis och ingen f\u00f6ranm\u00e4lan beh\u00f6vs.<\/em><\/p>\n","protected":false},"excerpt":{"rendered":"<p>Festivalen inleds med ett f\u00f6rfattarsamtal med Marie Wiell, som bor i F\u00e4rjestaden. Hon ber\u00e4ttar om tv\u00e5 historiska \u00d6landskvinnor som gjorde avtryck i en tid d\u00e5 kvinnor hade betydligt f\u00e4rre r\u00e4ttigheter: Bertha Wellin (1870\u20131951) \u2013 sjuksk\u00f6terska och en av de f\u00f6rsta fem kvinnorna i Sveriges riksdag. Thekla Engstr\u00f6m (1848\u20131930) \u2013 v\u00e4xte upp med ensamst\u00e5ende mamma och [&hellip;]<\/p>\n","protected":false},"author":2,"featured_media":1466,"comment_status":"open","ping_status":"open","sticky":false,"template":"","format":"standard","meta":{"_acf_changed":false,"footnotes":""},"categories":[28],"class_list":["post-1465","post","type-post","status-publish","format-standard","has-post-thumbnail","hentry","category-evenemang"],"acf":{"news_thumbnail_video":"","show_news_thumbnail_in_post":true,"news_related_content_title":"Relaterat inneh\u00e5ll","news_related_content":"","preamble":"Nu arrangeras J\u00e4mst\u00e4lldhetsfestivalen p\u00e5 biblioteket i F\u00e4rjestaden. Under veckan uppm\u00e4rksammas j\u00e4mst\u00e4lldhet genom f\u00f6rfattarsamtal, quiz och \u00f6ppna samtal.\r\n"},"yoast_head":"<!-- This site is optimized with the Yoast SEO plugin v27.2 - https:\/\/yoast.com\/product\/yoast-seo-wordpress\/ -->\n<title>J\u00e4mst\u00e4lldhetsfestival p\u00e5 biblioteket \u2013 starka kvinnor fr\u00e5n \u00d6land i fokus - UngNytt<\/title>\n<meta name=\"description\" content=\"Nu arrangeras J\u00e4mst\u00e4lldhetsfestivalen p\u00e5 biblioteket i F\u00e4rjestaden. Under veckan uppm\u00e4rksammas j\u00e4mst\u00e4lldhet genom f\u00f6rfattarsamtal, quiz och \u00f6ppna samtal.\" \/>\n<meta name=\"robots\" content=\"index, follow, max-snippet:-1, max-image-preview:large, max-video-preview:-1\" \/>\n<link rel=\"canonical\" href=\"https:\/\/www.morbylanga.se\/ungnytt\/jamstalldhetsfestival-pa-biblioteket-starka-kvinnor-fran-oland-i-fokus\/\" \/>\n<meta property=\"og:locale\" content=\"sv_SE\" \/>\n<meta property=\"og:type\" content=\"article\" \/>\n<meta property=\"og:title\" content=\"J\u00e4mst\u00e4lldhetsfestival p\u00e5 biblioteket \u2013 starka kvinnor fr\u00e5n \u00d6land i fokus - UngNytt\" \/>\n<meta property=\"og:description\" content=\"Nu arrangeras J\u00e4mst\u00e4lldhetsfestivalen p\u00e5 biblioteket i F\u00e4rjestaden. Under veckan uppm\u00e4rksammas j\u00e4mst\u00e4lldhet genom f\u00f6rfattarsamtal, quiz och \u00f6ppna samtal.\" \/>\n<meta property=\"og:url\" content=\"https:\/\/www.morbylanga.se\/ungnytt\/jamstalldhetsfestival-pa-biblioteket-starka-kvinnor-fran-oland-i-fokus\/\" \/>\n<meta property=\"og:site_name\" content=\"UngNytt\" \/>\n<meta property=\"article:published_time\" content=\"2026-03-02T08:55:18+00:00\" \/>\n<meta property=\"article:modified_time\" content=\"2026-03-02T12:35:11+00:00\" \/>\n<meta property=\"og:image\" content=\"https:\/\/www.morbylanga.se\/ungnytt\/wp-content\/uploads\/2026\/03\/64115838813612944127049291757210876883940495n-e1772441694149.jpg\" \/>\n\t<meta property=\"og:image:width\" content=\"526\" \/>\n\t<meta property=\"og:image:height\" content=\"261\" \/>\n\t<meta property=\"og:image:type\" content=\"image\/jpeg\" \/>\n<meta name=\"author\" content=\"Matilda Hildingsson\" \/>\n<meta name=\"twitter:card\" content=\"summary_large_image\" \/>\n<meta name=\"twitter:label1\" content=\"Skriven av\" \/>\n\t<meta name=\"twitter:data1\" content=\"Matilda Hildingsson\" \/>\n\t<meta name=\"twitter:label2\" content=\"Ber\u00e4knad l\u00e4stid\" \/>\n\t<meta name=\"twitter:data2\" content=\"1 minut\" \/>\n<script type=\"application\/ld+json\" class=\"yoast-schema-graph\">{\"@context\":\"https:\/\/schema.org\",\"@graph\":[{\"@type\":\"Article\",\"@id\":\"https:\/\/www.morbylanga.se\/ungnytt\/jamstalldhetsfestival-pa-biblioteket-starka-kvinnor-fran-oland-i-fokus\/#article\",\"isPartOf\":{\"@id\":\"https:\/\/www.morbylanga.se\/ungnytt\/jamstalldhetsfestival-pa-biblioteket-starka-kvinnor-fran-oland-i-fokus\/\"},\"author\":{\"name\":\"Matilda Hildingsson\",\"@id\":\"https:\/\/www.morbylanga.se\/ungnytt\/#\/schema\/person\/82a2e0484000f3af59a54befaca994b0\"},\"headline\":\"J\u00e4mst\u00e4lldhetsfestival p\u00e5 biblioteket \u2013 starka kvinnor fr\u00e5n \u00d6land i fokus\",\"datePublished\":\"2026-03-02T08:55:18+00:00\",\"dateModified\":\"2026-03-02T12:35:11+00:00\",\"mainEntityOfPage\":{\"@id\":\"https:\/\/www.morbylanga.se\/ungnytt\/jamstalldhetsfestival-pa-biblioteket-starka-kvinnor-fran-oland-i-fokus\/\"},\"wordCount\":139,\"commentCount\":0,\"image\":{\"@id\":\"https:\/\/www.morbylanga.se\/ungnytt\/jamstalldhetsfestival-pa-biblioteket-starka-kvinnor-fran-oland-i-fokus\/#primaryimage\"},\"thumbnailUrl\":\"https:\/\/www.morbylanga.se\/ungnytt\/wp-content\/uploads\/2026\/03\/64115838813612944127049291757210876883940495n-e1772441694149.jpg\",\"articleSection\":[\"Evenemang\"],\"inLanguage\":\"sv-SE\",\"potentialAction\":[{\"@type\":\"CommentAction\",\"name\":\"Comment\",\"target\":[\"https:\/\/www.morbylanga.se\/ungnytt\/jamstalldhetsfestival-pa-biblioteket-starka-kvinnor-fran-oland-i-fokus\/#respond\"]}]},{\"@type\":\"WebPage\",\"@id\":\"https:\/\/www.morbylanga.se\/ungnytt\/jamstalldhetsfestival-pa-biblioteket-starka-kvinnor-fran-oland-i-fokus\/\",\"url\":\"https:\/\/www.morbylanga.se\/ungnytt\/jamstalldhetsfestival-pa-biblioteket-starka-kvinnor-fran-oland-i-fokus\/\",\"name\":\"J\u00e4mst\u00e4lldhetsfestival p\u00e5 biblioteket \u2013 starka kvinnor fr\u00e5n \u00d6land i fokus - UngNytt\",\"isPartOf\":{\"@id\":\"https:\/\/www.morbylanga.se\/ungnytt\/#website\"},\"primaryImageOfPage\":{\"@id\":\"https:\/\/www.morbylanga.se\/ungnytt\/jamstalldhetsfestival-pa-biblioteket-starka-kvinnor-fran-oland-i-fokus\/#primaryimage\"},\"image\":{\"@id\":\"https:\/\/www.morbylanga.se\/ungnytt\/jamstalldhetsfestival-pa-biblioteket-starka-kvinnor-fran-oland-i-fokus\/#primaryimage\"},\"thumbnailUrl\":\"https:\/\/www.morbylanga.se\/ungnytt\/wp-content\/uploads\/2026\/03\/64115838813612944127049291757210876883940495n-e1772441694149.jpg\",\"datePublished\":\"2026-03-02T08:55:18+00:00\",\"dateModified\":\"2026-03-02T12:35:11+00:00\",\"author\":{\"@id\":\"https:\/\/www.morbylanga.se\/ungnytt\/#\/schema\/person\/82a2e0484000f3af59a54befaca994b0\"},\"description\":\"Nu arrangeras J\u00e4mst\u00e4lldhetsfestivalen p\u00e5 biblioteket i F\u00e4rjestaden. Under veckan uppm\u00e4rksammas j\u00e4mst\u00e4lldhet genom f\u00f6rfattarsamtal, quiz och \u00f6ppna samtal.\",\"breadcrumb\":{\"@id\":\"https:\/\/www.morbylanga.se\/ungnytt\/jamstalldhetsfestival-pa-biblioteket-starka-kvinnor-fran-oland-i-fokus\/#breadcrumb\"},\"inLanguage\":\"sv-SE\",\"potentialAction\":[{\"@type\":\"ReadAction\",\"target\":[\"https:\/\/www.morbylanga.se\/ungnytt\/jamstalldhetsfestival-pa-biblioteket-starka-kvinnor-fran-oland-i-fokus\/\"]}]},{\"@type\":\"ImageObject\",\"inLanguage\":\"sv-SE\",\"@id\":\"https:\/\/www.morbylanga.se\/ungnytt\/jamstalldhetsfestival-pa-biblioteket-starka-kvinnor-fran-oland-i-fokus\/#primaryimage\",\"url\":\"https:\/\/www.morbylanga.se\/ungnytt\/wp-content\/uploads\/2026\/03\/64115838813612944127049291757210876883940495n-e1772441694149.jpg\",\"contentUrl\":\"https:\/\/www.morbylanga.se\/ungnytt\/wp-content\/uploads\/2026\/03\/64115838813612944127049291757210876883940495n-e1772441694149.jpg\",\"width\":526,\"height\":261,\"caption\":\"En symbol f\u00f6r j\u00e4mst\u00e4lldhetsfestivalen och tre portr\u00e4tt p\u00e5 kvinnor.\"},{\"@type\":\"BreadcrumbList\",\"@id\":\"https:\/\/www.morbylanga.se\/ungnytt\/jamstalldhetsfestival-pa-biblioteket-starka-kvinnor-fran-oland-i-fokus\/#breadcrumb\",\"itemListElement\":[{\"@type\":\"ListItem\",\"position\":1,\"name\":\"Hem\",\"item\":\"https:\/\/www.morbylanga.se\/ungnytt\/\"},{\"@type\":\"ListItem\",\"position\":2,\"name\":\"J\u00e4mst\u00e4lldhetsfestival p\u00e5 biblioteket \u2013 starka kvinnor fr\u00e5n \u00d6land i fokus\"}]},{\"@type\":\"WebSite\",\"@id\":\"https:\/\/www.morbylanga.se\/ungnytt\/#website\",\"url\":\"https:\/\/www.morbylanga.se\/ungnytt\/\",\"name\":\"UngNytt\",\"description\":\"Nyheter f\u00f6r och av unga i M\u00f6rbyl\u00e5nga kommun\",\"potentialAction\":[{\"@type\":\"SearchAction\",\"target\":{\"@type\":\"EntryPoint\",\"urlTemplate\":\"https:\/\/www.morbylanga.se\/ungnytt\/?s={search_term_string}\"},\"query-input\":{\"@type\":\"PropertyValueSpecification\",\"valueRequired\":true,\"valueName\":\"search_term_string\"}}],\"inLanguage\":\"sv-SE\"},{\"@type\":\"Person\",\"@id\":\"https:\/\/www.morbylanga.se\/ungnytt\/#\/schema\/person\/82a2e0484000f3af59a54befaca994b0\",\"name\":\"Matilda Hildingsson\",\"image\":{\"@type\":\"ImageObject\",\"inLanguage\":\"sv-SE\",\"@id\":\"https:\/\/secure.gravatar.com\/avatar\/a9a9720d8381fae775fcb00a1b0ef7c82645a47eb74c9171231f34016604b716?s=96&d=mm&r=g\",\"url\":\"https:\/\/secure.gravatar.com\/avatar\/a9a9720d8381fae775fcb00a1b0ef7c82645a47eb74c9171231f34016604b716?s=96&d=mm&r=g\",\"contentUrl\":\"https:\/\/secure.gravatar.com\/avatar\/a9a9720d8381fae775fcb00a1b0ef7c82645a47eb74c9171231f34016604b716?s=96&d=mm&r=g\",\"caption\":\"Matilda Hildingsson\"},\"url\":\"https:\/\/www.morbylanga.se\/ungnytt\/author\/matilda_hildingsson\/\"}]}<\/script>\n<!-- \/ Yoast SEO plugin. -->","yoast_head_json":{"title":"J\u00e4mst\u00e4lldhetsfestival p\u00e5 biblioteket \u2013 starka kvinnor fr\u00e5n \u00d6land i fokus - UngNytt","description":"Nu arrangeras J\u00e4mst\u00e4lldhetsfestivalen p\u00e5 biblioteket i F\u00e4rjestaden. Under veckan uppm\u00e4rksammas j\u00e4mst\u00e4lldhet genom f\u00f6rfattarsamtal, quiz och \u00f6ppna samtal.","robots":{"index":"index","follow":"follow","max-snippet":"max-snippet:-1","max-image-preview":"max-image-preview:large","max-video-preview":"max-video-preview:-1"},"canonical":"https:\/\/www.morbylanga.se\/ungnytt\/jamstalldhetsfestival-pa-biblioteket-starka-kvinnor-fran-oland-i-fokus\/","og_locale":"sv_SE","og_type":"article","og_title":"J\u00e4mst\u00e4lldhetsfestival p\u00e5 biblioteket \u2013 starka kvinnor fr\u00e5n \u00d6land i fokus - UngNytt","og_description":"Nu arrangeras J\u00e4mst\u00e4lldhetsfestivalen p\u00e5 biblioteket i F\u00e4rjestaden. Under veckan uppm\u00e4rksammas j\u00e4mst\u00e4lldhet genom f\u00f6rfattarsamtal, quiz och \u00f6ppna samtal.","og_url":"https:\/\/www.morbylanga.se\/ungnytt\/jamstalldhetsfestival-pa-biblioteket-starka-kvinnor-fran-oland-i-fokus\/","og_site_name":"UngNytt","article_published_time":"2026-03-02T08:55:18+00:00","article_modified_time":"2026-03-02T12:35:11+00:00","og_image":[{"width":526,"height":261,"url":"https:\/\/www.morbylanga.se\/ungnytt\/wp-content\/uploads\/2026\/03\/64115838813612944127049291757210876883940495n-e1772441694149.jpg","type":"image\/jpeg"}],"author":"Matilda Hildingsson","twitter_card":"summary_large_image","twitter_misc":{"Skriven av":"Matilda Hildingsson","Ber\u00e4knad l\u00e4stid":"1 minut"},"schema":{"@context":"https:\/\/schema.org","@graph":[{"@type":"Article","@id":"https:\/\/www.morbylanga.se\/ungnytt\/jamstalldhetsfestival-pa-biblioteket-starka-kvinnor-fran-oland-i-fokus\/#article","isPartOf":{"@id":"https:\/\/www.morbylanga.se\/ungnytt\/jamstalldhetsfestival-pa-biblioteket-starka-kvinnor-fran-oland-i-fokus\/"},"author":{"name":"Matilda Hildingsson","@id":"https:\/\/www.morbylanga.se\/ungnytt\/#\/schema\/person\/82a2e0484000f3af59a54befaca994b0"},"headline":"J\u00e4mst\u00e4lldhetsfestival p\u00e5 biblioteket \u2013 starka kvinnor fr\u00e5n \u00d6land i fokus","datePublished":"2026-03-02T08:55:18+00:00","dateModified":"2026-03-02T12:35:11+00:00","mainEntityOfPage":{"@id":"https:\/\/www.morbylanga.se\/ungnytt\/jamstalldhetsfestival-pa-biblioteket-starka-kvinnor-fran-oland-i-fokus\/"},"wordCount":139,"commentCount":0,"image":{"@id":"https:\/\/www.morbylanga.se\/ungnytt\/jamstalldhetsfestival-pa-biblioteket-starka-kvinnor-fran-oland-i-fokus\/#primaryimage"},"thumbnailUrl":"https:\/\/www.morbylanga.se\/ungnytt\/wp-content\/uploads\/2026\/03\/64115838813612944127049291757210876883940495n-e1772441694149.jpg","articleSection":["Evenemang"],"inLanguage":"sv-SE","potentialAction":[{"@type":"CommentAction","name":"Comment","target":["https:\/\/www.morbylanga.se\/ungnytt\/jamstalldhetsfestival-pa-biblioteket-starka-kvinnor-fran-oland-i-fokus\/#respond"]}]},{"@type":"WebPage","@id":"https:\/\/www.morbylanga.se\/ungnytt\/jamstalldhetsfestival-pa-biblioteket-starka-kvinnor-fran-oland-i-fokus\/","url":"https:\/\/www.morbylanga.se\/ungnytt\/jamstalldhetsfestival-pa-biblioteket-starka-kvinnor-fran-oland-i-fokus\/","name":"J\u00e4mst\u00e4lldhetsfestival p\u00e5 biblioteket \u2013 starka kvinnor fr\u00e5n \u00d6land i fokus - UngNytt","isPartOf":{"@id":"https:\/\/www.morbylanga.se\/ungnytt\/#website"},"primaryImageOfPage":{"@id":"https:\/\/www.morbylanga.se\/ungnytt\/jamstalldhetsfestival-pa-biblioteket-starka-kvinnor-fran-oland-i-fokus\/#primaryimage"},"image":{"@id":"https:\/\/www.morbylanga.se\/ungnytt\/jamstalldhetsfestival-pa-biblioteket-starka-kvinnor-fran-oland-i-fokus\/#primaryimage"},"thumbnailUrl":"https:\/\/www.morbylanga.se\/ungnytt\/wp-content\/uploads\/2026\/03\/64115838813612944127049291757210876883940495n-e1772441694149.jpg","datePublished":"2026-03-02T08:55:18+00:00","dateModified":"2026-03-02T12:35:11+00:00","author":{"@id":"https:\/\/www.morbylanga.se\/ungnytt\/#\/schema\/person\/82a2e0484000f3af59a54befaca994b0"},"description":"Nu arrangeras J\u00e4mst\u00e4lldhetsfestivalen p\u00e5 biblioteket i F\u00e4rjestaden. Under veckan uppm\u00e4rksammas j\u00e4mst\u00e4lldhet genom f\u00f6rfattarsamtal, quiz och \u00f6ppna samtal.","breadcrumb":{"@id":"https:\/\/www.morbylanga.se\/ungnytt\/jamstalldhetsfestival-pa-biblioteket-starka-kvinnor-fran-oland-i-fokus\/#breadcrumb"},"inLanguage":"sv-SE","potentialAction":[{"@type":"ReadAction","target":["https:\/\/www.morbylanga.se\/ungnytt\/jamstalldhetsfestival-pa-biblioteket-starka-kvinnor-fran-oland-i-fokus\/"]}]},{"@type":"ImageObject","inLanguage":"sv-SE","@id":"https:\/\/www.morbylanga.se\/ungnytt\/jamstalldhetsfestival-pa-biblioteket-starka-kvinnor-fran-oland-i-fokus\/#primaryimage","url":"https:\/\/www.morbylanga.se\/ungnytt\/wp-content\/uploads\/2026\/03\/64115838813612944127049291757210876883940495n-e1772441694149.jpg","contentUrl":"https:\/\/www.morbylanga.se\/ungnytt\/wp-content\/uploads\/2026\/03\/64115838813612944127049291757210876883940495n-e1772441694149.jpg","width":526,"height":261,"caption":"En symbol f\u00f6r j\u00e4mst\u00e4lldhetsfestivalen och tre portr\u00e4tt p\u00e5 kvinnor."},{"@type":"BreadcrumbList","@id":"https:\/\/www.morbylanga.se\/ungnytt\/jamstalldhetsfestival-pa-biblioteket-starka-kvinnor-fran-oland-i-fokus\/#breadcrumb","itemListElement":[{"@type":"ListItem","position":1,"name":"Hem","item":"https:\/\/www.morbylanga.se\/ungnytt\/"},{"@type":"ListItem","position":2,"name":"J\u00e4mst\u00e4lldhetsfestival p\u00e5 biblioteket \u2013 starka kvinnor fr\u00e5n \u00d6land i fokus"}]},{"@type":"WebSite","@id":"https:\/\/www.morbylanga.se\/ungnytt\/#website","url":"https:\/\/www.morbylanga.se\/ungnytt\/","name":"UngNytt","description":"Nyheter f\u00f6r och av unga i M\u00f6rbyl\u00e5nga kommun","potentialAction":[{"@type":"SearchAction","target":{"@type":"EntryPoint","urlTemplate":"https:\/\/www.morbylanga.se\/ungnytt\/?s={search_term_string}"},"query-input":{"@type":"PropertyValueSpecification","valueRequired":true,"valueName":"search_term_string"}}],"inLanguage":"sv-SE"},{"@type":"Person","@id":"https:\/\/www.morbylanga.se\/ungnytt\/#\/schema\/person\/82a2e0484000f3af59a54befaca994b0","name":"Matilda Hildingsson","image":{"@type":"ImageObject","inLanguage":"sv-SE","@id":"https:\/\/secure.gravatar.com\/avatar\/a9a9720d8381fae775fcb00a1b0ef7c82645a47eb74c9171231f34016604b716?s=96&d=mm&r=g","url":"https:\/\/secure.gravatar.com\/avatar\/a9a9720d8381fae775fcb00a1b0ef7c82645a47eb74c9171231f34016604b716?s=96&d=mm&r=g","contentUrl":"https:\/\/secure.gravatar.com\/avatar\/a9a9720d8381fae775fcb00a1b0ef7c82645a47eb74c9171231f34016604b716?s=96&d=mm&r=g","caption":"Matilda Hildingsson"},"url":"https:\/\/www.morbylanga.se\/ungnytt\/author\/matilda_hildingsson\/"}]}},"primary_category":{"term_id":28,"name":"Evenemang","slug":"evenemang","term_group":0,"term_taxonomy_id":28,"taxonomy":"category","description":"","parent":0,"count":10,"filter":"raw"},"_links":{"self":[{"href":"https:\/\/www.morbylanga.se\/ungnytt\/wp-json\/wp\/v2\/posts\/1465","targetHints":{"allow":["GET"]}}],"collection":[{"href":"https:\/\/www.morbylanga.se\/ungnytt\/wp-json\/wp\/v2\/posts"}],"about":[{"href":"https:\/\/www.morbylanga.se\/ungnytt\/wp-json\/wp\/v2\/types\/post"}],"author":[{"embeddable":true,"href":"https:\/\/www.morbylanga.se\/ungnytt\/wp-json\/wp\/v2\/users\/2"}],"replies":[{"embeddable":true,"href":"https:\/\/www.morbylanga.se\/ungnytt\/wp-json\/wp\/v2\/comments?post=1465"}],"version-history":[{"count":4,"href":"https:\/\/www.morbylanga.se\/ungnytt\/wp-json\/wp\/v2\/posts\/1465\/revisions"}],"predecessor-version":[{"id":1483,"href":"https:\/\/www.morbylanga.se\/ungnytt\/wp-json\/wp\/v2\/posts\/1465\/revisions\/1483"}],"wp:featuredmedia":[{"embeddable":true,"href":"https:\/\/www.morbylanga.se\/ungnytt\/wp-json\/wp\/v2\/media\/1466"}],"wp:attachment":[{"href":"https:\/\/www.morbylanga.se\/ungnytt\/wp-json\/wp\/v2\/media?parent=1465"}],"wp:term":[{"taxonomy":"category","embeddable":true,"href":"https:\/\/www.morbylanga.se\/ungnytt\/wp-json\/wp\/v2\/categories?post=1465"}],"curies":[{"name":"wp","href":"https:\/\/api.w.org\/{rel}","templated":true}]}}