{"id":1459,"date":"2026-02-27T15:23:46","date_gmt":"2026-02-27T14:23:46","guid":{"rendered":"https:\/\/www.morbylanga.se\/ungnytt\/?p=1459"},"modified":"2026-02-27T15:26:00","modified_gmt":"2026-02-27T14:26:00","slug":"vem-blir-nasta-morbylangahjarta","status":"publish","type":"post","link":"https:\/\/www.morbylanga.se\/ungnytt\/vem-blir-nasta-morbylangahjarta\/","title":{"rendered":"Vem blir n\u00e4sta M\u00f6rbyl\u00e5ngahj\u00e4rta?"},"content":{"rendered":"<p>Nu kan du nominera den personen till M\u00f6rbyl\u00e5ngahj\u00e4rtat \u2013 en utm\u00e4rkelse som g\u00e5r till n\u00e5gon som genom sitt engagemang, sin omtanke och sitt stora hj\u00e4rta g\u00f6r kommunen till en b\u00e4ttre plats.<\/p>\n<p>M\u00f6rbyl\u00e5ngahj\u00e4rtat lyfter fram vardagshj\u00e4ltar i f\u00f6reningslivet, p\u00e5 fritiden, i skolan eller i kvarteret. Det kan vara vem som helst som sprider gl\u00e4dje, gemenskap och trygghet omkring sig.<\/p>\n<p>\ud83d\udc9b S\u00e5 nominerar du:<br \/>\nBer\u00e4tta vem du vill nominera och varf\u00f6r just den personen \u00e4r ett \u00e4kta M\u00f6rbyl\u00e5ngahj\u00e4rta.<\/p>\n<p>Skicka in din nominering redan idag via mejl till:<br \/>\n\ud83d\udce9 Framtiden@morbylanga.se<\/p>\n<p>eller via kommunens sociala kanaler.<\/p>\n<p>Tillsammans kan vi uppm\u00e4rksamma de unga och vuxna f\u00f6rebilder som g\u00f6r M\u00f6rbyl\u00e5nga kommun \u00e4nnu b\u00e4ttre att leva och bo i.<\/p>\n<p>Vem tycker du f\u00f6rtj\u00e4nar att bli n\u00e4sta M\u00f6rbyl\u00e5ngahj\u00e4rta?<\/p>\n","protected":false},"excerpt":{"rendered":"<p>Nu kan du nominera den personen till M\u00f6rbyl\u00e5ngahj\u00e4rtat \u2013 en utm\u00e4rkelse som g\u00e5r till n\u00e5gon som genom sitt engagemang, sin omtanke och sitt stora hj\u00e4rta g\u00f6r kommunen till en b\u00e4ttre plats. M\u00f6rbyl\u00e5ngahj\u00e4rtat lyfter fram vardagshj\u00e4ltar i f\u00f6reningslivet, p\u00e5 fritiden, i skolan eller i kvarteret. Det kan vara vem som helst som sprider gl\u00e4dje, gemenskap och [&hellip;]<\/p>\n","protected":false},"author":2,"featured_media":1460,"comment_status":"open","ping_status":"open","sticky":false,"template":"","format":"standard","meta":{"_acf_changed":false,"footnotes":""},"categories":[1],"class_list":["post-1459","post","type-post","status-publish","format-standard","has-post-thumbnail","hentry","category-nyhet"],"acf":{"news_thumbnail_video":"","show_news_thumbnail_in_post":true,"news_related_content_title":"Relaterat inneh\u00e5ll","news_related_content":"","preamble":"K\u00e4nner du n\u00e5gon som alltid st\u00e4ller upp? En tr\u00e4nare som ser alla i laget, en granne som sprider trygghet, en person som f\u00e5r andra att v\u00e4xa?\r\n"},"yoast_head":"<!-- This site is optimized with the Yoast SEO plugin v27.2 - https:\/\/yoast.com\/product\/yoast-seo-wordpress\/ -->\n<title>Vem blir n\u00e4sta M\u00f6rbyl\u00e5ngahj\u00e4rta? - UngNytt<\/title>\n<meta name=\"description\" content=\"Nu kan du en betydelsefull person till M\u00f6rbyl\u00e5ngahj\u00e4rtat \u2013 en utm\u00e4rkelse som g\u00e5r till n\u00e5gon som g\u00f6r kommunen till en b\u00e4ttre plats.\" \/>\n<meta name=\"robots\" content=\"index, follow, max-snippet:-1, max-image-preview:large, max-video-preview:-1\" \/>\n<link rel=\"canonical\" href=\"https:\/\/www.morbylanga.se\/ungnytt\/vem-blir-nasta-morbylangahjarta\/\" \/>\n<meta property=\"og:locale\" content=\"sv_SE\" \/>\n<meta property=\"og:type\" content=\"article\" \/>\n<meta property=\"og:title\" content=\"Vem blir n\u00e4sta M\u00f6rbyl\u00e5ngahj\u00e4rta? - UngNytt\" \/>\n<meta property=\"og:description\" content=\"Nu kan du en betydelsefull person till M\u00f6rbyl\u00e5ngahj\u00e4rtat \u2013 en utm\u00e4rkelse som g\u00e5r till n\u00e5gon som g\u00f6r kommunen till en b\u00e4ttre plats.\" \/>\n<meta property=\"og:url\" content=\"https:\/\/www.morbylanga.se\/ungnytt\/vem-blir-nasta-morbylangahjarta\/\" \/>\n<meta property=\"og:site_name\" content=\"UngNytt\" \/>\n<meta property=\"article:published_time\" content=\"2026-02-27T14:23:46+00:00\" \/>\n<meta property=\"article:modified_time\" content=\"2026-02-27T14:26:00+00:00\" \/>\n<meta property=\"og:image\" content=\"https:\/\/www.morbylanga.se\/ungnytt\/wp-content\/uploads\/2026\/02\/morbylanga-hjartatwebb-1000x500-1.png\" \/>\n\t<meta property=\"og:image:width\" content=\"1000\" \/>\n\t<meta property=\"og:image:height\" content=\"500\" \/>\n\t<meta property=\"og:image:type\" content=\"image\/png\" \/>\n<meta name=\"author\" content=\"Matilda Hildingsson\" \/>\n<meta name=\"twitter:card\" content=\"summary_large_image\" \/>\n<meta name=\"twitter:label1\" content=\"Skriven av\" \/>\n\t<meta name=\"twitter:data1\" content=\"Matilda Hildingsson\" \/>\n\t<meta name=\"twitter:label2\" content=\"Ber\u00e4knad l\u00e4stid\" \/>\n\t<meta name=\"twitter:data2\" content=\"1 minut\" \/>\n<script type=\"application\/ld+json\" class=\"yoast-schema-graph\">{\"@context\":\"https:\/\/schema.org\",\"@graph\":[{\"@type\":\"Article\",\"@id\":\"https:\/\/www.morbylanga.se\/ungnytt\/vem-blir-nasta-morbylangahjarta\/#article\",\"isPartOf\":{\"@id\":\"https:\/\/www.morbylanga.se\/ungnytt\/vem-blir-nasta-morbylangahjarta\/\"},\"author\":{\"name\":\"Matilda Hildingsson\",\"@id\":\"https:\/\/www.morbylanga.se\/ungnytt\/#\/schema\/person\/82a2e0484000f3af59a54befaca994b0\"},\"headline\":\"Vem blir n\u00e4sta M\u00f6rbyl\u00e5ngahj\u00e4rta?\",\"datePublished\":\"2026-02-27T14:23:46+00:00\",\"dateModified\":\"2026-02-27T14:26:00+00:00\",\"mainEntityOfPage\":{\"@id\":\"https:\/\/www.morbylanga.se\/ungnytt\/vem-blir-nasta-morbylangahjarta\/\"},\"wordCount\":159,\"commentCount\":0,\"image\":{\"@id\":\"https:\/\/www.morbylanga.se\/ungnytt\/vem-blir-nasta-morbylangahjarta\/#primaryimage\"},\"thumbnailUrl\":\"https:\/\/www.morbylanga.se\/ungnytt\/wp-content\/uploads\/2026\/02\/morbylanga-hjartatwebb-1000x500-1.png\",\"articleSection\":[\"Nyhet\"],\"inLanguage\":\"sv-SE\",\"potentialAction\":[{\"@type\":\"CommentAction\",\"name\":\"Comment\",\"target\":[\"https:\/\/www.morbylanga.se\/ungnytt\/vem-blir-nasta-morbylangahjarta\/#respond\"]}]},{\"@type\":\"WebPage\",\"@id\":\"https:\/\/www.morbylanga.se\/ungnytt\/vem-blir-nasta-morbylangahjarta\/\",\"url\":\"https:\/\/www.morbylanga.se\/ungnytt\/vem-blir-nasta-morbylangahjarta\/\",\"name\":\"Vem blir n\u00e4sta M\u00f6rbyl\u00e5ngahj\u00e4rta? - UngNytt\",\"isPartOf\":{\"@id\":\"https:\/\/www.morbylanga.se\/ungnytt\/#website\"},\"primaryImageOfPage\":{\"@id\":\"https:\/\/www.morbylanga.se\/ungnytt\/vem-blir-nasta-morbylangahjarta\/#primaryimage\"},\"image\":{\"@id\":\"https:\/\/www.morbylanga.se\/ungnytt\/vem-blir-nasta-morbylangahjarta\/#primaryimage\"},\"thumbnailUrl\":\"https:\/\/www.morbylanga.se\/ungnytt\/wp-content\/uploads\/2026\/02\/morbylanga-hjartatwebb-1000x500-1.png\",\"datePublished\":\"2026-02-27T14:23:46+00:00\",\"dateModified\":\"2026-02-27T14:26:00+00:00\",\"author\":{\"@id\":\"https:\/\/www.morbylanga.se\/ungnytt\/#\/schema\/person\/82a2e0484000f3af59a54befaca994b0\"},\"description\":\"Nu kan du en betydelsefull person till M\u00f6rbyl\u00e5ngahj\u00e4rtat \u2013 en utm\u00e4rkelse som g\u00e5r till n\u00e5gon som g\u00f6r kommunen till en b\u00e4ttre plats.\",\"breadcrumb\":{\"@id\":\"https:\/\/www.morbylanga.se\/ungnytt\/vem-blir-nasta-morbylangahjarta\/#breadcrumb\"},\"inLanguage\":\"sv-SE\",\"potentialAction\":[{\"@type\":\"ReadAction\",\"target\":[\"https:\/\/www.morbylanga.se\/ungnytt\/vem-blir-nasta-morbylangahjarta\/\"]}]},{\"@type\":\"ImageObject\",\"inLanguage\":\"sv-SE\",\"@id\":\"https:\/\/www.morbylanga.se\/ungnytt\/vem-blir-nasta-morbylangahjarta\/#primaryimage\",\"url\":\"https:\/\/www.morbylanga.se\/ungnytt\/wp-content\/uploads\/2026\/02\/morbylanga-hjartatwebb-1000x500-1.png\",\"contentUrl\":\"https:\/\/www.morbylanga.se\/ungnytt\/wp-content\/uploads\/2026\/02\/morbylanga-hjartatwebb-1000x500-1.png\",\"width\":1000,\"height\":500,\"caption\":\"Ett hj\u00e4rta med olika symboler f\u00f6r \u00d6land mot en m\u00f6rkgr\u00f6n bakgrund.\"},{\"@type\":\"BreadcrumbList\",\"@id\":\"https:\/\/www.morbylanga.se\/ungnytt\/vem-blir-nasta-morbylangahjarta\/#breadcrumb\",\"itemListElement\":[{\"@type\":\"ListItem\",\"position\":1,\"name\":\"Hem\",\"item\":\"https:\/\/www.morbylanga.se\/ungnytt\/\"},{\"@type\":\"ListItem\",\"position\":2,\"name\":\"Vem blir n\u00e4sta M\u00f6rbyl\u00e5ngahj\u00e4rta?\"}]},{\"@type\":\"WebSite\",\"@id\":\"https:\/\/www.morbylanga.se\/ungnytt\/#website\",\"url\":\"https:\/\/www.morbylanga.se\/ungnytt\/\",\"name\":\"UngNytt\",\"description\":\"Nyheter f\u00f6r och av unga i M\u00f6rbyl\u00e5nga kommun\",\"potentialAction\":[{\"@type\":\"SearchAction\",\"target\":{\"@type\":\"EntryPoint\",\"urlTemplate\":\"https:\/\/www.morbylanga.se\/ungnytt\/?s={search_term_string}\"},\"query-input\":{\"@type\":\"PropertyValueSpecification\",\"valueRequired\":true,\"valueName\":\"search_term_string\"}}],\"inLanguage\":\"sv-SE\"},{\"@type\":\"Person\",\"@id\":\"https:\/\/www.morbylanga.se\/ungnytt\/#\/schema\/person\/82a2e0484000f3af59a54befaca994b0\",\"name\":\"Matilda Hildingsson\",\"image\":{\"@type\":\"ImageObject\",\"inLanguage\":\"sv-SE\",\"@id\":\"https:\/\/secure.gravatar.com\/avatar\/a9a9720d8381fae775fcb00a1b0ef7c82645a47eb74c9171231f34016604b716?s=96&d=mm&r=g\",\"url\":\"https:\/\/secure.gravatar.com\/avatar\/a9a9720d8381fae775fcb00a1b0ef7c82645a47eb74c9171231f34016604b716?s=96&d=mm&r=g\",\"contentUrl\":\"https:\/\/secure.gravatar.com\/avatar\/a9a9720d8381fae775fcb00a1b0ef7c82645a47eb74c9171231f34016604b716?s=96&d=mm&r=g\",\"caption\":\"Matilda Hildingsson\"},\"url\":\"https:\/\/www.morbylanga.se\/ungnytt\/author\/matilda_hildingsson\/\"}]}<\/script>\n<!-- \/ Yoast SEO plugin. -->","yoast_head_json":{"title":"Vem blir n\u00e4sta M\u00f6rbyl\u00e5ngahj\u00e4rta? - UngNytt","description":"Nu kan du en betydelsefull person till M\u00f6rbyl\u00e5ngahj\u00e4rtat \u2013 en utm\u00e4rkelse som g\u00e5r till n\u00e5gon som g\u00f6r kommunen till en b\u00e4ttre plats.","robots":{"index":"index","follow":"follow","max-snippet":"max-snippet:-1","max-image-preview":"max-image-preview:large","max-video-preview":"max-video-preview:-1"},"canonical":"https:\/\/www.morbylanga.se\/ungnytt\/vem-blir-nasta-morbylangahjarta\/","og_locale":"sv_SE","og_type":"article","og_title":"Vem blir n\u00e4sta M\u00f6rbyl\u00e5ngahj\u00e4rta? - UngNytt","og_description":"Nu kan du en betydelsefull person till M\u00f6rbyl\u00e5ngahj\u00e4rtat \u2013 en utm\u00e4rkelse som g\u00e5r till n\u00e5gon som g\u00f6r kommunen till en b\u00e4ttre plats.","og_url":"https:\/\/www.morbylanga.se\/ungnytt\/vem-blir-nasta-morbylangahjarta\/","og_site_name":"UngNytt","article_published_time":"2026-02-27T14:23:46+00:00","article_modified_time":"2026-02-27T14:26:00+00:00","og_image":[{"width":1000,"height":500,"url":"https:\/\/www.morbylanga.se\/ungnytt\/wp-content\/uploads\/2026\/02\/morbylanga-hjartatwebb-1000x500-1.png","type":"image\/png"}],"author":"Matilda Hildingsson","twitter_card":"summary_large_image","twitter_misc":{"Skriven av":"Matilda Hildingsson","Ber\u00e4knad l\u00e4stid":"1 minut"},"schema":{"@context":"https:\/\/schema.org","@graph":[{"@type":"Article","@id":"https:\/\/www.morbylanga.se\/ungnytt\/vem-blir-nasta-morbylangahjarta\/#article","isPartOf":{"@id":"https:\/\/www.morbylanga.se\/ungnytt\/vem-blir-nasta-morbylangahjarta\/"},"author":{"name":"Matilda Hildingsson","@id":"https:\/\/www.morbylanga.se\/ungnytt\/#\/schema\/person\/82a2e0484000f3af59a54befaca994b0"},"headline":"Vem blir n\u00e4sta M\u00f6rbyl\u00e5ngahj\u00e4rta?","datePublished":"2026-02-27T14:23:46+00:00","dateModified":"2026-02-27T14:26:00+00:00","mainEntityOfPage":{"@id":"https:\/\/www.morbylanga.se\/ungnytt\/vem-blir-nasta-morbylangahjarta\/"},"wordCount":159,"commentCount":0,"image":{"@id":"https:\/\/www.morbylanga.se\/ungnytt\/vem-blir-nasta-morbylangahjarta\/#primaryimage"},"thumbnailUrl":"https:\/\/www.morbylanga.se\/ungnytt\/wp-content\/uploads\/2026\/02\/morbylanga-hjartatwebb-1000x500-1.png","articleSection":["Nyhet"],"inLanguage":"sv-SE","potentialAction":[{"@type":"CommentAction","name":"Comment","target":["https:\/\/www.morbylanga.se\/ungnytt\/vem-blir-nasta-morbylangahjarta\/#respond"]}]},{"@type":"WebPage","@id":"https:\/\/www.morbylanga.se\/ungnytt\/vem-blir-nasta-morbylangahjarta\/","url":"https:\/\/www.morbylanga.se\/ungnytt\/vem-blir-nasta-morbylangahjarta\/","name":"Vem blir n\u00e4sta M\u00f6rbyl\u00e5ngahj\u00e4rta? - UngNytt","isPartOf":{"@id":"https:\/\/www.morbylanga.se\/ungnytt\/#website"},"primaryImageOfPage":{"@id":"https:\/\/www.morbylanga.se\/ungnytt\/vem-blir-nasta-morbylangahjarta\/#primaryimage"},"image":{"@id":"https:\/\/www.morbylanga.se\/ungnytt\/vem-blir-nasta-morbylangahjarta\/#primaryimage"},"thumbnailUrl":"https:\/\/www.morbylanga.se\/ungnytt\/wp-content\/uploads\/2026\/02\/morbylanga-hjartatwebb-1000x500-1.png","datePublished":"2026-02-27T14:23:46+00:00","dateModified":"2026-02-27T14:26:00+00:00","author":{"@id":"https:\/\/www.morbylanga.se\/ungnytt\/#\/schema\/person\/82a2e0484000f3af59a54befaca994b0"},"description":"Nu kan du en betydelsefull person till M\u00f6rbyl\u00e5ngahj\u00e4rtat \u2013 en utm\u00e4rkelse som g\u00e5r till n\u00e5gon som g\u00f6r kommunen till en b\u00e4ttre plats.","breadcrumb":{"@id":"https:\/\/www.morbylanga.se\/ungnytt\/vem-blir-nasta-morbylangahjarta\/#breadcrumb"},"inLanguage":"sv-SE","potentialAction":[{"@type":"ReadAction","target":["https:\/\/www.morbylanga.se\/ungnytt\/vem-blir-nasta-morbylangahjarta\/"]}]},{"@type":"ImageObject","inLanguage":"sv-SE","@id":"https:\/\/www.morbylanga.se\/ungnytt\/vem-blir-nasta-morbylangahjarta\/#primaryimage","url":"https:\/\/www.morbylanga.se\/ungnytt\/wp-content\/uploads\/2026\/02\/morbylanga-hjartatwebb-1000x500-1.png","contentUrl":"https:\/\/www.morbylanga.se\/ungnytt\/wp-content\/uploads\/2026\/02\/morbylanga-hjartatwebb-1000x500-1.png","width":1000,"height":500,"caption":"Ett hj\u00e4rta med olika symboler f\u00f6r \u00d6land mot en m\u00f6rkgr\u00f6n bakgrund."},{"@type":"BreadcrumbList","@id":"https:\/\/www.morbylanga.se\/ungnytt\/vem-blir-nasta-morbylangahjarta\/#breadcrumb","itemListElement":[{"@type":"ListItem","position":1,"name":"Hem","item":"https:\/\/www.morbylanga.se\/ungnytt\/"},{"@type":"ListItem","position":2,"name":"Vem blir n\u00e4sta M\u00f6rbyl\u00e5ngahj\u00e4rta?"}]},{"@type":"WebSite","@id":"https:\/\/www.morbylanga.se\/ungnytt\/#website","url":"https:\/\/www.morbylanga.se\/ungnytt\/","name":"UngNytt","description":"Nyheter f\u00f6r och av unga i M\u00f6rbyl\u00e5nga kommun","potentialAction":[{"@type":"SearchAction","target":{"@type":"EntryPoint","urlTemplate":"https:\/\/www.morbylanga.se\/ungnytt\/?s={search_term_string}"},"query-input":{"@type":"PropertyValueSpecification","valueRequired":true,"valueName":"search_term_string"}}],"inLanguage":"sv-SE"},{"@type":"Person","@id":"https:\/\/www.morbylanga.se\/ungnytt\/#\/schema\/person\/82a2e0484000f3af59a54befaca994b0","name":"Matilda Hildingsson","image":{"@type":"ImageObject","inLanguage":"sv-SE","@id":"https:\/\/secure.gravatar.com\/avatar\/a9a9720d8381fae775fcb00a1b0ef7c82645a47eb74c9171231f34016604b716?s=96&d=mm&r=g","url":"https:\/\/secure.gravatar.com\/avatar\/a9a9720d8381fae775fcb00a1b0ef7c82645a47eb74c9171231f34016604b716?s=96&d=mm&r=g","contentUrl":"https:\/\/secure.gravatar.com\/avatar\/a9a9720d8381fae775fcb00a1b0ef7c82645a47eb74c9171231f34016604b716?s=96&d=mm&r=g","caption":"Matilda Hildingsson"},"url":"https:\/\/www.morbylanga.se\/ungnytt\/author\/matilda_hildingsson\/"}]}},"primary_category":null,"_links":{"self":[{"href":"https:\/\/www.morbylanga.se\/ungnytt\/wp-json\/wp\/v2\/posts\/1459","targetHints":{"allow":["GET"]}}],"collection":[{"href":"https:\/\/www.morbylanga.se\/ungnytt\/wp-json\/wp\/v2\/posts"}],"about":[{"href":"https:\/\/www.morbylanga.se\/ungnytt\/wp-json\/wp\/v2\/types\/post"}],"author":[{"embeddable":true,"href":"https:\/\/www.morbylanga.se\/ungnytt\/wp-json\/wp\/v2\/users\/2"}],"replies":[{"embeddable":true,"href":"https:\/\/www.morbylanga.se\/ungnytt\/wp-json\/wp\/v2\/comments?post=1459"}],"version-history":[{"count":4,"href":"https:\/\/www.morbylanga.se\/ungnytt\/wp-json\/wp\/v2\/posts\/1459\/revisions"}],"predecessor-version":[{"id":1464,"href":"https:\/\/www.morbylanga.se\/ungnytt\/wp-json\/wp\/v2\/posts\/1459\/revisions\/1464"}],"wp:featuredmedia":[{"embeddable":true,"href":"https:\/\/www.morbylanga.se\/ungnytt\/wp-json\/wp\/v2\/media\/1460"}],"wp:attachment":[{"href":"https:\/\/www.morbylanga.se\/ungnytt\/wp-json\/wp\/v2\/media?parent=1459"}],"wp:term":[{"taxonomy":"category","embeddable":true,"href":"https:\/\/www.morbylanga.se\/ungnytt\/wp-json\/wp\/v2\/categories?post=1459"}],"curies":[{"name":"wp","href":"https:\/\/api.w.org\/{rel}","templated":true}]}}