{"id":144,"date":"2024-10-07T13:00:10","date_gmt":"2024-10-07T11:00:10","guid":{"rendered":"https:\/\/morbylanga-ungnytt.vivamedia.dev\/?p=144"},"modified":"2024-10-07T13:02:53","modified_gmt":"2024-10-07T11:02:53","slug":"ar-det-mig-det-ar-fel-pa","status":"publish","type":"post","link":"https:\/\/www.morbylanga.se\/ungnytt\/ar-det-mig-det-ar-fel-pa\/","title":{"rendered":"\u00c4r det mig det \u00e4r fel p\u00e5? \u00a0"},"content":{"rendered":"<p><span data-contrast=\"auto\">Det \u00e4r en regnig f\u00f6rmiddag n\u00e4r jag sl\u00e5r mig ner vid ett bord p\u00e5 det lokala fiket. Jag v\u00e4ntar p\u00e5 en tjej som vi i denna text kommer att kalla f\u00f6r \u201cCarolina\u201d. Hon har sett v\u00e5rt inl\u00e4gg d\u00e4r vi s\u00f6ker unga personer som vill dela med sig av sin historia h\u00e4r p\u00e5 UngNytt.<\/span><span data-ccp-props=\"{&quot;201341983&quot;:0,&quot;335559739&quot;:160,&quot;335559740&quot;:259}\">\u00a0<\/span><\/p>\n<p><span data-contrast=\"auto\">D\u00f6rrklockan plingar till och in kliver en tjej med rakt h\u00e5r och svart dunjacka. Hon ler v\u00e4nligt n\u00e4r hon ser mig och st\u00e4ller ner sin v\u00e4ska p\u00e5 den m\u00f6nstrade mattan. Carolina \u00e4r ledig fr\u00e5n skolan idag, d\u00e5 hon har f\u00e5tt g\u00f6ra om sitt schema f\u00f6r att ta sig igenom sin utbildning. <\/span><span data-ccp-props=\"{&quot;201341983&quot;:0,&quot;335559739&quot;:160,&quot;335559740&quot;:259}\">\u00a0<\/span><\/p>\n<p><span data-contrast=\"auto\">\u00c5ngesten kom redan n\u00e4r hon var liten, f\u00f6rskolan om hon minns r\u00e4tt. Idag \u00e4r hon fjorton \u00e5r gammal och kan knappt minnas livet utan \u00e5ngesten. Det blev b\u00e4ttre n\u00e4r hon fick medicin f\u00f6r att klara av sina dagar. Det tog ett tag innan hennes f\u00f6r\u00e4ldrar f\u00f6rstod att hon beh\u00f6vde hj\u00e4lp, de kunde s\u00e4ga saker som \u201cryck upp dig\u201d och \u201cvad har du att vara ledsen \u00f6ver?\u201d. <\/span><span data-ccp-props=\"{&quot;201341983&quot;:0,&quot;335559739&quot;:160,&quot;335559740&quot;:259}\">\u00a0<\/span><\/p>\n<p><span data-contrast=\"auto\">Carolina ler lite n\u00e4r hon ber\u00e4ttar att idag \u00e4r hennes f\u00f6r\u00e4ldrar de som st\u00f6ttar henne allra mest. Men det var tufft n\u00e4r hon k\u00e4nde att de inte f\u00f6rstod. Det fick henne att k\u00e4nna sig otillr\u00e4cklig, konstig och som att \u00e5ngesten var n\u00e5got som hon hade valt frivilligt. Men s\u00e5 var det inte, ingen v\u00e4ljer att m\u00e5 d\u00e5ligt. <\/span><span data-ccp-props=\"{&quot;201341983&quot;:0,&quot;335559739&quot;:160,&quot;335559740&quot;:259}\">\u00a0<\/span><\/p>\n<p><span data-contrast=\"auto\">Idag f\u00e5r Carolina st\u00f6d ifr\u00e5n BUP (barn och ungdomspsykiatrin) men v\u00e4gen hit har varit l\u00e5ng och krokig. Hon tror att det finns m\u00e5nga som k\u00e4nner precis som hon g\u00f6r. Hon tror att det fortfarande kan vara sv\u00e5rt att ber\u00e4tta att en m\u00e5r psykiskt d\u00e5ligt f\u00f6r att det k\u00e4nns pinsamt. Men \u00e4r tydlig med att det \u00e4r viktigt att v\u00e5ga prata om det, s\u00e4rskilt med sina v\u00e4nner och sin familj.<\/span><\/p>\n<p><span data-contrast=\"auto\">Carolina ber\u00e4ttar att hon ofta st\u00e4llt sig fr\u00e5gan \u201c\u00e4r det mig det \u00e4r fel p\u00e5?\u201d men att hennes kurator har f\u00e5tt henne att inse att nej det \u00e4r inget fel p\u00e5 henne. Dagens samh\u00e4lle s\u00e4tter stor press p\u00e5 barn, unga och vuxna. Det kan vara sv\u00e5rt att v\u00e5ga s\u00e4ga nej, stanna hemma och vila n\u00e4r samh\u00e4llet vill att vi ska springa fortare och fortare. <\/span><span data-ccp-props=\"{&quot;201341983&quot;:0,&quot;335559739&quot;:160,&quot;335559740&quot;:259}\">\u00a0<\/span><\/p>\n<p><span data-contrast=\"auto\">Men ibland kan det viktigaste av allt vara <em>att v\u00e5ga stanna upp och lyssna p\u00e5 sin kropp.<\/em><\/span><em>\u00a0<\/em><\/p>\n<h3><span data-contrast=\"auto\">Vill du dela din historia? H\u00f6r av dig till redaktionen, det g\u00e5r bra att vara anonym.<\/span><\/h3>\n","protected":false},"excerpt":{"rendered":"<p>Det \u00e4r en regnig f\u00f6rmiddag n\u00e4r jag sl\u00e5r mig ner vid ett bord p\u00e5 det lokala fiket. Jag v\u00e4ntar p\u00e5 en tjej som vi i denna text kommer att kalla f\u00f6r \u201cCarolina\u201d. Hon har sett v\u00e5rt inl\u00e4gg d\u00e4r vi s\u00f6ker unga personer som vill dela med sig av sin historia h\u00e4r p\u00e5 UngNytt.\u00a0 D\u00f6rrklockan plingar [&hellip;]<\/p>\n","protected":false},"author":3,"featured_media":145,"comment_status":"open","ping_status":"open","sticky":false,"template":"","format":"standard","meta":{"_acf_changed":false,"footnotes":""},"categories":[16],"class_list":["post-144","post","type-post","status-publish","format-standard","has-post-thumbnail","hentry","category-kronika"],"acf":{"news_thumbnail_video":"","show_news_thumbnail_in_post":true,"news_related_content_title":"Relaterat inneh\u00e5ll","news_related_content":"","preamble":"Hur \u00e4r det att vara ung och leva med \u00e5ngest? I den h\u00e4r texten f\u00e5r ni m\u00f6ta \"Carolina\" som har levt med \u00e5ngest sedan hon gick i f\u00f6rskolan. "},"yoast_head":"<!-- This site is optimized with the Yoast SEO plugin v27.2 - https:\/\/yoast.com\/product\/yoast-seo-wordpress\/ -->\n<title>\u00c4r det mig det \u00e4r fel p\u00e5? \u00a0 - UngNytt<\/title>\n<meta name=\"description\" content=\"Hur \u00e4r det att vara ung och leva med \u00e5ngest? I den h\u00e4r texten f\u00e5r ni m\u00f6ta &quot;Carolina&quot; som har levt med \u00e5ngest sedan hon gick i f\u00f6rskolan.\" \/>\n<meta name=\"robots\" content=\"index, follow, max-snippet:-1, max-image-preview:large, max-video-preview:-1\" \/>\n<link rel=\"canonical\" href=\"https:\/\/www.morbylanga.se\/ungnytt\/ar-det-mig-det-ar-fel-pa\/\" \/>\n<meta property=\"og:locale\" content=\"sv_SE\" \/>\n<meta property=\"og:type\" content=\"article\" \/>\n<meta property=\"og:title\" content=\"\u00c4r det mig det \u00e4r fel p\u00e5? \u00a0 - UngNytt\" \/>\n<meta property=\"og:description\" content=\"Hur \u00e4r det att vara ung och leva med \u00e5ngest? I den h\u00e4r texten f\u00e5r ni m\u00f6ta &quot;Carolina&quot; som har levt med \u00e5ngest sedan hon gick i f\u00f6rskolan.\" \/>\n<meta property=\"og:url\" content=\"https:\/\/www.morbylanga.se\/ungnytt\/ar-det-mig-det-ar-fel-pa\/\" \/>\n<meta property=\"og:site_name\" content=\"UngNytt\" \/>\n<meta property=\"article:published_time\" content=\"2024-10-07T11:00:10+00:00\" \/>\n<meta property=\"article:modified_time\" content=\"2024-10-07T11:02:53+00:00\" \/>\n<meta property=\"og:image\" content=\"https:\/\/www.morbylanga.se\/ungnytt\/wp-content\/uploads\/2024\/02\/11297446-single-woman-alone-swinging-on-the-beachantonio-guillem-scaled.jpg\" \/>\n\t<meta property=\"og:image:width\" content=\"2560\" \/>\n\t<meta property=\"og:image:height\" content=\"1707\" \/>\n\t<meta property=\"og:image:type\" content=\"image\/jpeg\" \/>\n<meta name=\"author\" content=\"Emilia Gustafsson\" \/>\n<meta name=\"twitter:card\" content=\"summary_large_image\" \/>\n<meta name=\"twitter:label1\" content=\"Skriven av\" \/>\n\t<meta name=\"twitter:data1\" content=\"Emilia Gustafsson\" \/>\n\t<meta name=\"twitter:label2\" content=\"Ber\u00e4knad l\u00e4stid\" \/>\n\t<meta name=\"twitter:data2\" content=\"3 minuter\" \/>\n<script type=\"application\/ld+json\" class=\"yoast-schema-graph\">{\"@context\":\"https:\/\/schema.org\",\"@graph\":[{\"@type\":\"Article\",\"@id\":\"https:\/\/www.morbylanga.se\/ungnytt\/ar-det-mig-det-ar-fel-pa\/#article\",\"isPartOf\":{\"@id\":\"https:\/\/www.morbylanga.se\/ungnytt\/ar-det-mig-det-ar-fel-pa\/\"},\"author\":{\"name\":\"Emilia Gustafsson\",\"@id\":\"https:\/\/www.morbylanga.se\/ungnytt\/#\/schema\/person\/85fa17ba36d9991cf2728a563e6b125e\"},\"headline\":\"\u00c4r det mig det \u00e4r fel p\u00e5? \u00a0\",\"datePublished\":\"2024-10-07T11:00:10+00:00\",\"dateModified\":\"2024-10-07T11:02:53+00:00\",\"mainEntityOfPage\":{\"@id\":\"https:\/\/www.morbylanga.se\/ungnytt\/ar-det-mig-det-ar-fel-pa\/\"},\"wordCount\":477,\"commentCount\":0,\"image\":{\"@id\":\"https:\/\/www.morbylanga.se\/ungnytt\/ar-det-mig-det-ar-fel-pa\/#primaryimage\"},\"thumbnailUrl\":\"https:\/\/www.morbylanga.se\/ungnytt\/wp-content\/uploads\/2024\/02\/11297446-single-woman-alone-swinging-on-the-beachantonio-guillem-scaled.jpg\",\"articleSection\":[\"Kr\u00f6nika\"],\"inLanguage\":\"sv-SE\",\"potentialAction\":[{\"@type\":\"CommentAction\",\"name\":\"Comment\",\"target\":[\"https:\/\/www.morbylanga.se\/ungnytt\/ar-det-mig-det-ar-fel-pa\/#respond\"]}]},{\"@type\":\"WebPage\",\"@id\":\"https:\/\/www.morbylanga.se\/ungnytt\/ar-det-mig-det-ar-fel-pa\/\",\"url\":\"https:\/\/www.morbylanga.se\/ungnytt\/ar-det-mig-det-ar-fel-pa\/\",\"name\":\"\u00c4r det mig det \u00e4r fel p\u00e5? \u00a0 - UngNytt\",\"isPartOf\":{\"@id\":\"https:\/\/www.morbylanga.se\/ungnytt\/#website\"},\"primaryImageOfPage\":{\"@id\":\"https:\/\/www.morbylanga.se\/ungnytt\/ar-det-mig-det-ar-fel-pa\/#primaryimage\"},\"image\":{\"@id\":\"https:\/\/www.morbylanga.se\/ungnytt\/ar-det-mig-det-ar-fel-pa\/#primaryimage\"},\"thumbnailUrl\":\"https:\/\/www.morbylanga.se\/ungnytt\/wp-content\/uploads\/2024\/02\/11297446-single-woman-alone-swinging-on-the-beachantonio-guillem-scaled.jpg\",\"datePublished\":\"2024-10-07T11:00:10+00:00\",\"dateModified\":\"2024-10-07T11:02:53+00:00\",\"author\":{\"@id\":\"https:\/\/www.morbylanga.se\/ungnytt\/#\/schema\/person\/85fa17ba36d9991cf2728a563e6b125e\"},\"description\":\"Hur \u00e4r det att vara ung och leva med \u00e5ngest? I den h\u00e4r texten f\u00e5r ni m\u00f6ta \\\"Carolina\\\" som har levt med \u00e5ngest sedan hon gick i f\u00f6rskolan.\",\"breadcrumb\":{\"@id\":\"https:\/\/www.morbylanga.se\/ungnytt\/ar-det-mig-det-ar-fel-pa\/#breadcrumb\"},\"inLanguage\":\"sv-SE\",\"potentialAction\":[{\"@type\":\"ReadAction\",\"target\":[\"https:\/\/www.morbylanga.se\/ungnytt\/ar-det-mig-det-ar-fel-pa\/\"]}]},{\"@type\":\"ImageObject\",\"inLanguage\":\"sv-SE\",\"@id\":\"https:\/\/www.morbylanga.se\/ungnytt\/ar-det-mig-det-ar-fel-pa\/#primaryimage\",\"url\":\"https:\/\/www.morbylanga.se\/ungnytt\/wp-content\/uploads\/2024\/02\/11297446-single-woman-alone-swinging-on-the-beachantonio-guillem-scaled.jpg\",\"contentUrl\":\"https:\/\/www.morbylanga.se\/ungnytt\/wp-content\/uploads\/2024\/02\/11297446-single-woman-alone-swinging-on-the-beachantonio-guillem-scaled.jpg\",\"width\":2560,\"height\":1707,\"caption\":\"En person som sitter p\u00e5 en gunga ensam och tittar mot solnedg\u00e5ngen.\"},{\"@type\":\"BreadcrumbList\",\"@id\":\"https:\/\/www.morbylanga.se\/ungnytt\/ar-det-mig-det-ar-fel-pa\/#breadcrumb\",\"itemListElement\":[{\"@type\":\"ListItem\",\"position\":1,\"name\":\"Hem\",\"item\":\"https:\/\/www.morbylanga.se\/ungnytt\/\"},{\"@type\":\"ListItem\",\"position\":2,\"name\":\"\u00c4r det mig det \u00e4r fel p\u00e5? \u00a0\"}]},{\"@type\":\"WebSite\",\"@id\":\"https:\/\/www.morbylanga.se\/ungnytt\/#website\",\"url\":\"https:\/\/www.morbylanga.se\/ungnytt\/\",\"name\":\"UngNytt\",\"description\":\"Nyheter f\u00f6r och av unga i M\u00f6rbyl\u00e5nga kommun\",\"potentialAction\":[{\"@type\":\"SearchAction\",\"target\":{\"@type\":\"EntryPoint\",\"urlTemplate\":\"https:\/\/www.morbylanga.se\/ungnytt\/?s={search_term_string}\"},\"query-input\":{\"@type\":\"PropertyValueSpecification\",\"valueRequired\":true,\"valueName\":\"search_term_string\"}}],\"inLanguage\":\"sv-SE\"},{\"@type\":\"Person\",\"@id\":\"https:\/\/www.morbylanga.se\/ungnytt\/#\/schema\/person\/85fa17ba36d9991cf2728a563e6b125e\",\"name\":\"Emilia Gustafsson\",\"image\":{\"@type\":\"ImageObject\",\"inLanguage\":\"sv-SE\",\"@id\":\"https:\/\/secure.gravatar.com\/avatar\/47b944840caef41c736509a0d63698090bff37bcc0ea43fa61045285135ee4d5?s=96&d=mm&r=g\",\"url\":\"https:\/\/secure.gravatar.com\/avatar\/47b944840caef41c736509a0d63698090bff37bcc0ea43fa61045285135ee4d5?s=96&d=mm&r=g\",\"contentUrl\":\"https:\/\/secure.gravatar.com\/avatar\/47b944840caef41c736509a0d63698090bff37bcc0ea43fa61045285135ee4d5?s=96&d=mm&r=g\",\"caption\":\"Emilia Gustafsson\"},\"url\":\"https:\/\/www.morbylanga.se\/ungnytt\/author\/emilia-gustafsson\/\"}]}<\/script>\n<!-- \/ Yoast SEO plugin. -->","yoast_head_json":{"title":"\u00c4r det mig det \u00e4r fel p\u00e5? \u00a0 - UngNytt","description":"Hur \u00e4r det att vara ung och leva med \u00e5ngest? I den h\u00e4r texten f\u00e5r ni m\u00f6ta \"Carolina\" som har levt med \u00e5ngest sedan hon gick i f\u00f6rskolan.","robots":{"index":"index","follow":"follow","max-snippet":"max-snippet:-1","max-image-preview":"max-image-preview:large","max-video-preview":"max-video-preview:-1"},"canonical":"https:\/\/www.morbylanga.se\/ungnytt\/ar-det-mig-det-ar-fel-pa\/","og_locale":"sv_SE","og_type":"article","og_title":"\u00c4r det mig det \u00e4r fel p\u00e5? \u00a0 - UngNytt","og_description":"Hur \u00e4r det att vara ung och leva med \u00e5ngest? I den h\u00e4r texten f\u00e5r ni m\u00f6ta \"Carolina\" som har levt med \u00e5ngest sedan hon gick i f\u00f6rskolan.","og_url":"https:\/\/www.morbylanga.se\/ungnytt\/ar-det-mig-det-ar-fel-pa\/","og_site_name":"UngNytt","article_published_time":"2024-10-07T11:00:10+00:00","article_modified_time":"2024-10-07T11:02:53+00:00","og_image":[{"width":2560,"height":1707,"url":"https:\/\/www.morbylanga.se\/ungnytt\/wp-content\/uploads\/2024\/02\/11297446-single-woman-alone-swinging-on-the-beachantonio-guillem-scaled.jpg","type":"image\/jpeg"}],"author":"Emilia Gustafsson","twitter_card":"summary_large_image","twitter_misc":{"Skriven av":"Emilia Gustafsson","Ber\u00e4knad l\u00e4stid":"3 minuter"},"schema":{"@context":"https:\/\/schema.org","@graph":[{"@type":"Article","@id":"https:\/\/www.morbylanga.se\/ungnytt\/ar-det-mig-det-ar-fel-pa\/#article","isPartOf":{"@id":"https:\/\/www.morbylanga.se\/ungnytt\/ar-det-mig-det-ar-fel-pa\/"},"author":{"name":"Emilia Gustafsson","@id":"https:\/\/www.morbylanga.se\/ungnytt\/#\/schema\/person\/85fa17ba36d9991cf2728a563e6b125e"},"headline":"\u00c4r det mig det \u00e4r fel p\u00e5? \u00a0","datePublished":"2024-10-07T11:00:10+00:00","dateModified":"2024-10-07T11:02:53+00:00","mainEntityOfPage":{"@id":"https:\/\/www.morbylanga.se\/ungnytt\/ar-det-mig-det-ar-fel-pa\/"},"wordCount":477,"commentCount":0,"image":{"@id":"https:\/\/www.morbylanga.se\/ungnytt\/ar-det-mig-det-ar-fel-pa\/#primaryimage"},"thumbnailUrl":"https:\/\/www.morbylanga.se\/ungnytt\/wp-content\/uploads\/2024\/02\/11297446-single-woman-alone-swinging-on-the-beachantonio-guillem-scaled.jpg","articleSection":["Kr\u00f6nika"],"inLanguage":"sv-SE","potentialAction":[{"@type":"CommentAction","name":"Comment","target":["https:\/\/www.morbylanga.se\/ungnytt\/ar-det-mig-det-ar-fel-pa\/#respond"]}]},{"@type":"WebPage","@id":"https:\/\/www.morbylanga.se\/ungnytt\/ar-det-mig-det-ar-fel-pa\/","url":"https:\/\/www.morbylanga.se\/ungnytt\/ar-det-mig-det-ar-fel-pa\/","name":"\u00c4r det mig det \u00e4r fel p\u00e5? \u00a0 - UngNytt","isPartOf":{"@id":"https:\/\/www.morbylanga.se\/ungnytt\/#website"},"primaryImageOfPage":{"@id":"https:\/\/www.morbylanga.se\/ungnytt\/ar-det-mig-det-ar-fel-pa\/#primaryimage"},"image":{"@id":"https:\/\/www.morbylanga.se\/ungnytt\/ar-det-mig-det-ar-fel-pa\/#primaryimage"},"thumbnailUrl":"https:\/\/www.morbylanga.se\/ungnytt\/wp-content\/uploads\/2024\/02\/11297446-single-woman-alone-swinging-on-the-beachantonio-guillem-scaled.jpg","datePublished":"2024-10-07T11:00:10+00:00","dateModified":"2024-10-07T11:02:53+00:00","author":{"@id":"https:\/\/www.morbylanga.se\/ungnytt\/#\/schema\/person\/85fa17ba36d9991cf2728a563e6b125e"},"description":"Hur \u00e4r det att vara ung och leva med \u00e5ngest? I den h\u00e4r texten f\u00e5r ni m\u00f6ta \"Carolina\" som har levt med \u00e5ngest sedan hon gick i f\u00f6rskolan.","breadcrumb":{"@id":"https:\/\/www.morbylanga.se\/ungnytt\/ar-det-mig-det-ar-fel-pa\/#breadcrumb"},"inLanguage":"sv-SE","potentialAction":[{"@type":"ReadAction","target":["https:\/\/www.morbylanga.se\/ungnytt\/ar-det-mig-det-ar-fel-pa\/"]}]},{"@type":"ImageObject","inLanguage":"sv-SE","@id":"https:\/\/www.morbylanga.se\/ungnytt\/ar-det-mig-det-ar-fel-pa\/#primaryimage","url":"https:\/\/www.morbylanga.se\/ungnytt\/wp-content\/uploads\/2024\/02\/11297446-single-woman-alone-swinging-on-the-beachantonio-guillem-scaled.jpg","contentUrl":"https:\/\/www.morbylanga.se\/ungnytt\/wp-content\/uploads\/2024\/02\/11297446-single-woman-alone-swinging-on-the-beachantonio-guillem-scaled.jpg","width":2560,"height":1707,"caption":"En person som sitter p\u00e5 en gunga ensam och tittar mot solnedg\u00e5ngen."},{"@type":"BreadcrumbList","@id":"https:\/\/www.morbylanga.se\/ungnytt\/ar-det-mig-det-ar-fel-pa\/#breadcrumb","itemListElement":[{"@type":"ListItem","position":1,"name":"Hem","item":"https:\/\/www.morbylanga.se\/ungnytt\/"},{"@type":"ListItem","position":2,"name":"\u00c4r det mig det \u00e4r fel p\u00e5? \u00a0"}]},{"@type":"WebSite","@id":"https:\/\/www.morbylanga.se\/ungnytt\/#website","url":"https:\/\/www.morbylanga.se\/ungnytt\/","name":"UngNytt","description":"Nyheter f\u00f6r och av unga i M\u00f6rbyl\u00e5nga kommun","potentialAction":[{"@type":"SearchAction","target":{"@type":"EntryPoint","urlTemplate":"https:\/\/www.morbylanga.se\/ungnytt\/?s={search_term_string}"},"query-input":{"@type":"PropertyValueSpecification","valueRequired":true,"valueName":"search_term_string"}}],"inLanguage":"sv-SE"},{"@type":"Person","@id":"https:\/\/www.morbylanga.se\/ungnytt\/#\/schema\/person\/85fa17ba36d9991cf2728a563e6b125e","name":"Emilia Gustafsson","image":{"@type":"ImageObject","inLanguage":"sv-SE","@id":"https:\/\/secure.gravatar.com\/avatar\/47b944840caef41c736509a0d63698090bff37bcc0ea43fa61045285135ee4d5?s=96&d=mm&r=g","url":"https:\/\/secure.gravatar.com\/avatar\/47b944840caef41c736509a0d63698090bff37bcc0ea43fa61045285135ee4d5?s=96&d=mm&r=g","contentUrl":"https:\/\/secure.gravatar.com\/avatar\/47b944840caef41c736509a0d63698090bff37bcc0ea43fa61045285135ee4d5?s=96&d=mm&r=g","caption":"Emilia Gustafsson"},"url":"https:\/\/www.morbylanga.se\/ungnytt\/author\/emilia-gustafsson\/"}]}},"primary_category":{"term_id":16,"name":"Kr\u00f6nika","slug":"kronika","term_group":0,"term_taxonomy_id":16,"taxonomy":"category","description":"Kr\u00f6nikor ger f\u00f6rfattaren m\u00f6jlighet att uttrycka personliga \u00e5sikter, reflektioner och tolkningar av aktuella \u00e4mnen eller h\u00e4ndelser. De kan vara subjektiva och inneh\u00e5lla f\u00f6rfattarens egna tankar, k\u00e4nslor och erfarenheter.","parent":0,"count":2,"filter":"raw"},"_links":{"self":[{"href":"https:\/\/www.morbylanga.se\/ungnytt\/wp-json\/wp\/v2\/posts\/144","targetHints":{"allow":["GET"]}}],"collection":[{"href":"https:\/\/www.morbylanga.se\/ungnytt\/wp-json\/wp\/v2\/posts"}],"about":[{"href":"https:\/\/www.morbylanga.se\/ungnytt\/wp-json\/wp\/v2\/types\/post"}],"author":[{"embeddable":true,"href":"https:\/\/www.morbylanga.se\/ungnytt\/wp-json\/wp\/v2\/users\/3"}],"replies":[{"embeddable":true,"href":"https:\/\/www.morbylanga.se\/ungnytt\/wp-json\/wp\/v2\/comments?post=144"}],"version-history":[{"count":3,"href":"https:\/\/www.morbylanga.se\/ungnytt\/wp-json\/wp\/v2\/posts\/144\/revisions"}],"predecessor-version":[{"id":393,"href":"https:\/\/www.morbylanga.se\/ungnytt\/wp-json\/wp\/v2\/posts\/144\/revisions\/393"}],"wp:featuredmedia":[{"embeddable":true,"href":"https:\/\/www.morbylanga.se\/ungnytt\/wp-json\/wp\/v2\/media\/145"}],"wp:attachment":[{"href":"https:\/\/www.morbylanga.se\/ungnytt\/wp-json\/wp\/v2\/media?parent=144"}],"wp:term":[{"taxonomy":"category","embeddable":true,"href":"https:\/\/www.morbylanga.se\/ungnytt\/wp-json\/wp\/v2\/categories?post=144"}],"curies":[{"name":"wp","href":"https:\/\/api.w.org\/{rel}","templated":true}]}}