{"id":1434,"date":"2026-01-09T08:18:28","date_gmt":"2026-01-09T07:18:28","guid":{"rendered":"https:\/\/www.morbylanga.se\/ungnytt\/?p=1434"},"modified":"2026-01-09T08:59:33","modified_gmt":"2026-01-09T07:59:33","slug":"dags-att-soka-gymnasieutbildning","status":"publish","type":"post","link":"https:\/\/www.morbylanga.se\/ungnytt\/dags-att-soka-gymnasieutbildning\/","title":{"rendered":"Dags att s\u00f6ka gymnasieutbildning"},"content":{"rendered":"<div class=\"block block-text background-light1\">\n<p data-start=\"365\" data-end=\"415\"><strong>Inom Kalmarsunds gymnasief\u00f6rbund kan du s\u00f6ka till:<\/strong><\/p>\n<ul data-start=\"416\" data-end=\"507\">\n<li>Anpassad gymnasieskola<\/li>\n<li>Jenny Nystr\u00f6mskolan<\/li>\n<li>Lars Kaggskolan<\/li>\n<li>Stagneliusskolan<\/li>\n<li>CIS (Calmar internationella skola)<\/li>\n<li>Kalmar Praktiska gymnasiet<\/li>\n<li>SYAB Transportsgymnasium<\/li>\n<li>Naturbruksgymnasiet (Ingelstorp)<\/li>\n<\/ul>\n<\/div>\n<div class=\"block block-text background-light2\">\n<p data-start=\"509\" data-end=\"726\"><span data-teams=\"true\">Du kan s\u00f6ka till en gymnasieutbildning till och med det \u00e5r du fyller 19 \u00e5r. Utbildning i gymnasieskolan ska p\u00e5b\u00f6rjas senast f\u00f6rsta kalenderhalv\u00e5ret det \u00e5r du fyller 20 \u00e5r. F\u00f6r att f\u00e5 en samlad bild av alla utbildningsalternativ rekommenderas att du pratar med din Studie- och yrkesv\u00e4gledare.<\/span><\/p>\n<\/div>\n<div class=\"block block-text background-light1\">\n<h3 data-start=\"892\" data-end=\"917\">S\u00e5 g\u00f6r du din ans\u00f6kan<\/h3>\n<p data-start=\"918\" data-end=\"1029\">Ans\u00f6kan g\u00f6rs via Dexter p\u00e5 <strong data-start=\"945\" data-end=\"965\">dexter.kalmar.se<\/strong>. Inloggningsuppgifter f\u00e5r du av din studie- och yrkesv\u00e4gledare.<\/p>\n<p data-start=\"1031\" data-end=\"1120\">Ans\u00f6kan ska vara inl\u00e4mnad och mottagen av gymnasieantagningen <strong data-start=\"1093\" data-end=\"1119\">senast den 15 februari<\/strong>.<\/p>\n<p>F\u00f6r mer information och viktiga datum kring gymnasievalet, se Kalmarsunds gymnasief\u00f6rbunds nyhet: <a href=\"https:\/\/gyf.se\/nyheter-viktiga-datum-och-krismeddelanden\/viktiga-datum\/arkiv\/2026-01-15-gymnasievalet-oppnar\" target=\"_blank\" rel=\"noopener\"><strong data-start=\"1199\" data-end=\"1221\">Gymnasieval 2026<\/strong><\/a><\/div>\n<p><em>Kalmarsunds gymnasief\u00f6rbund \u00e4r ett kommunalf\u00f6rbund som best\u00e5r av Borgholm, Kalmar, M\u00f6nster\u00e5s, M\u00f6rbyl\u00e5nga och Tors\u00e5s kommuner. F\u00f6rbundet ansvarar f\u00f6r att bedriva och utveckla gymnasial utbildning samt kommunal vuxenutbildning.<\/em><\/p>\n","protected":false},"excerpt":{"rendered":"<p>Inom Kalmarsunds gymnasief\u00f6rbund kan du s\u00f6ka till: Anpassad gymnasieskola Jenny Nystr\u00f6mskolan Lars Kaggskolan Stagneliusskolan CIS (Calmar internationella skola) Kalmar Praktiska gymnasiet SYAB Transportsgymnasium Naturbruksgymnasiet (Ingelstorp) Du kan s\u00f6ka till en gymnasieutbildning till och med det \u00e5r du fyller 19 \u00e5r. Utbildning i gymnasieskolan ska p\u00e5b\u00f6rjas senast f\u00f6rsta kalenderhalv\u00e5ret det \u00e5r du fyller 20 \u00e5r. F\u00f6r [&hellip;]<\/p>\n","protected":false},"author":2,"featured_media":1435,"comment_status":"open","ping_status":"open","sticky":false,"template":"","format":"standard","meta":{"_acf_changed":false,"footnotes":""},"categories":[1],"class_list":["post-1434","post","type-post","status-publish","format-standard","has-post-thumbnail","hentry","category-nyhet"],"acf":{"news_thumbnail_video":"","show_news_thumbnail_in_post":true,"news_related_content_title":"Relaterat inneh\u00e5ll","news_related_content":[1084],"preamble":"Nu \u00e4r det dags f\u00f6r dig som g\u00e5r i \u00e5rskurs 9 att v\u00e4lja gymnasieprogram inf\u00f6r h\u00f6stens skolstart."},"yoast_head":"<!-- This site is optimized with the Yoast SEO plugin v27.2 - https:\/\/yoast.com\/product\/yoast-seo-wordpress\/ -->\n<title>Dags att s\u00f6ka gymnasieutbildning - UngNytt<\/title>\n<meta name=\"description\" content=\"Nu \u00e4r det dags f\u00f6r dig som g\u00e5r i \u00e5rskurs 9 att v\u00e4lja gymnasieprogram inf\u00f6r h\u00f6stens skolstart.\" \/>\n<meta name=\"robots\" content=\"index, follow, max-snippet:-1, max-image-preview:large, max-video-preview:-1\" \/>\n<link rel=\"canonical\" href=\"https:\/\/www.morbylanga.se\/ungnytt\/dags-att-soka-gymnasieutbildning\/\" \/>\n<meta property=\"og:locale\" content=\"sv_SE\" \/>\n<meta property=\"og:type\" content=\"article\" \/>\n<meta property=\"og:title\" content=\"Dags att s\u00f6ka gymnasieutbildning - UngNytt\" \/>\n<meta property=\"og:description\" content=\"Nu \u00e4r det dags f\u00f6r dig som g\u00e5r i \u00e5rskurs 9 att v\u00e4lja gymnasieprogram inf\u00f6r h\u00f6stens skolstart.\" \/>\n<meta property=\"og:url\" content=\"https:\/\/www.morbylanga.se\/ungnytt\/dags-att-soka-gymnasieutbildning\/\" \/>\n<meta property=\"og:site_name\" content=\"UngNytt\" \/>\n<meta property=\"article:published_time\" content=\"2026-01-09T07:18:28+00:00\" \/>\n<meta property=\"article:modified_time\" content=\"2026-01-09T07:59:33+00:00\" \/>\n<meta property=\"og:image\" content=\"https:\/\/www.morbylanga.se\/ungnytt\/wp-content\/uploads\/2026\/01\/dags-att-valja-ksgyf-2026-kampanjbild-scaled.jpg\" \/>\n\t<meta property=\"og:image:width\" content=\"2560\" \/>\n\t<meta property=\"og:image:height\" content=\"1440\" \/>\n\t<meta property=\"og:image:type\" content=\"image\/jpeg\" \/>\n<meta name=\"author\" content=\"Matilda Hildingsson\" \/>\n<meta name=\"twitter:card\" content=\"summary_large_image\" \/>\n<meta name=\"twitter:label1\" content=\"Skriven av\" \/>\n\t<meta name=\"twitter:data1\" content=\"Matilda Hildingsson\" \/>\n\t<meta name=\"twitter:label2\" content=\"Ber\u00e4knad l\u00e4stid\" \/>\n\t<meta name=\"twitter:data2\" content=\"1 minut\" \/>\n<script type=\"application\/ld+json\" class=\"yoast-schema-graph\">{\"@context\":\"https:\/\/schema.org\",\"@graph\":[{\"@type\":\"Article\",\"@id\":\"https:\/\/www.morbylanga.se\/ungnytt\/dags-att-soka-gymnasieutbildning\/#article\",\"isPartOf\":{\"@id\":\"https:\/\/www.morbylanga.se\/ungnytt\/dags-att-soka-gymnasieutbildning\/\"},\"author\":{\"name\":\"Matilda Hildingsson\",\"@id\":\"https:\/\/www.morbylanga.se\/ungnytt\/#\/schema\/person\/82a2e0484000f3af59a54befaca994b0\"},\"headline\":\"Dags att s\u00f6ka gymnasieutbildning\",\"datePublished\":\"2026-01-09T07:18:28+00:00\",\"dateModified\":\"2026-01-09T07:59:33+00:00\",\"mainEntityOfPage\":{\"@id\":\"https:\/\/www.morbylanga.se\/ungnytt\/dags-att-soka-gymnasieutbildning\/\"},\"wordCount\":177,\"commentCount\":0,\"image\":{\"@id\":\"https:\/\/www.morbylanga.se\/ungnytt\/dags-att-soka-gymnasieutbildning\/#primaryimage\"},\"thumbnailUrl\":\"https:\/\/www.morbylanga.se\/ungnytt\/wp-content\/uploads\/2026\/01\/dags-att-valja-ksgyf-2026-kampanjbild-scaled.jpg\",\"articleSection\":[\"Nyhet\"],\"inLanguage\":\"sv-SE\",\"potentialAction\":[{\"@type\":\"CommentAction\",\"name\":\"Comment\",\"target\":[\"https:\/\/www.morbylanga.se\/ungnytt\/dags-att-soka-gymnasieutbildning\/#respond\"]}]},{\"@type\":\"WebPage\",\"@id\":\"https:\/\/www.morbylanga.se\/ungnytt\/dags-att-soka-gymnasieutbildning\/\",\"url\":\"https:\/\/www.morbylanga.se\/ungnytt\/dags-att-soka-gymnasieutbildning\/\",\"name\":\"Dags att s\u00f6ka gymnasieutbildning - UngNytt\",\"isPartOf\":{\"@id\":\"https:\/\/www.morbylanga.se\/ungnytt\/#website\"},\"primaryImageOfPage\":{\"@id\":\"https:\/\/www.morbylanga.se\/ungnytt\/dags-att-soka-gymnasieutbildning\/#primaryimage\"},\"image\":{\"@id\":\"https:\/\/www.morbylanga.se\/ungnytt\/dags-att-soka-gymnasieutbildning\/#primaryimage\"},\"thumbnailUrl\":\"https:\/\/www.morbylanga.se\/ungnytt\/wp-content\/uploads\/2026\/01\/dags-att-valja-ksgyf-2026-kampanjbild-scaled.jpg\",\"datePublished\":\"2026-01-09T07:18:28+00:00\",\"dateModified\":\"2026-01-09T07:59:33+00:00\",\"author\":{\"@id\":\"https:\/\/www.morbylanga.se\/ungnytt\/#\/schema\/person\/82a2e0484000f3af59a54befaca994b0\"},\"description\":\"Nu \u00e4r det dags f\u00f6r dig som g\u00e5r i \u00e5rskurs 9 att v\u00e4lja gymnasieprogram inf\u00f6r h\u00f6stens skolstart.\",\"breadcrumb\":{\"@id\":\"https:\/\/www.morbylanga.se\/ungnytt\/dags-att-soka-gymnasieutbildning\/#breadcrumb\"},\"inLanguage\":\"sv-SE\",\"potentialAction\":[{\"@type\":\"ReadAction\",\"target\":[\"https:\/\/www.morbylanga.se\/ungnytt\/dags-att-soka-gymnasieutbildning\/\"]}]},{\"@type\":\"ImageObject\",\"inLanguage\":\"sv-SE\",\"@id\":\"https:\/\/www.morbylanga.se\/ungnytt\/dags-att-soka-gymnasieutbildning\/#primaryimage\",\"url\":\"https:\/\/www.morbylanga.se\/ungnytt\/wp-content\/uploads\/2026\/01\/dags-att-valja-ksgyf-2026-kampanjbild-scaled.jpg\",\"contentUrl\":\"https:\/\/www.morbylanga.se\/ungnytt\/wp-content\/uploads\/2026\/01\/dags-att-valja-ksgyf-2026-kampanjbild-scaled.jpg\",\"width\":2560,\"height\":1440},{\"@type\":\"BreadcrumbList\",\"@id\":\"https:\/\/www.morbylanga.se\/ungnytt\/dags-att-soka-gymnasieutbildning\/#breadcrumb\",\"itemListElement\":[{\"@type\":\"ListItem\",\"position\":1,\"name\":\"Hem\",\"item\":\"https:\/\/www.morbylanga.se\/ungnytt\/\"},{\"@type\":\"ListItem\",\"position\":2,\"name\":\"Dags att s\u00f6ka gymnasieutbildning\"}]},{\"@type\":\"WebSite\",\"@id\":\"https:\/\/www.morbylanga.se\/ungnytt\/#website\",\"url\":\"https:\/\/www.morbylanga.se\/ungnytt\/\",\"name\":\"UngNytt\",\"description\":\"Nyheter f\u00f6r och av unga i M\u00f6rbyl\u00e5nga kommun\",\"potentialAction\":[{\"@type\":\"SearchAction\",\"target\":{\"@type\":\"EntryPoint\",\"urlTemplate\":\"https:\/\/www.morbylanga.se\/ungnytt\/?s={search_term_string}\"},\"query-input\":{\"@type\":\"PropertyValueSpecification\",\"valueRequired\":true,\"valueName\":\"search_term_string\"}}],\"inLanguage\":\"sv-SE\"},{\"@type\":\"Person\",\"@id\":\"https:\/\/www.morbylanga.se\/ungnytt\/#\/schema\/person\/82a2e0484000f3af59a54befaca994b0\",\"name\":\"Matilda Hildingsson\",\"image\":{\"@type\":\"ImageObject\",\"inLanguage\":\"sv-SE\",\"@id\":\"https:\/\/secure.gravatar.com\/avatar\/a9a9720d8381fae775fcb00a1b0ef7c82645a47eb74c9171231f34016604b716?s=96&d=mm&r=g\",\"url\":\"https:\/\/secure.gravatar.com\/avatar\/a9a9720d8381fae775fcb00a1b0ef7c82645a47eb74c9171231f34016604b716?s=96&d=mm&r=g\",\"contentUrl\":\"https:\/\/secure.gravatar.com\/avatar\/a9a9720d8381fae775fcb00a1b0ef7c82645a47eb74c9171231f34016604b716?s=96&d=mm&r=g\",\"caption\":\"Matilda Hildingsson\"},\"url\":\"https:\/\/www.morbylanga.se\/ungnytt\/author\/matilda_hildingsson\/\"}]}<\/script>\n<!-- \/ Yoast SEO plugin. -->","yoast_head_json":{"title":"Dags att s\u00f6ka gymnasieutbildning - UngNytt","description":"Nu \u00e4r det dags f\u00f6r dig som g\u00e5r i \u00e5rskurs 9 att v\u00e4lja gymnasieprogram inf\u00f6r h\u00f6stens skolstart.","robots":{"index":"index","follow":"follow","max-snippet":"max-snippet:-1","max-image-preview":"max-image-preview:large","max-video-preview":"max-video-preview:-1"},"canonical":"https:\/\/www.morbylanga.se\/ungnytt\/dags-att-soka-gymnasieutbildning\/","og_locale":"sv_SE","og_type":"article","og_title":"Dags att s\u00f6ka gymnasieutbildning - UngNytt","og_description":"Nu \u00e4r det dags f\u00f6r dig som g\u00e5r i \u00e5rskurs 9 att v\u00e4lja gymnasieprogram inf\u00f6r h\u00f6stens skolstart.","og_url":"https:\/\/www.morbylanga.se\/ungnytt\/dags-att-soka-gymnasieutbildning\/","og_site_name":"UngNytt","article_published_time":"2026-01-09T07:18:28+00:00","article_modified_time":"2026-01-09T07:59:33+00:00","og_image":[{"width":2560,"height":1440,"url":"https:\/\/www.morbylanga.se\/ungnytt\/wp-content\/uploads\/2026\/01\/dags-att-valja-ksgyf-2026-kampanjbild-scaled.jpg","type":"image\/jpeg"}],"author":"Matilda Hildingsson","twitter_card":"summary_large_image","twitter_misc":{"Skriven av":"Matilda Hildingsson","Ber\u00e4knad l\u00e4stid":"1 minut"},"schema":{"@context":"https:\/\/schema.org","@graph":[{"@type":"Article","@id":"https:\/\/www.morbylanga.se\/ungnytt\/dags-att-soka-gymnasieutbildning\/#article","isPartOf":{"@id":"https:\/\/www.morbylanga.se\/ungnytt\/dags-att-soka-gymnasieutbildning\/"},"author":{"name":"Matilda Hildingsson","@id":"https:\/\/www.morbylanga.se\/ungnytt\/#\/schema\/person\/82a2e0484000f3af59a54befaca994b0"},"headline":"Dags att s\u00f6ka gymnasieutbildning","datePublished":"2026-01-09T07:18:28+00:00","dateModified":"2026-01-09T07:59:33+00:00","mainEntityOfPage":{"@id":"https:\/\/www.morbylanga.se\/ungnytt\/dags-att-soka-gymnasieutbildning\/"},"wordCount":177,"commentCount":0,"image":{"@id":"https:\/\/www.morbylanga.se\/ungnytt\/dags-att-soka-gymnasieutbildning\/#primaryimage"},"thumbnailUrl":"https:\/\/www.morbylanga.se\/ungnytt\/wp-content\/uploads\/2026\/01\/dags-att-valja-ksgyf-2026-kampanjbild-scaled.jpg","articleSection":["Nyhet"],"inLanguage":"sv-SE","potentialAction":[{"@type":"CommentAction","name":"Comment","target":["https:\/\/www.morbylanga.se\/ungnytt\/dags-att-soka-gymnasieutbildning\/#respond"]}]},{"@type":"WebPage","@id":"https:\/\/www.morbylanga.se\/ungnytt\/dags-att-soka-gymnasieutbildning\/","url":"https:\/\/www.morbylanga.se\/ungnytt\/dags-att-soka-gymnasieutbildning\/","name":"Dags att s\u00f6ka gymnasieutbildning - UngNytt","isPartOf":{"@id":"https:\/\/www.morbylanga.se\/ungnytt\/#website"},"primaryImageOfPage":{"@id":"https:\/\/www.morbylanga.se\/ungnytt\/dags-att-soka-gymnasieutbildning\/#primaryimage"},"image":{"@id":"https:\/\/www.morbylanga.se\/ungnytt\/dags-att-soka-gymnasieutbildning\/#primaryimage"},"thumbnailUrl":"https:\/\/www.morbylanga.se\/ungnytt\/wp-content\/uploads\/2026\/01\/dags-att-valja-ksgyf-2026-kampanjbild-scaled.jpg","datePublished":"2026-01-09T07:18:28+00:00","dateModified":"2026-01-09T07:59:33+00:00","author":{"@id":"https:\/\/www.morbylanga.se\/ungnytt\/#\/schema\/person\/82a2e0484000f3af59a54befaca994b0"},"description":"Nu \u00e4r det dags f\u00f6r dig som g\u00e5r i \u00e5rskurs 9 att v\u00e4lja gymnasieprogram inf\u00f6r h\u00f6stens skolstart.","breadcrumb":{"@id":"https:\/\/www.morbylanga.se\/ungnytt\/dags-att-soka-gymnasieutbildning\/#breadcrumb"},"inLanguage":"sv-SE","potentialAction":[{"@type":"ReadAction","target":["https:\/\/www.morbylanga.se\/ungnytt\/dags-att-soka-gymnasieutbildning\/"]}]},{"@type":"ImageObject","inLanguage":"sv-SE","@id":"https:\/\/www.morbylanga.se\/ungnytt\/dags-att-soka-gymnasieutbildning\/#primaryimage","url":"https:\/\/www.morbylanga.se\/ungnytt\/wp-content\/uploads\/2026\/01\/dags-att-valja-ksgyf-2026-kampanjbild-scaled.jpg","contentUrl":"https:\/\/www.morbylanga.se\/ungnytt\/wp-content\/uploads\/2026\/01\/dags-att-valja-ksgyf-2026-kampanjbild-scaled.jpg","width":2560,"height":1440},{"@type":"BreadcrumbList","@id":"https:\/\/www.morbylanga.se\/ungnytt\/dags-att-soka-gymnasieutbildning\/#breadcrumb","itemListElement":[{"@type":"ListItem","position":1,"name":"Hem","item":"https:\/\/www.morbylanga.se\/ungnytt\/"},{"@type":"ListItem","position":2,"name":"Dags att s\u00f6ka gymnasieutbildning"}]},{"@type":"WebSite","@id":"https:\/\/www.morbylanga.se\/ungnytt\/#website","url":"https:\/\/www.morbylanga.se\/ungnytt\/","name":"UngNytt","description":"Nyheter f\u00f6r och av unga i M\u00f6rbyl\u00e5nga kommun","potentialAction":[{"@type":"SearchAction","target":{"@type":"EntryPoint","urlTemplate":"https:\/\/www.morbylanga.se\/ungnytt\/?s={search_term_string}"},"query-input":{"@type":"PropertyValueSpecification","valueRequired":true,"valueName":"search_term_string"}}],"inLanguage":"sv-SE"},{"@type":"Person","@id":"https:\/\/www.morbylanga.se\/ungnytt\/#\/schema\/person\/82a2e0484000f3af59a54befaca994b0","name":"Matilda Hildingsson","image":{"@type":"ImageObject","inLanguage":"sv-SE","@id":"https:\/\/secure.gravatar.com\/avatar\/a9a9720d8381fae775fcb00a1b0ef7c82645a47eb74c9171231f34016604b716?s=96&d=mm&r=g","url":"https:\/\/secure.gravatar.com\/avatar\/a9a9720d8381fae775fcb00a1b0ef7c82645a47eb74c9171231f34016604b716?s=96&d=mm&r=g","contentUrl":"https:\/\/secure.gravatar.com\/avatar\/a9a9720d8381fae775fcb00a1b0ef7c82645a47eb74c9171231f34016604b716?s=96&d=mm&r=g","caption":"Matilda Hildingsson"},"url":"https:\/\/www.morbylanga.se\/ungnytt\/author\/matilda_hildingsson\/"}]}},"primary_category":{"term_id":1,"name":"Nyhet","slug":"nyhet","term_group":0,"term_taxonomy_id":1,"taxonomy":"category","description":"Nyhetsartiklar presenterar objektivt aktuella h\u00e4ndelser och nyheter. De ger vanligtvis information om vem, vad, var, n\u00e4r och varf\u00f6r h\u00e4ndelsen \u00e4gde rum. Nyhetsartiklar fokuserar p\u00e5 att rapportera fakta utan att inkludera personliga \u00e5sikter eller tolkningar.","parent":0,"count":49,"filter":"raw"},"_links":{"self":[{"href":"https:\/\/www.morbylanga.se\/ungnytt\/wp-json\/wp\/v2\/posts\/1434","targetHints":{"allow":["GET"]}}],"collection":[{"href":"https:\/\/www.morbylanga.se\/ungnytt\/wp-json\/wp\/v2\/posts"}],"about":[{"href":"https:\/\/www.morbylanga.se\/ungnytt\/wp-json\/wp\/v2\/types\/post"}],"author":[{"embeddable":true,"href":"https:\/\/www.morbylanga.se\/ungnytt\/wp-json\/wp\/v2\/users\/2"}],"replies":[{"embeddable":true,"href":"https:\/\/www.morbylanga.se\/ungnytt\/wp-json\/wp\/v2\/comments?post=1434"}],"version-history":[{"count":9,"href":"https:\/\/www.morbylanga.se\/ungnytt\/wp-json\/wp\/v2\/posts\/1434\/revisions"}],"predecessor-version":[{"id":1446,"href":"https:\/\/www.morbylanga.se\/ungnytt\/wp-json\/wp\/v2\/posts\/1434\/revisions\/1446"}],"acf:post":[{"embeddable":true,"href":"https:\/\/www.morbylanga.se\/ungnytt\/wp-json\/wp\/v2\/posts\/1084"}],"wp:featuredmedia":[{"embeddable":true,"href":"https:\/\/www.morbylanga.se\/ungnytt\/wp-json\/wp\/v2\/media\/1435"}],"wp:attachment":[{"href":"https:\/\/www.morbylanga.se\/ungnytt\/wp-json\/wp\/v2\/media?parent=1434"}],"wp:term":[{"taxonomy":"category","embeddable":true,"href":"https:\/\/www.morbylanga.se\/ungnytt\/wp-json\/wp\/v2\/categories?post=1434"}],"curies":[{"name":"wp","href":"https:\/\/api.w.org\/{rel}","templated":true}]}}