{"id":1387,"date":"2025-09-18T14:14:31","date_gmt":"2025-09-18T12:14:31","guid":{"rendered":"https:\/\/www.morbylanga.se\/ungnytt\/?p=1387"},"modified":"2025-09-23T10:19:31","modified_gmt":"2025-09-23T08:19:31","slug":"unga-vill-hjalpa-till-vid-kris-och-det-lonar-sig-att-forbereda-sig","status":"publish","type":"post","link":"https:\/\/www.morbylanga.se\/ungnytt\/unga-vill-hjalpa-till-vid-kris-och-det-lonar-sig-att-forbereda-sig\/","title":{"rendered":"Unga vill hj\u00e4lpa till vid kris \u2013 och det l\u00f6nar sig att f\u00f6rbereda sig"},"content":{"rendered":"<div class=\"block block-text background-light1\">\n<h3 data-start=\"378\" data-end=\"408\">Om Beredskapsveckan 2025<\/h3>\n<p data-start=\"410\" data-end=\"550\">Beredskapsveckan \u00e4r en \u00e5rlig kampanj fr\u00e5n MSB (Myndigheten f\u00f6r samh\u00e4llsskydd och beredskap). \u00c5rets tema \u00e4r <em data-start=\"673\" data-end=\"714\">\u201dDu \u00e4r en del av Sveriges totalf\u00f6rsvar\u201d<\/em>. Det betyder att alla beh\u00f6ver hj\u00e4lpas \u00e5t om det blir en stor kris, eller i v\u00e4rsta fall krig, i Sverige.<\/p>\n<ul>\n<li data-start=\"606\" data-end=\"657\">Alla \u00e4r viktiga i en kris.<\/li>\n<li>Det du kan, kan g\u00f6ra stor skillnad f\u00f6r n\u00e5gon annan.<\/li>\n<\/ul>\n<p data-start=\"659\" data-end=\"796\">\ud83d\udc49 L\u00e4s mer p\u00e5 <a class=\"decorated-link\" href=\"https:\/\/lilla.krisinformation.se\/hander-just-nu\/beredskapsveckan-2025\" target=\"_blank\" rel=\"noopener\" data-start=\"1082\" data-end=\"1154\">Lilla Krisinfo<\/a><\/p>\n<\/div>\n<div class=\"block block-text background-light2\">\n<h3 data-start=\"729\" data-end=\"774\">Vad kan du g\u00f6ra hemma \u2013 hemberedskap \ud83c\udfe1<\/h3>\n<p data-start=\"776\" data-end=\"861\">Fr\u00e5n <em data-start=\"781\" data-end=\"797\">Lilla Krisinfo<\/em> finns enkla tips f\u00f6r vad du kan ha hemma ifall n\u00e5got g\u00e5r fel:<\/p>\n<ul>\n<li data-start=\"865\" data-end=\"913\"><strong data-start=\"865\" data-end=\"881\">Mat &amp; vatten<\/strong>: s\u00e5 du klarar dig n\u00e5gra dagar<\/li>\n<li data-start=\"916\" data-end=\"954\"><strong data-start=\"916\" data-end=\"932\">V\u00e4rme &amp; ljus<\/strong>: om elen f\u00f6rsvinner<\/li>\n<li data-start=\"957\" data-end=\"1013\"><strong data-start=\"957\" data-end=\"974\">Kommunikation<\/strong>: hur du f\u00e5r info utan internet\/mobil<\/li>\n<li data-start=\"1016\" data-end=\"1066\"><strong data-start=\"1016\" data-end=\"1030\">Extra koll<\/strong>: pengar, husdjur, vatten, toalett<\/li>\n<\/ul>\n<p>\ud83d\udc49 L\u00e4s mer p\u00e5 <a class=\"decorated-link\" href=\"https:\/\/lilla.krisinformation.se\/kriskoll\/hemberedskap?utm_source=chatgpt.com\" target=\"_new\" rel=\"noopener\" data-start=\"1082\" data-end=\"1154\">Lilla Krisinfo<\/a><\/p>\n<\/div>\n<div class=\"block block-text background-light1\">\n<p>En ny studie fr\u00e5n Myndigheten f\u00f6r ungdoms- och civilsamh\u00e4llesfr\u00e5gor (MUCF) visar att 7 av 10 unga vill st\u00e4lla upp vid kriser \u2013 framf\u00f6r allt inom civilsamh\u00e4llet. Skillnader mellan killar och tjejer syns inte, men killar \u00e4r mer ben\u00e4gna att delta i det milit\u00e4ra f\u00f6rsvaret.<\/p>\n<blockquote>\n<p data-start=\"1163\" data-end=\"1282\">Att s\u00e5 m\u00e5nga unga vill engagera sig + att det finns smarta saker du kan fixa hemma = riktigt starkt om krisen kommer.<\/p>\n<\/blockquote>\n<p data-start=\"1284\" data-end=\"1589\">\ud83d\udc49 L\u00e4s mer om MUCF:s rapport <a class=\"decorated-link\" href=\"https:\/\/www.mucf.se\/om-oss\/aktuellt\/unga-varderar-demokratin-hogt-men-kanner-sig-inte-alltid-delaktiga\" target=\"_new\" rel=\"noopener\" data-start=\"1313\" data-end=\"1422\">h\u00e4r<\/a><\/p>\n<\/div>\n","protected":false},"excerpt":{"rendered":"<p>Om Beredskapsveckan 2025 Beredskapsveckan \u00e4r en \u00e5rlig kampanj fr\u00e5n MSB (Myndigheten f\u00f6r samh\u00e4llsskydd och beredskap). \u00c5rets tema \u00e4r \u201dDu \u00e4r en del av Sveriges totalf\u00f6rsvar\u201d. Det betyder att alla beh\u00f6ver hj\u00e4lpas \u00e5t om det blir en stor kris, eller i v\u00e4rsta fall krig, i Sverige. Alla \u00e4r viktiga i en kris. Det du kan, kan [&hellip;]<\/p>\n","protected":false},"author":2,"featured_media":1391,"comment_status":"open","ping_status":"open","sticky":false,"template":"","format":"standard","meta":{"_acf_changed":false,"footnotes":""},"categories":[1],"class_list":["post-1387","post","type-post","status-publish","format-standard","has-post-thumbnail","hentry","category-nyhet"],"acf":{"news_thumbnail_video":"","show_news_thumbnail_in_post":true,"news_related_content_title":"Relaterat inneh\u00e5ll","news_related_content":[959,1128,1405],"preamble":"7 av 10 unga vill bidra vid kriser. Beredskapsveckan 2025 \u2013 l\u00e4r dig hur du kan vara redo hemma!"},"yoast_head":"<!-- This site is optimized with the Yoast SEO plugin v27.2 - https:\/\/yoast.com\/product\/yoast-seo-wordpress\/ -->\n<title>Unga vill hj\u00e4lpa till vid kris \u2013 och det l\u00f6nar sig att f\u00f6rbereda sig - UngNytt<\/title>\n<meta name=\"robots\" content=\"index, follow, max-snippet:-1, max-image-preview:large, max-video-preview:-1\" \/>\n<link rel=\"canonical\" href=\"https:\/\/www.morbylanga.se\/ungnytt\/unga-vill-hjalpa-till-vid-kris-och-det-lonar-sig-att-forbereda-sig\/\" \/>\n<meta property=\"og:locale\" content=\"sv_SE\" \/>\n<meta property=\"og:type\" content=\"article\" \/>\n<meta property=\"og:title\" content=\"Unga vill hj\u00e4lpa till vid kris \u2013 och det l\u00f6nar sig att f\u00f6rbereda sig - UngNytt\" \/>\n<meta property=\"og:description\" content=\"Om Beredskapsveckan 2025 Beredskapsveckan \u00e4r en \u00e5rlig kampanj fr\u00e5n MSB (Myndigheten f\u00f6r samh\u00e4llsskydd och beredskap). \u00c5rets tema \u00e4r \u201dDu \u00e4r en del av Sveriges totalf\u00f6rsvar\u201d. Det betyder att alla beh\u00f6ver hj\u00e4lpas \u00e5t om det blir en stor kris, eller i v\u00e4rsta fall krig, i Sverige. Alla \u00e4r viktiga i en kris. Det du kan, kan [&hellip;]\" \/>\n<meta property=\"og:url\" content=\"https:\/\/www.morbylanga.se\/ungnytt\/unga-vill-hjalpa-till-vid-kris-och-det-lonar-sig-att-forbereda-sig\/\" \/>\n<meta property=\"og:site_name\" content=\"UngNytt\" \/>\n<meta property=\"article:published_time\" content=\"2025-09-18T12:14:31+00:00\" \/>\n<meta property=\"article:modified_time\" content=\"2025-09-23T08:19:31+00:00\" \/>\n<meta property=\"og:image\" content=\"https:\/\/www.morbylanga.se\/ungnytt\/wp-content\/uploads\/2025\/09\/nyhetsbrev-17-septw1200h676-1024x577.png\" \/>\n\t<meta property=\"og:image:width\" content=\"1024\" \/>\n\t<meta property=\"og:image:height\" content=\"577\" \/>\n\t<meta property=\"og:image:type\" content=\"image\/png\" \/>\n<meta name=\"author\" content=\"Matilda Hildingsson\" \/>\n<meta name=\"twitter:card\" content=\"summary_large_image\" \/>\n<meta name=\"twitter:label1\" content=\"Skriven av\" \/>\n\t<meta name=\"twitter:data1\" content=\"Matilda Hildingsson\" \/>\n\t<meta name=\"twitter:label2\" content=\"Ber\u00e4knad l\u00e4stid\" \/>\n\t<meta name=\"twitter:data2\" content=\"2 minuter\" \/>\n<script type=\"application\/ld+json\" class=\"yoast-schema-graph\">{\"@context\":\"https:\/\/schema.org\",\"@graph\":[{\"@type\":\"Article\",\"@id\":\"https:\/\/www.morbylanga.se\/ungnytt\/unga-vill-hjalpa-till-vid-kris-och-det-lonar-sig-att-forbereda-sig\/#article\",\"isPartOf\":{\"@id\":\"https:\/\/www.morbylanga.se\/ungnytt\/unga-vill-hjalpa-till-vid-kris-och-det-lonar-sig-att-forbereda-sig\/\"},\"author\":{\"name\":\"Matilda Hildingsson\",\"@id\":\"https:\/\/www.morbylanga.se\/ungnytt\/#\/schema\/person\/82a2e0484000f3af59a54befaca994b0\"},\"headline\":\"Unga vill hj\u00e4lpa till vid kris \u2013 och det l\u00f6nar sig att f\u00f6rbereda sig\",\"datePublished\":\"2025-09-18T12:14:31+00:00\",\"dateModified\":\"2025-09-23T08:19:31+00:00\",\"mainEntityOfPage\":{\"@id\":\"https:\/\/www.morbylanga.se\/ungnytt\/unga-vill-hjalpa-till-vid-kris-och-det-lonar-sig-att-forbereda-sig\/\"},\"wordCount\":240,\"commentCount\":0,\"image\":{\"@id\":\"https:\/\/www.morbylanga.se\/ungnytt\/unga-vill-hjalpa-till-vid-kris-och-det-lonar-sig-att-forbereda-sig\/#primaryimage\"},\"thumbnailUrl\":\"https:\/\/www.morbylanga.se\/ungnytt\/wp-content\/uploads\/2025\/09\/nyhetsbrev-17-septw1200h676.png\",\"articleSection\":[\"Nyhet\"],\"inLanguage\":\"sv-SE\",\"potentialAction\":[{\"@type\":\"CommentAction\",\"name\":\"Comment\",\"target\":[\"https:\/\/www.morbylanga.se\/ungnytt\/unga-vill-hjalpa-till-vid-kris-och-det-lonar-sig-att-forbereda-sig\/#respond\"]}]},{\"@type\":\"WebPage\",\"@id\":\"https:\/\/www.morbylanga.se\/ungnytt\/unga-vill-hjalpa-till-vid-kris-och-det-lonar-sig-att-forbereda-sig\/\",\"url\":\"https:\/\/www.morbylanga.se\/ungnytt\/unga-vill-hjalpa-till-vid-kris-och-det-lonar-sig-att-forbereda-sig\/\",\"name\":\"Unga vill hj\u00e4lpa till vid kris \u2013 och det l\u00f6nar sig att f\u00f6rbereda sig - UngNytt\",\"isPartOf\":{\"@id\":\"https:\/\/www.morbylanga.se\/ungnytt\/#website\"},\"primaryImageOfPage\":{\"@id\":\"https:\/\/www.morbylanga.se\/ungnytt\/unga-vill-hjalpa-till-vid-kris-och-det-lonar-sig-att-forbereda-sig\/#primaryimage\"},\"image\":{\"@id\":\"https:\/\/www.morbylanga.se\/ungnytt\/unga-vill-hjalpa-till-vid-kris-och-det-lonar-sig-att-forbereda-sig\/#primaryimage\"},\"thumbnailUrl\":\"https:\/\/www.morbylanga.se\/ungnytt\/wp-content\/uploads\/2025\/09\/nyhetsbrev-17-septw1200h676.png\",\"datePublished\":\"2025-09-18T12:14:31+00:00\",\"dateModified\":\"2025-09-23T08:19:31+00:00\",\"author\":{\"@id\":\"https:\/\/www.morbylanga.se\/ungnytt\/#\/schema\/person\/82a2e0484000f3af59a54befaca994b0\"},\"breadcrumb\":{\"@id\":\"https:\/\/www.morbylanga.se\/ungnytt\/unga-vill-hjalpa-till-vid-kris-och-det-lonar-sig-att-forbereda-sig\/#breadcrumb\"},\"inLanguage\":\"sv-SE\",\"potentialAction\":[{\"@type\":\"ReadAction\",\"target\":[\"https:\/\/www.morbylanga.se\/ungnytt\/unga-vill-hjalpa-till-vid-kris-och-det-lonar-sig-att-forbereda-sig\/\"]}]},{\"@type\":\"ImageObject\",\"inLanguage\":\"sv-SE\",\"@id\":\"https:\/\/www.morbylanga.se\/ungnytt\/unga-vill-hjalpa-till-vid-kris-och-det-lonar-sig-att-forbereda-sig\/#primaryimage\",\"url\":\"https:\/\/www.morbylanga.se\/ungnytt\/wp-content\/uploads\/2025\/09\/nyhetsbrev-17-septw1200h676.png\",\"contentUrl\":\"https:\/\/www.morbylanga.se\/ungnytt\/wp-content\/uploads\/2025\/09\/nyhetsbrev-17-septw1200h676.png\",\"width\":1200,\"height\":676},{\"@type\":\"BreadcrumbList\",\"@id\":\"https:\/\/www.morbylanga.se\/ungnytt\/unga-vill-hjalpa-till-vid-kris-och-det-lonar-sig-att-forbereda-sig\/#breadcrumb\",\"itemListElement\":[{\"@type\":\"ListItem\",\"position\":1,\"name\":\"Hem\",\"item\":\"https:\/\/www.morbylanga.se\/ungnytt\/\"},{\"@type\":\"ListItem\",\"position\":2,\"name\":\"Unga vill hj\u00e4lpa till vid kris \u2013 och det l\u00f6nar sig att f\u00f6rbereda sig\"}]},{\"@type\":\"WebSite\",\"@id\":\"https:\/\/www.morbylanga.se\/ungnytt\/#website\",\"url\":\"https:\/\/www.morbylanga.se\/ungnytt\/\",\"name\":\"UngNytt\",\"description\":\"Nyheter f\u00f6r och av unga i M\u00f6rbyl\u00e5nga kommun\",\"potentialAction\":[{\"@type\":\"SearchAction\",\"target\":{\"@type\":\"EntryPoint\",\"urlTemplate\":\"https:\/\/www.morbylanga.se\/ungnytt\/?s={search_term_string}\"},\"query-input\":{\"@type\":\"PropertyValueSpecification\",\"valueRequired\":true,\"valueName\":\"search_term_string\"}}],\"inLanguage\":\"sv-SE\"},{\"@type\":\"Person\",\"@id\":\"https:\/\/www.morbylanga.se\/ungnytt\/#\/schema\/person\/82a2e0484000f3af59a54befaca994b0\",\"name\":\"Matilda Hildingsson\",\"image\":{\"@type\":\"ImageObject\",\"inLanguage\":\"sv-SE\",\"@id\":\"https:\/\/secure.gravatar.com\/avatar\/a9a9720d8381fae775fcb00a1b0ef7c82645a47eb74c9171231f34016604b716?s=96&d=mm&r=g\",\"url\":\"https:\/\/secure.gravatar.com\/avatar\/a9a9720d8381fae775fcb00a1b0ef7c82645a47eb74c9171231f34016604b716?s=96&d=mm&r=g\",\"contentUrl\":\"https:\/\/secure.gravatar.com\/avatar\/a9a9720d8381fae775fcb00a1b0ef7c82645a47eb74c9171231f34016604b716?s=96&d=mm&r=g\",\"caption\":\"Matilda Hildingsson\"},\"url\":\"https:\/\/www.morbylanga.se\/ungnytt\/author\/matilda_hildingsson\/\"}]}<\/script>\n<!-- \/ Yoast SEO plugin. -->","yoast_head_json":{"title":"Unga vill hj\u00e4lpa till vid kris \u2013 och det l\u00f6nar sig att f\u00f6rbereda sig - UngNytt","robots":{"index":"index","follow":"follow","max-snippet":"max-snippet:-1","max-image-preview":"max-image-preview:large","max-video-preview":"max-video-preview:-1"},"canonical":"https:\/\/www.morbylanga.se\/ungnytt\/unga-vill-hjalpa-till-vid-kris-och-det-lonar-sig-att-forbereda-sig\/","og_locale":"sv_SE","og_type":"article","og_title":"Unga vill hj\u00e4lpa till vid kris \u2013 och det l\u00f6nar sig att f\u00f6rbereda sig - UngNytt","og_description":"Om Beredskapsveckan 2025 Beredskapsveckan \u00e4r en \u00e5rlig kampanj fr\u00e5n MSB (Myndigheten f\u00f6r samh\u00e4llsskydd och beredskap). \u00c5rets tema \u00e4r \u201dDu \u00e4r en del av Sveriges totalf\u00f6rsvar\u201d. Det betyder att alla beh\u00f6ver hj\u00e4lpas \u00e5t om det blir en stor kris, eller i v\u00e4rsta fall krig, i Sverige. Alla \u00e4r viktiga i en kris. Det du kan, kan [&hellip;]","og_url":"https:\/\/www.morbylanga.se\/ungnytt\/unga-vill-hjalpa-till-vid-kris-och-det-lonar-sig-att-forbereda-sig\/","og_site_name":"UngNytt","article_published_time":"2025-09-18T12:14:31+00:00","article_modified_time":"2025-09-23T08:19:31+00:00","og_image":[{"width":1024,"height":577,"url":"https:\/\/www.morbylanga.se\/ungnytt\/wp-content\/uploads\/2025\/09\/nyhetsbrev-17-septw1200h676-1024x577.png","type":"image\/png"}],"author":"Matilda Hildingsson","twitter_card":"summary_large_image","twitter_misc":{"Skriven av":"Matilda Hildingsson","Ber\u00e4knad l\u00e4stid":"2 minuter"},"schema":{"@context":"https:\/\/schema.org","@graph":[{"@type":"Article","@id":"https:\/\/www.morbylanga.se\/ungnytt\/unga-vill-hjalpa-till-vid-kris-och-det-lonar-sig-att-forbereda-sig\/#article","isPartOf":{"@id":"https:\/\/www.morbylanga.se\/ungnytt\/unga-vill-hjalpa-till-vid-kris-och-det-lonar-sig-att-forbereda-sig\/"},"author":{"name":"Matilda Hildingsson","@id":"https:\/\/www.morbylanga.se\/ungnytt\/#\/schema\/person\/82a2e0484000f3af59a54befaca994b0"},"headline":"Unga vill hj\u00e4lpa till vid kris \u2013 och det l\u00f6nar sig att f\u00f6rbereda sig","datePublished":"2025-09-18T12:14:31+00:00","dateModified":"2025-09-23T08:19:31+00:00","mainEntityOfPage":{"@id":"https:\/\/www.morbylanga.se\/ungnytt\/unga-vill-hjalpa-till-vid-kris-och-det-lonar-sig-att-forbereda-sig\/"},"wordCount":240,"commentCount":0,"image":{"@id":"https:\/\/www.morbylanga.se\/ungnytt\/unga-vill-hjalpa-till-vid-kris-och-det-lonar-sig-att-forbereda-sig\/#primaryimage"},"thumbnailUrl":"https:\/\/www.morbylanga.se\/ungnytt\/wp-content\/uploads\/2025\/09\/nyhetsbrev-17-septw1200h676.png","articleSection":["Nyhet"],"inLanguage":"sv-SE","potentialAction":[{"@type":"CommentAction","name":"Comment","target":["https:\/\/www.morbylanga.se\/ungnytt\/unga-vill-hjalpa-till-vid-kris-och-det-lonar-sig-att-forbereda-sig\/#respond"]}]},{"@type":"WebPage","@id":"https:\/\/www.morbylanga.se\/ungnytt\/unga-vill-hjalpa-till-vid-kris-och-det-lonar-sig-att-forbereda-sig\/","url":"https:\/\/www.morbylanga.se\/ungnytt\/unga-vill-hjalpa-till-vid-kris-och-det-lonar-sig-att-forbereda-sig\/","name":"Unga vill hj\u00e4lpa till vid kris \u2013 och det l\u00f6nar sig att f\u00f6rbereda sig - UngNytt","isPartOf":{"@id":"https:\/\/www.morbylanga.se\/ungnytt\/#website"},"primaryImageOfPage":{"@id":"https:\/\/www.morbylanga.se\/ungnytt\/unga-vill-hjalpa-till-vid-kris-och-det-lonar-sig-att-forbereda-sig\/#primaryimage"},"image":{"@id":"https:\/\/www.morbylanga.se\/ungnytt\/unga-vill-hjalpa-till-vid-kris-och-det-lonar-sig-att-forbereda-sig\/#primaryimage"},"thumbnailUrl":"https:\/\/www.morbylanga.se\/ungnytt\/wp-content\/uploads\/2025\/09\/nyhetsbrev-17-septw1200h676.png","datePublished":"2025-09-18T12:14:31+00:00","dateModified":"2025-09-23T08:19:31+00:00","author":{"@id":"https:\/\/www.morbylanga.se\/ungnytt\/#\/schema\/person\/82a2e0484000f3af59a54befaca994b0"},"breadcrumb":{"@id":"https:\/\/www.morbylanga.se\/ungnytt\/unga-vill-hjalpa-till-vid-kris-och-det-lonar-sig-att-forbereda-sig\/#breadcrumb"},"inLanguage":"sv-SE","potentialAction":[{"@type":"ReadAction","target":["https:\/\/www.morbylanga.se\/ungnytt\/unga-vill-hjalpa-till-vid-kris-och-det-lonar-sig-att-forbereda-sig\/"]}]},{"@type":"ImageObject","inLanguage":"sv-SE","@id":"https:\/\/www.morbylanga.se\/ungnytt\/unga-vill-hjalpa-till-vid-kris-och-det-lonar-sig-att-forbereda-sig\/#primaryimage","url":"https:\/\/www.morbylanga.se\/ungnytt\/wp-content\/uploads\/2025\/09\/nyhetsbrev-17-septw1200h676.png","contentUrl":"https:\/\/www.morbylanga.se\/ungnytt\/wp-content\/uploads\/2025\/09\/nyhetsbrev-17-septw1200h676.png","width":1200,"height":676},{"@type":"BreadcrumbList","@id":"https:\/\/www.morbylanga.se\/ungnytt\/unga-vill-hjalpa-till-vid-kris-och-det-lonar-sig-att-forbereda-sig\/#breadcrumb","itemListElement":[{"@type":"ListItem","position":1,"name":"Hem","item":"https:\/\/www.morbylanga.se\/ungnytt\/"},{"@type":"ListItem","position":2,"name":"Unga vill hj\u00e4lpa till vid kris \u2013 och det l\u00f6nar sig att f\u00f6rbereda sig"}]},{"@type":"WebSite","@id":"https:\/\/www.morbylanga.se\/ungnytt\/#website","url":"https:\/\/www.morbylanga.se\/ungnytt\/","name":"UngNytt","description":"Nyheter f\u00f6r och av unga i M\u00f6rbyl\u00e5nga kommun","potentialAction":[{"@type":"SearchAction","target":{"@type":"EntryPoint","urlTemplate":"https:\/\/www.morbylanga.se\/ungnytt\/?s={search_term_string}"},"query-input":{"@type":"PropertyValueSpecification","valueRequired":true,"valueName":"search_term_string"}}],"inLanguage":"sv-SE"},{"@type":"Person","@id":"https:\/\/www.morbylanga.se\/ungnytt\/#\/schema\/person\/82a2e0484000f3af59a54befaca994b0","name":"Matilda Hildingsson","image":{"@type":"ImageObject","inLanguage":"sv-SE","@id":"https:\/\/secure.gravatar.com\/avatar\/a9a9720d8381fae775fcb00a1b0ef7c82645a47eb74c9171231f34016604b716?s=96&d=mm&r=g","url":"https:\/\/secure.gravatar.com\/avatar\/a9a9720d8381fae775fcb00a1b0ef7c82645a47eb74c9171231f34016604b716?s=96&d=mm&r=g","contentUrl":"https:\/\/secure.gravatar.com\/avatar\/a9a9720d8381fae775fcb00a1b0ef7c82645a47eb74c9171231f34016604b716?s=96&d=mm&r=g","caption":"Matilda Hildingsson"},"url":"https:\/\/www.morbylanga.se\/ungnytt\/author\/matilda_hildingsson\/"}]}},"primary_category":{"term_id":1,"name":"Nyhet","slug":"nyhet","term_group":0,"term_taxonomy_id":1,"taxonomy":"category","description":"Nyhetsartiklar presenterar objektivt aktuella h\u00e4ndelser och nyheter. De ger vanligtvis information om vem, vad, var, n\u00e4r och varf\u00f6r h\u00e4ndelsen \u00e4gde rum. Nyhetsartiklar fokuserar p\u00e5 att rapportera fakta utan att inkludera personliga \u00e5sikter eller tolkningar.","parent":0,"count":49,"filter":"raw"},"_links":{"self":[{"href":"https:\/\/www.morbylanga.se\/ungnytt\/wp-json\/wp\/v2\/posts\/1387","targetHints":{"allow":["GET"]}}],"collection":[{"href":"https:\/\/www.morbylanga.se\/ungnytt\/wp-json\/wp\/v2\/posts"}],"about":[{"href":"https:\/\/www.morbylanga.se\/ungnytt\/wp-json\/wp\/v2\/types\/post"}],"author":[{"embeddable":true,"href":"https:\/\/www.morbylanga.se\/ungnytt\/wp-json\/wp\/v2\/users\/2"}],"replies":[{"embeddable":true,"href":"https:\/\/www.morbylanga.se\/ungnytt\/wp-json\/wp\/v2\/comments?post=1387"}],"version-history":[{"count":15,"href":"https:\/\/www.morbylanga.se\/ungnytt\/wp-json\/wp\/v2\/posts\/1387\/revisions"}],"predecessor-version":[{"id":1419,"href":"https:\/\/www.morbylanga.se\/ungnytt\/wp-json\/wp\/v2\/posts\/1387\/revisions\/1419"}],"acf:post":[{"embeddable":true,"href":"https:\/\/www.morbylanga.se\/ungnytt\/wp-json\/wp\/v2\/posts\/1405"},{"embeddable":true,"href":"https:\/\/www.morbylanga.se\/ungnytt\/wp-json\/wp\/v2\/posts\/1128"},{"embeddable":true,"href":"https:\/\/www.morbylanga.se\/ungnytt\/wp-json\/wp\/v2\/posts\/959"}],"wp:featuredmedia":[{"embeddable":true,"href":"https:\/\/www.morbylanga.se\/ungnytt\/wp-json\/wp\/v2\/media\/1391"}],"wp:attachment":[{"href":"https:\/\/www.morbylanga.se\/ungnytt\/wp-json\/wp\/v2\/media?parent=1387"}],"wp:term":[{"taxonomy":"category","embeddable":true,"href":"https:\/\/www.morbylanga.se\/ungnytt\/wp-json\/wp\/v2\/categories?post=1387"}],"curies":[{"name":"wp","href":"https:\/\/api.w.org\/{rel}","templated":true}]}}