{"id":1360,"date":"2025-09-09T14:27:32","date_gmt":"2025-09-09T12:27:32","guid":{"rendered":"https:\/\/www.morbylanga.se\/ungnytt\/?p=1360"},"modified":"2025-09-09T14:27:32","modified_gmt":"2025-09-09T12:27:32","slug":"lyssna-minns-och-stotta-internationella-suicidpreventiva-dagen","status":"publish","type":"post","link":"https:\/\/www.morbylanga.se\/ungnytt\/lyssna-minns-och-stotta-internationella-suicidpreventiva-dagen\/","title":{"rendered":"Lyssna, minns och st\u00f6tta \u2013 internationella suicidpreventiva dagen"},"content":{"rendered":"<p data-start=\"517\" data-end=\"756\">F\u00f6r att uppm\u00e4rksamma suicidpreventiva dagen bjuder M\u00f6rbyl\u00e5nga kommun in till en digital f\u00f6rel\u00e4sning med Henrik Wahlstr\u00f6m, som lives\u00e4nds fr\u00e5n Kalmar Slott. Efter f\u00f6rel\u00e4sningen h\u00e5ller vi en ljusceremoni f\u00f6r att minnas och hylla<\/p>\n<p data-start=\"758\" data-end=\"878\"><strong data-start=\"758\" data-end=\"766\">Tid:<\/strong> onsdag 10 september 2025, kl. 18.00\u201320.00<br data-start=\"808\" data-end=\"811\" \/><strong data-start=\"811\" data-end=\"821\">Plats:<\/strong> \u00d6lands Folkh\u00f6gskola, Skogsby<br data-start=\"850\" data-end=\"853\" \/><strong data-start=\"853\" data-end=\"862\">Pris:<\/strong> kostnadsfritt<\/p>\n<p data-start=\"880\" data-end=\"1010\"><strong data-start=\"880\" data-end=\"892\">Anm\u00e4lan:<\/strong> <a href=\"https:\/\/esmaker.net\/nx2\/s.aspx?id=fc3ec2ac3408\" target=\"_blank\" rel=\"noopener\">H\u00e4r kan du anm\u00e4la dig<\/a><br data-start=\"899\" data-end=\"902\" \/><strong data-start=\"902\" data-end=\"913\">Fr\u00e5gor:<\/strong> Anneli Bergman, samordnare f\u00f6rebyggande arbete f\u00f6r barn och unga, <a class=\"decorated-link cursor-pointer\" rel=\"noopener\" data-start=\"980\" data-end=\"1008\">anneli.bergman@morbylanga.s<\/a><\/p>\n<p data-start=\"880\" data-end=\"1010\"><em>M\u00f6rbyl\u00e5nga kommun och Region Kalmar arrangerar evenemanget tillsammans.<\/em><\/p>\n<div class=\"block block-text background-light2\">\n<figure id=\"attachment_1291\" aria-describedby=\"caption-attachment-1291\" style=\"width: 2560px\" class=\"wp-caption aligncenter\"><img decoding=\"async\" class=\"size-full wp-image-1291\" src=\"https:\/\/www.morbylanga.se\/ungnytt\/wp-content\/uploads\/2024\/08\/mp66633225-child-psychologist-woman-and-support-talking-or-scaled-e1757404846233.jpg\" alt=\"\" width=\"2560\" height=\"1054\" \/><figcaption id=\"caption-attachment-1291\" class=\"wp-caption-text\">Om du m\u00e5r d\u00e5ligt eller beh\u00f6ver prata med n\u00e5gon finns hj\u00e4lp att f\u00e5. Kommunen erbjuder st\u00f6d och kontaktv\u00e4gar f\u00f6r unga som beh\u00f6ver n\u00e5gon att lyssna p\u00e5.<\/figcaption><\/figure>\n<p style=\"text-align: left;\" data-start=\"345\" data-end=\"384\"><a href=\"https:\/\/www.morbylanga.se\/stod-och-omsorg\/stod-for-barn-och-unga\/stod-kontakt-och-hjalp\/\" target=\"_blank\" rel=\"noopener\"><strong data-start=\"345\" data-end=\"382\">St\u00f6d och hj\u00e4lp till dig som ung<\/strong><\/a><\/p>\n<\/div>\n","protected":false},"excerpt":{"rendered":"<p>F\u00f6r att uppm\u00e4rksamma suicidpreventiva dagen bjuder M\u00f6rbyl\u00e5nga kommun in till en digital f\u00f6rel\u00e4sning med Henrik Wahlstr\u00f6m, som lives\u00e4nds fr\u00e5n Kalmar Slott. Efter f\u00f6rel\u00e4sningen h\u00e5ller vi en ljusceremoni f\u00f6r att minnas och hylla Tid: onsdag 10 september 2025, kl. 18.00\u201320.00Plats: \u00d6lands Folkh\u00f6gskola, SkogsbyPris: kostnadsfritt Anm\u00e4lan: H\u00e4r kan du anm\u00e4la digFr\u00e5gor: Anneli Bergman, samordnare f\u00f6rebyggande arbete f\u00f6r [&hellip;]<\/p>\n","protected":false},"author":2,"featured_media":1361,"comment_status":"open","ping_status":"open","sticky":false,"template":"","format":"standard","meta":{"_acf_changed":false,"footnotes":""},"categories":[28],"class_list":["post-1360","post","type-post","status-publish","format-standard","has-post-thumbnail","hentry","category-evenemang"],"acf":{"news_thumbnail_video":"","show_news_thumbnail_in_post":true,"news_related_content_title":"Relaterat inneh\u00e5ll","news_related_content":[144,111],"preamble":"Den 10 september \u00e4r det internationella suicidpreventiva dagen. Dagen handlar om att f\u00f6rebygga sj\u00e4lvmord, prata \u00f6ppet om psykisk h\u00e4lsa och st\u00f6tta personer som k\u00e4mpar eller har f\u00f6rlorat n\u00e5gon. Det \u00e4r ocks\u00e5 en dag f\u00f6r att minnas dem vi saknar och hylla dem som k\u00e4mpar."},"yoast_head":"<!-- This site is optimized with the Yoast SEO plugin v27.2 - https:\/\/yoast.com\/product\/yoast-seo-wordpress\/ -->\n<title>Lyssna, minns och st\u00f6tta \u2013 internationella suicidpreventiva dagen - UngNytt<\/title>\n<meta name=\"description\" content=\"Den 10 september uppm\u00e4rksammar vi internationella suicidpreventiva dagen. Lyssna till Henrik Wahlstr\u00f6m och delta i ljusceremoni p\u00e5 \u00d6lands Folkh\u00f6gskola.\" \/>\n<meta name=\"robots\" content=\"index, follow, max-snippet:-1, max-image-preview:large, max-video-preview:-1\" \/>\n<link rel=\"canonical\" href=\"https:\/\/www.morbylanga.se\/ungnytt\/lyssna-minns-och-stotta-internationella-suicidpreventiva-dagen\/\" \/>\n<meta property=\"og:locale\" content=\"sv_SE\" \/>\n<meta property=\"og:type\" content=\"article\" \/>\n<meta property=\"og:title\" content=\"Lyssna, minns och st\u00f6tta \u2013 internationella suicidpreventiva dagen - UngNytt\" \/>\n<meta property=\"og:description\" content=\"Den 10 september uppm\u00e4rksammar vi internationella suicidpreventiva dagen. Lyssna till Henrik Wahlstr\u00f6m och delta i ljusceremoni p\u00e5 \u00d6lands Folkh\u00f6gskola.\" \/>\n<meta property=\"og:url\" content=\"https:\/\/www.morbylanga.se\/ungnytt\/lyssna-minns-och-stotta-internationella-suicidpreventiva-dagen\/\" \/>\n<meta property=\"og:site_name\" content=\"UngNytt\" \/>\n<meta property=\"article:published_time\" content=\"2025-09-09T12:27:32+00:00\" \/>\n<meta property=\"og:image\" content=\"https:\/\/www.morbylanga.se\/ungnytt\/wp-content\/uploads\/2025\/09\/mp65594454-person-haller-ett-varmeljus-i-handen-scaled.jpg\" \/>\n\t<meta property=\"og:image:width\" content=\"2560\" \/>\n\t<meta property=\"og:image:height\" content=\"1707\" \/>\n\t<meta property=\"og:image:type\" content=\"image\/jpeg\" \/>\n<meta name=\"author\" content=\"Matilda Hildingsson\" \/>\n<meta name=\"twitter:card\" content=\"summary_large_image\" \/>\n<meta name=\"twitter:label1\" content=\"Skriven av\" \/>\n\t<meta name=\"twitter:data1\" content=\"Matilda Hildingsson\" \/>\n\t<meta name=\"twitter:label2\" content=\"Ber\u00e4knad l\u00e4stid\" \/>\n\t<meta name=\"twitter:data2\" content=\"1 minut\" \/>\n<script type=\"application\/ld+json\" class=\"yoast-schema-graph\">{\"@context\":\"https:\/\/schema.org\",\"@graph\":[{\"@type\":\"Article\",\"@id\":\"https:\/\/www.morbylanga.se\/ungnytt\/lyssna-minns-och-stotta-internationella-suicidpreventiva-dagen\/#article\",\"isPartOf\":{\"@id\":\"https:\/\/www.morbylanga.se\/ungnytt\/lyssna-minns-och-stotta-internationella-suicidpreventiva-dagen\/\"},\"author\":{\"name\":\"Matilda Hildingsson\",\"@id\":\"https:\/\/www.morbylanga.se\/ungnytt\/#\/schema\/person\/82a2e0484000f3af59a54befaca994b0\"},\"headline\":\"Lyssna, minns och st\u00f6tta \u2013 internationella suicidpreventiva dagen\",\"datePublished\":\"2025-09-09T12:27:32+00:00\",\"mainEntityOfPage\":{\"@id\":\"https:\/\/www.morbylanga.se\/ungnytt\/lyssna-minns-och-stotta-internationella-suicidpreventiva-dagen\/\"},\"wordCount\":152,\"commentCount\":0,\"image\":{\"@id\":\"https:\/\/www.morbylanga.se\/ungnytt\/lyssna-minns-och-stotta-internationella-suicidpreventiva-dagen\/#primaryimage\"},\"thumbnailUrl\":\"https:\/\/www.morbylanga.se\/ungnytt\/wp-content\/uploads\/2025\/09\/mp65594454-person-haller-ett-varmeljus-i-handen-scaled.jpg\",\"articleSection\":[\"Evenemang\"],\"inLanguage\":\"sv-SE\",\"potentialAction\":[{\"@type\":\"CommentAction\",\"name\":\"Comment\",\"target\":[\"https:\/\/www.morbylanga.se\/ungnytt\/lyssna-minns-och-stotta-internationella-suicidpreventiva-dagen\/#respond\"]}]},{\"@type\":\"WebPage\",\"@id\":\"https:\/\/www.morbylanga.se\/ungnytt\/lyssna-minns-och-stotta-internationella-suicidpreventiva-dagen\/\",\"url\":\"https:\/\/www.morbylanga.se\/ungnytt\/lyssna-minns-och-stotta-internationella-suicidpreventiva-dagen\/\",\"name\":\"Lyssna, minns och st\u00f6tta \u2013 internationella suicidpreventiva dagen - UngNytt\",\"isPartOf\":{\"@id\":\"https:\/\/www.morbylanga.se\/ungnytt\/#website\"},\"primaryImageOfPage\":{\"@id\":\"https:\/\/www.morbylanga.se\/ungnytt\/lyssna-minns-och-stotta-internationella-suicidpreventiva-dagen\/#primaryimage\"},\"image\":{\"@id\":\"https:\/\/www.morbylanga.se\/ungnytt\/lyssna-minns-och-stotta-internationella-suicidpreventiva-dagen\/#primaryimage\"},\"thumbnailUrl\":\"https:\/\/www.morbylanga.se\/ungnytt\/wp-content\/uploads\/2025\/09\/mp65594454-person-haller-ett-varmeljus-i-handen-scaled.jpg\",\"datePublished\":\"2025-09-09T12:27:32+00:00\",\"author\":{\"@id\":\"https:\/\/www.morbylanga.se\/ungnytt\/#\/schema\/person\/82a2e0484000f3af59a54befaca994b0\"},\"description\":\"Den 10 september uppm\u00e4rksammar vi internationella suicidpreventiva dagen. Lyssna till Henrik Wahlstr\u00f6m och delta i ljusceremoni p\u00e5 \u00d6lands Folkh\u00f6gskola.\",\"breadcrumb\":{\"@id\":\"https:\/\/www.morbylanga.se\/ungnytt\/lyssna-minns-och-stotta-internationella-suicidpreventiva-dagen\/#breadcrumb\"},\"inLanguage\":\"sv-SE\",\"potentialAction\":[{\"@type\":\"ReadAction\",\"target\":[\"https:\/\/www.morbylanga.se\/ungnytt\/lyssna-minns-och-stotta-internationella-suicidpreventiva-dagen\/\"]}]},{\"@type\":\"ImageObject\",\"inLanguage\":\"sv-SE\",\"@id\":\"https:\/\/www.morbylanga.se\/ungnytt\/lyssna-minns-och-stotta-internationella-suicidpreventiva-dagen\/#primaryimage\",\"url\":\"https:\/\/www.morbylanga.se\/ungnytt\/wp-content\/uploads\/2025\/09\/mp65594454-person-haller-ett-varmeljus-i-handen-scaled.jpg\",\"contentUrl\":\"https:\/\/www.morbylanga.se\/ungnytt\/wp-content\/uploads\/2025\/09\/mp65594454-person-haller-ett-varmeljus-i-handen-scaled.jpg\",\"width\":2560,\"height\":1707,\"caption\":\"En hand fr\u00e5n en person som h\u00e5lleri ett t\u00e4nt v\u00e4rmeljus.\"},{\"@type\":\"BreadcrumbList\",\"@id\":\"https:\/\/www.morbylanga.se\/ungnytt\/lyssna-minns-och-stotta-internationella-suicidpreventiva-dagen\/#breadcrumb\",\"itemListElement\":[{\"@type\":\"ListItem\",\"position\":1,\"name\":\"Hem\",\"item\":\"https:\/\/www.morbylanga.se\/ungnytt\/\"},{\"@type\":\"ListItem\",\"position\":2,\"name\":\"Lyssna, minns och st\u00f6tta \u2013 internationella suicidpreventiva dagen\"}]},{\"@type\":\"WebSite\",\"@id\":\"https:\/\/www.morbylanga.se\/ungnytt\/#website\",\"url\":\"https:\/\/www.morbylanga.se\/ungnytt\/\",\"name\":\"UngNytt\",\"description\":\"Nyheter f\u00f6r och av unga i M\u00f6rbyl\u00e5nga kommun\",\"potentialAction\":[{\"@type\":\"SearchAction\",\"target\":{\"@type\":\"EntryPoint\",\"urlTemplate\":\"https:\/\/www.morbylanga.se\/ungnytt\/?s={search_term_string}\"},\"query-input\":{\"@type\":\"PropertyValueSpecification\",\"valueRequired\":true,\"valueName\":\"search_term_string\"}}],\"inLanguage\":\"sv-SE\"},{\"@type\":\"Person\",\"@id\":\"https:\/\/www.morbylanga.se\/ungnytt\/#\/schema\/person\/82a2e0484000f3af59a54befaca994b0\",\"name\":\"Matilda Hildingsson\",\"image\":{\"@type\":\"ImageObject\",\"inLanguage\":\"sv-SE\",\"@id\":\"https:\/\/secure.gravatar.com\/avatar\/a9a9720d8381fae775fcb00a1b0ef7c82645a47eb74c9171231f34016604b716?s=96&d=mm&r=g\",\"url\":\"https:\/\/secure.gravatar.com\/avatar\/a9a9720d8381fae775fcb00a1b0ef7c82645a47eb74c9171231f34016604b716?s=96&d=mm&r=g\",\"contentUrl\":\"https:\/\/secure.gravatar.com\/avatar\/a9a9720d8381fae775fcb00a1b0ef7c82645a47eb74c9171231f34016604b716?s=96&d=mm&r=g\",\"caption\":\"Matilda Hildingsson\"},\"url\":\"https:\/\/www.morbylanga.se\/ungnytt\/author\/matilda_hildingsson\/\"}]}<\/script>\n<!-- \/ Yoast SEO plugin. -->","yoast_head_json":{"title":"Lyssna, minns och st\u00f6tta \u2013 internationella suicidpreventiva dagen - UngNytt","description":"Den 10 september uppm\u00e4rksammar vi internationella suicidpreventiva dagen. Lyssna till Henrik Wahlstr\u00f6m och delta i ljusceremoni p\u00e5 \u00d6lands Folkh\u00f6gskola.","robots":{"index":"index","follow":"follow","max-snippet":"max-snippet:-1","max-image-preview":"max-image-preview:large","max-video-preview":"max-video-preview:-1"},"canonical":"https:\/\/www.morbylanga.se\/ungnytt\/lyssna-minns-och-stotta-internationella-suicidpreventiva-dagen\/","og_locale":"sv_SE","og_type":"article","og_title":"Lyssna, minns och st\u00f6tta \u2013 internationella suicidpreventiva dagen - UngNytt","og_description":"Den 10 september uppm\u00e4rksammar vi internationella suicidpreventiva dagen. Lyssna till Henrik Wahlstr\u00f6m och delta i ljusceremoni p\u00e5 \u00d6lands Folkh\u00f6gskola.","og_url":"https:\/\/www.morbylanga.se\/ungnytt\/lyssna-minns-och-stotta-internationella-suicidpreventiva-dagen\/","og_site_name":"UngNytt","article_published_time":"2025-09-09T12:27:32+00:00","og_image":[{"width":2560,"height":1707,"url":"https:\/\/www.morbylanga.se\/ungnytt\/wp-content\/uploads\/2025\/09\/mp65594454-person-haller-ett-varmeljus-i-handen-scaled.jpg","type":"image\/jpeg"}],"author":"Matilda Hildingsson","twitter_card":"summary_large_image","twitter_misc":{"Skriven av":"Matilda Hildingsson","Ber\u00e4knad l\u00e4stid":"1 minut"},"schema":{"@context":"https:\/\/schema.org","@graph":[{"@type":"Article","@id":"https:\/\/www.morbylanga.se\/ungnytt\/lyssna-minns-och-stotta-internationella-suicidpreventiva-dagen\/#article","isPartOf":{"@id":"https:\/\/www.morbylanga.se\/ungnytt\/lyssna-minns-och-stotta-internationella-suicidpreventiva-dagen\/"},"author":{"name":"Matilda Hildingsson","@id":"https:\/\/www.morbylanga.se\/ungnytt\/#\/schema\/person\/82a2e0484000f3af59a54befaca994b0"},"headline":"Lyssna, minns och st\u00f6tta \u2013 internationella suicidpreventiva dagen","datePublished":"2025-09-09T12:27:32+00:00","mainEntityOfPage":{"@id":"https:\/\/www.morbylanga.se\/ungnytt\/lyssna-minns-och-stotta-internationella-suicidpreventiva-dagen\/"},"wordCount":152,"commentCount":0,"image":{"@id":"https:\/\/www.morbylanga.se\/ungnytt\/lyssna-minns-och-stotta-internationella-suicidpreventiva-dagen\/#primaryimage"},"thumbnailUrl":"https:\/\/www.morbylanga.se\/ungnytt\/wp-content\/uploads\/2025\/09\/mp65594454-person-haller-ett-varmeljus-i-handen-scaled.jpg","articleSection":["Evenemang"],"inLanguage":"sv-SE","potentialAction":[{"@type":"CommentAction","name":"Comment","target":["https:\/\/www.morbylanga.se\/ungnytt\/lyssna-minns-och-stotta-internationella-suicidpreventiva-dagen\/#respond"]}]},{"@type":"WebPage","@id":"https:\/\/www.morbylanga.se\/ungnytt\/lyssna-minns-och-stotta-internationella-suicidpreventiva-dagen\/","url":"https:\/\/www.morbylanga.se\/ungnytt\/lyssna-minns-och-stotta-internationella-suicidpreventiva-dagen\/","name":"Lyssna, minns och st\u00f6tta \u2013 internationella suicidpreventiva dagen - UngNytt","isPartOf":{"@id":"https:\/\/www.morbylanga.se\/ungnytt\/#website"},"primaryImageOfPage":{"@id":"https:\/\/www.morbylanga.se\/ungnytt\/lyssna-minns-och-stotta-internationella-suicidpreventiva-dagen\/#primaryimage"},"image":{"@id":"https:\/\/www.morbylanga.se\/ungnytt\/lyssna-minns-och-stotta-internationella-suicidpreventiva-dagen\/#primaryimage"},"thumbnailUrl":"https:\/\/www.morbylanga.se\/ungnytt\/wp-content\/uploads\/2025\/09\/mp65594454-person-haller-ett-varmeljus-i-handen-scaled.jpg","datePublished":"2025-09-09T12:27:32+00:00","author":{"@id":"https:\/\/www.morbylanga.se\/ungnytt\/#\/schema\/person\/82a2e0484000f3af59a54befaca994b0"},"description":"Den 10 september uppm\u00e4rksammar vi internationella suicidpreventiva dagen. Lyssna till Henrik Wahlstr\u00f6m och delta i ljusceremoni p\u00e5 \u00d6lands Folkh\u00f6gskola.","breadcrumb":{"@id":"https:\/\/www.morbylanga.se\/ungnytt\/lyssna-minns-och-stotta-internationella-suicidpreventiva-dagen\/#breadcrumb"},"inLanguage":"sv-SE","potentialAction":[{"@type":"ReadAction","target":["https:\/\/www.morbylanga.se\/ungnytt\/lyssna-minns-och-stotta-internationella-suicidpreventiva-dagen\/"]}]},{"@type":"ImageObject","inLanguage":"sv-SE","@id":"https:\/\/www.morbylanga.se\/ungnytt\/lyssna-minns-och-stotta-internationella-suicidpreventiva-dagen\/#primaryimage","url":"https:\/\/www.morbylanga.se\/ungnytt\/wp-content\/uploads\/2025\/09\/mp65594454-person-haller-ett-varmeljus-i-handen-scaled.jpg","contentUrl":"https:\/\/www.morbylanga.se\/ungnytt\/wp-content\/uploads\/2025\/09\/mp65594454-person-haller-ett-varmeljus-i-handen-scaled.jpg","width":2560,"height":1707,"caption":"En hand fr\u00e5n en person som h\u00e5lleri ett t\u00e4nt v\u00e4rmeljus."},{"@type":"BreadcrumbList","@id":"https:\/\/www.morbylanga.se\/ungnytt\/lyssna-minns-och-stotta-internationella-suicidpreventiva-dagen\/#breadcrumb","itemListElement":[{"@type":"ListItem","position":1,"name":"Hem","item":"https:\/\/www.morbylanga.se\/ungnytt\/"},{"@type":"ListItem","position":2,"name":"Lyssna, minns och st\u00f6tta \u2013 internationella suicidpreventiva dagen"}]},{"@type":"WebSite","@id":"https:\/\/www.morbylanga.se\/ungnytt\/#website","url":"https:\/\/www.morbylanga.se\/ungnytt\/","name":"UngNytt","description":"Nyheter f\u00f6r och av unga i M\u00f6rbyl\u00e5nga kommun","potentialAction":[{"@type":"SearchAction","target":{"@type":"EntryPoint","urlTemplate":"https:\/\/www.morbylanga.se\/ungnytt\/?s={search_term_string}"},"query-input":{"@type":"PropertyValueSpecification","valueRequired":true,"valueName":"search_term_string"}}],"inLanguage":"sv-SE"},{"@type":"Person","@id":"https:\/\/www.morbylanga.se\/ungnytt\/#\/schema\/person\/82a2e0484000f3af59a54befaca994b0","name":"Matilda Hildingsson","image":{"@type":"ImageObject","inLanguage":"sv-SE","@id":"https:\/\/secure.gravatar.com\/avatar\/a9a9720d8381fae775fcb00a1b0ef7c82645a47eb74c9171231f34016604b716?s=96&d=mm&r=g","url":"https:\/\/secure.gravatar.com\/avatar\/a9a9720d8381fae775fcb00a1b0ef7c82645a47eb74c9171231f34016604b716?s=96&d=mm&r=g","contentUrl":"https:\/\/secure.gravatar.com\/avatar\/a9a9720d8381fae775fcb00a1b0ef7c82645a47eb74c9171231f34016604b716?s=96&d=mm&r=g","caption":"Matilda Hildingsson"},"url":"https:\/\/www.morbylanga.se\/ungnytt\/author\/matilda_hildingsson\/"}]}},"primary_category":{"term_id":28,"name":"Evenemang","slug":"evenemang","term_group":0,"term_taxonomy_id":28,"taxonomy":"category","description":"","parent":0,"count":10,"filter":"raw"},"_links":{"self":[{"href":"https:\/\/www.morbylanga.se\/ungnytt\/wp-json\/wp\/v2\/posts\/1360","targetHints":{"allow":["GET"]}}],"collection":[{"href":"https:\/\/www.morbylanga.se\/ungnytt\/wp-json\/wp\/v2\/posts"}],"about":[{"href":"https:\/\/www.morbylanga.se\/ungnytt\/wp-json\/wp\/v2\/types\/post"}],"author":[{"embeddable":true,"href":"https:\/\/www.morbylanga.se\/ungnytt\/wp-json\/wp\/v2\/users\/2"}],"replies":[{"embeddable":true,"href":"https:\/\/www.morbylanga.se\/ungnytt\/wp-json\/wp\/v2\/comments?post=1360"}],"version-history":[{"count":12,"href":"https:\/\/www.morbylanga.se\/ungnytt\/wp-json\/wp\/v2\/posts\/1360\/revisions"}],"predecessor-version":[{"id":1373,"href":"https:\/\/www.morbylanga.se\/ungnytt\/wp-json\/wp\/v2\/posts\/1360\/revisions\/1373"}],"acf:post":[{"embeddable":true,"href":"https:\/\/www.morbylanga.se\/ungnytt\/wp-json\/wp\/v2\/posts\/111"},{"embeddable":true,"href":"https:\/\/www.morbylanga.se\/ungnytt\/wp-json\/wp\/v2\/posts\/144"}],"wp:featuredmedia":[{"embeddable":true,"href":"https:\/\/www.morbylanga.se\/ungnytt\/wp-json\/wp\/v2\/media\/1361"}],"wp:attachment":[{"href":"https:\/\/www.morbylanga.se\/ungnytt\/wp-json\/wp\/v2\/media?parent=1360"}],"wp:term":[{"taxonomy":"category","embeddable":true,"href":"https:\/\/www.morbylanga.se\/ungnytt\/wp-json\/wp\/v2\/categories?post=1360"}],"curies":[{"name":"wp","href":"https:\/\/api.w.org\/{rel}","templated":true}]}}