{"id":1264,"date":"2025-06-04T15:47:04","date_gmt":"2025-06-04T13:47:04","guid":{"rendered":"https:\/\/www.morbylanga.se\/ungnytt\/?p=1264"},"modified":"2025-06-04T15:47:39","modified_gmt":"2025-06-04T13:47:39","slug":"sommarlovet-startar-har-missa-inte-skolavslutningskvallen-i-farjestaden","status":"publish","type":"post","link":"https:\/\/www.morbylanga.se\/ungnytt\/sommarlovet-startar-har-missa-inte-skolavslutningskvallen-i-farjestaden\/","title":{"rendered":"Sommarlovet startar h\u00e4r \u2013 missa inte skolavslutningskv\u00e4llen i F\u00e4rjestaden!"},"content":{"rendered":"<div class=\"block block-text background-light1\">Prova bordtennis, innebandy, bowls eller taekwondo. Skapa egna armband och nyckelringar i pysselh\u00f6rnan.<\/p>\n<p>F\u00f6r dig som g\u00e5r i \u00e5rskurs 5 till gymnasiet finns \u00e4ven:<\/p>\n<ul>\n<li>Sommar-5-kampen med fina priser<\/li>\n<li>Grillad kyckling med pommes och sallad<\/li>\n<li>Fika med kanelbullar och l\u00e4sk<\/li>\n<li>Godisregn p\u00e5 kv\u00e4llen<\/li>\n<\/div>\n<\/ul>\n<blockquote>\n<div class=\"block block-text background-light2\">Allt \u00e4r gratis och du \u00e4r varmt v\u00e4lkommen \u2013 oavsett om du vill t\u00e4vla, umg\u00e5s eller bara fira in sommarlovet!<\/div>\n<\/blockquote>\n<div class=\"block block-text background-light1\">\n<p data-start=\"758\" data-end=\"856\">\ud83d\udd54 Tid: 17.00\u201322.00<br data-start=\"777\" data-end=\"780\" \/>\ud83d\udccd Plats: \u00d6lands Bank Center &amp; F\u00e4rjestadens h\u00f6gstadium<br data-start=\"834\" data-end=\"837\" \/>\ud83d\udcb8 Gratis f\u00f6r alla!<\/p>\n<p data-start=\"858\" data-end=\"960\">L\u00e4s mer p\u00e5 <a class=\"\" href=\"https:\/\/www.morbylanga.se\/aktiviteter\/skolavslutningshang-i-farjestaden\/\" target=\"_new\" rel=\"noopener\" data-start=\"869\" data-end=\"958\">morbylanga.se<\/a><\/p>\n<p data-start=\"962\" data-end=\"1038\"><em>I samarbete med Fritidsg\u00e5rdarna, FBC Kalmarsund och flera lokala f\u00f6reningar.<\/em><\/p>\n<p>&lt;&lt;\/div<\/p>\n<\/div>\n","protected":false},"excerpt":{"rendered":"<p>Prova bordtennis, innebandy, bowls eller taekwondo. Skapa egna armband och nyckelringar i pysselh\u00f6rnan. F\u00f6r dig som g\u00e5r i \u00e5rskurs 5 till gymnasiet finns \u00e4ven: Sommar-5-kampen med fina priser Grillad kyckling med pommes och sallad Fika med kanelbullar och l\u00e4sk Godisregn p\u00e5 kv\u00e4llen Allt \u00e4r gratis och du \u00e4r varmt v\u00e4lkommen \u2013 oavsett om du vill [&hellip;]<\/p>\n","protected":false},"author":2,"featured_media":1266,"comment_status":"open","ping_status":"open","sticky":false,"template":"","format":"standard","meta":{"_acf_changed":false,"footnotes":""},"categories":[1],"class_list":["post-1264","post","type-post","status-publish","format-standard","has-post-thumbnail","hentry","category-nyhet"],"acf":{"news_thumbnail_video":"","show_news_thumbnail_in_post":true,"news_related_content_title":"Relaterat inneh\u00e5ll","news_related_content":[1245],"preamble":"Fredag 14 juni kickar vi ig\u00e5ng sommarlovet med en fullsp\u00e4ckad kv\u00e4ll \u2013 en kv\u00e4ll att fira sommarlovet tillsammans!"},"yoast_head":"<!-- This site is optimized with the Yoast SEO plugin v27.2 - https:\/\/yoast.com\/product\/yoast-seo-wordpress\/ -->\n<title>Sommarlovet startar h\u00e4r \u2013 missa inte skolavslutningskv\u00e4llen i F\u00e4rjestaden! - UngNytt<\/title>\n<meta name=\"robots\" content=\"index, follow, max-snippet:-1, max-image-preview:large, max-video-preview:-1\" \/>\n<link rel=\"canonical\" href=\"https:\/\/www.morbylanga.se\/ungnytt\/sommarlovet-startar-har-missa-inte-skolavslutningskvallen-i-farjestaden\/\" \/>\n<meta property=\"og:locale\" content=\"sv_SE\" \/>\n<meta property=\"og:type\" content=\"article\" \/>\n<meta property=\"og:title\" content=\"Sommarlovet startar h\u00e4r \u2013 missa inte skolavslutningskv\u00e4llen i F\u00e4rjestaden! - UngNytt\" \/>\n<meta property=\"og:description\" content=\"Prova bordtennis, innebandy, bowls eller taekwondo. Skapa egna armband och nyckelringar i pysselh\u00f6rnan. F\u00f6r dig som g\u00e5r i \u00e5rskurs 5 till gymnasiet finns \u00e4ven: Sommar-5-kampen med fina priser Grillad kyckling med pommes och sallad Fika med kanelbullar och l\u00e4sk Godisregn p\u00e5 kv\u00e4llen Allt \u00e4r gratis och du \u00e4r varmt v\u00e4lkommen \u2013 oavsett om du vill [&hellip;]\" \/>\n<meta property=\"og:url\" content=\"https:\/\/www.morbylanga.se\/ungnytt\/sommarlovet-startar-har-missa-inte-skolavslutningskvallen-i-farjestaden\/\" \/>\n<meta property=\"og:site_name\" content=\"UngNytt\" \/>\n<meta property=\"article:published_time\" content=\"2025-06-04T13:47:04+00:00\" \/>\n<meta property=\"article:modified_time\" content=\"2025-06-04T13:47:39+00:00\" \/>\n<meta property=\"og:image\" content=\"https:\/\/www.morbylanga.se\/ungnytt\/wp-content\/uploads\/2025\/06\/oland-djupvik-solnedgang-bad3-upzonestudios2020-olandco-scaled.jpg\" \/>\n\t<meta property=\"og:image:width\" content=\"2560\" \/>\n\t<meta property=\"og:image:height\" content=\"1707\" \/>\n\t<meta property=\"og:image:type\" content=\"image\/jpeg\" \/>\n<meta name=\"author\" content=\"Matilda Hildingsson\" \/>\n<meta name=\"twitter:card\" content=\"summary_large_image\" \/>\n<meta name=\"twitter:label1\" content=\"Skriven av\" \/>\n\t<meta name=\"twitter:data1\" content=\"Matilda Hildingsson\" \/>\n\t<meta name=\"twitter:label2\" content=\"Ber\u00e4knad l\u00e4stid\" \/>\n\t<meta name=\"twitter:data2\" content=\"1 minut\" \/>\n<script type=\"application\/ld+json\" class=\"yoast-schema-graph\">{\"@context\":\"https:\/\/schema.org\",\"@graph\":[{\"@type\":\"Article\",\"@id\":\"https:\/\/www.morbylanga.se\/ungnytt\/sommarlovet-startar-har-missa-inte-skolavslutningskvallen-i-farjestaden\/#article\",\"isPartOf\":{\"@id\":\"https:\/\/www.morbylanga.se\/ungnytt\/sommarlovet-startar-har-missa-inte-skolavslutningskvallen-i-farjestaden\/\"},\"author\":{\"name\":\"Matilda Hildingsson\",\"@id\":\"https:\/\/www.morbylanga.se\/ungnytt\/#\/schema\/person\/82a2e0484000f3af59a54befaca994b0\"},\"headline\":\"Sommarlovet startar h\u00e4r \u2013 missa inte skolavslutningskv\u00e4llen i F\u00e4rjestaden!\",\"datePublished\":\"2025-06-04T13:47:04+00:00\",\"dateModified\":\"2025-06-04T13:47:39+00:00\",\"mainEntityOfPage\":{\"@id\":\"https:\/\/www.morbylanga.se\/ungnytt\/sommarlovet-startar-har-missa-inte-skolavslutningskvallen-i-farjestaden\/\"},\"wordCount\":115,\"commentCount\":0,\"image\":{\"@id\":\"https:\/\/www.morbylanga.se\/ungnytt\/sommarlovet-startar-har-missa-inte-skolavslutningskvallen-i-farjestaden\/#primaryimage\"},\"thumbnailUrl\":\"https:\/\/www.morbylanga.se\/ungnytt\/wp-content\/uploads\/2025\/06\/oland-djupvik-solnedgang-bad3-upzonestudios2020-olandco-scaled.jpg\",\"articleSection\":[\"Nyhet\"],\"inLanguage\":\"sv-SE\",\"potentialAction\":[{\"@type\":\"CommentAction\",\"name\":\"Comment\",\"target\":[\"https:\/\/www.morbylanga.se\/ungnytt\/sommarlovet-startar-har-missa-inte-skolavslutningskvallen-i-farjestaden\/#respond\"]}]},{\"@type\":\"WebPage\",\"@id\":\"https:\/\/www.morbylanga.se\/ungnytt\/sommarlovet-startar-har-missa-inte-skolavslutningskvallen-i-farjestaden\/\",\"url\":\"https:\/\/www.morbylanga.se\/ungnytt\/sommarlovet-startar-har-missa-inte-skolavslutningskvallen-i-farjestaden\/\",\"name\":\"Sommarlovet startar h\u00e4r \u2013 missa inte skolavslutningskv\u00e4llen i F\u00e4rjestaden! - UngNytt\",\"isPartOf\":{\"@id\":\"https:\/\/www.morbylanga.se\/ungnytt\/#website\"},\"primaryImageOfPage\":{\"@id\":\"https:\/\/www.morbylanga.se\/ungnytt\/sommarlovet-startar-har-missa-inte-skolavslutningskvallen-i-farjestaden\/#primaryimage\"},\"image\":{\"@id\":\"https:\/\/www.morbylanga.se\/ungnytt\/sommarlovet-startar-har-missa-inte-skolavslutningskvallen-i-farjestaden\/#primaryimage\"},\"thumbnailUrl\":\"https:\/\/www.morbylanga.se\/ungnytt\/wp-content\/uploads\/2025\/06\/oland-djupvik-solnedgang-bad3-upzonestudios2020-olandco-scaled.jpg\",\"datePublished\":\"2025-06-04T13:47:04+00:00\",\"dateModified\":\"2025-06-04T13:47:39+00:00\",\"author\":{\"@id\":\"https:\/\/www.morbylanga.se\/ungnytt\/#\/schema\/person\/82a2e0484000f3af59a54befaca994b0\"},\"breadcrumb\":{\"@id\":\"https:\/\/www.morbylanga.se\/ungnytt\/sommarlovet-startar-har-missa-inte-skolavslutningskvallen-i-farjestaden\/#breadcrumb\"},\"inLanguage\":\"sv-SE\",\"potentialAction\":[{\"@type\":\"ReadAction\",\"target\":[\"https:\/\/www.morbylanga.se\/ungnytt\/sommarlovet-startar-har-missa-inte-skolavslutningskvallen-i-farjestaden\/\"]}]},{\"@type\":\"ImageObject\",\"inLanguage\":\"sv-SE\",\"@id\":\"https:\/\/www.morbylanga.se\/ungnytt\/sommarlovet-startar-har-missa-inte-skolavslutningskvallen-i-farjestaden\/#primaryimage\",\"url\":\"https:\/\/www.morbylanga.se\/ungnytt\/wp-content\/uploads\/2025\/06\/oland-djupvik-solnedgang-bad3-upzonestudios2020-olandco-scaled.jpg\",\"contentUrl\":\"https:\/\/www.morbylanga.se\/ungnytt\/wp-content\/uploads\/2025\/06\/oland-djupvik-solnedgang-bad3-upzonestudios2020-olandco-scaled.jpg\",\"width\":2560,\"height\":1707,\"caption\":\"N\u00e5gra ungdomar badar i solnedg\u00e5ngen p\u00e5 \u00d6land. Foto: oland.se\"},{\"@type\":\"BreadcrumbList\",\"@id\":\"https:\/\/www.morbylanga.se\/ungnytt\/sommarlovet-startar-har-missa-inte-skolavslutningskvallen-i-farjestaden\/#breadcrumb\",\"itemListElement\":[{\"@type\":\"ListItem\",\"position\":1,\"name\":\"Hem\",\"item\":\"https:\/\/www.morbylanga.se\/ungnytt\/\"},{\"@type\":\"ListItem\",\"position\":2,\"name\":\"Sommarlovet startar h\u00e4r \u2013 missa inte skolavslutningskv\u00e4llen i F\u00e4rjestaden!\"}]},{\"@type\":\"WebSite\",\"@id\":\"https:\/\/www.morbylanga.se\/ungnytt\/#website\",\"url\":\"https:\/\/www.morbylanga.se\/ungnytt\/\",\"name\":\"UngNytt\",\"description\":\"Nyheter f\u00f6r och av unga i M\u00f6rbyl\u00e5nga kommun\",\"potentialAction\":[{\"@type\":\"SearchAction\",\"target\":{\"@type\":\"EntryPoint\",\"urlTemplate\":\"https:\/\/www.morbylanga.se\/ungnytt\/?s={search_term_string}\"},\"query-input\":{\"@type\":\"PropertyValueSpecification\",\"valueRequired\":true,\"valueName\":\"search_term_string\"}}],\"inLanguage\":\"sv-SE\"},{\"@type\":\"Person\",\"@id\":\"https:\/\/www.morbylanga.se\/ungnytt\/#\/schema\/person\/82a2e0484000f3af59a54befaca994b0\",\"name\":\"Matilda Hildingsson\",\"image\":{\"@type\":\"ImageObject\",\"inLanguage\":\"sv-SE\",\"@id\":\"https:\/\/secure.gravatar.com\/avatar\/a9a9720d8381fae775fcb00a1b0ef7c82645a47eb74c9171231f34016604b716?s=96&d=mm&r=g\",\"url\":\"https:\/\/secure.gravatar.com\/avatar\/a9a9720d8381fae775fcb00a1b0ef7c82645a47eb74c9171231f34016604b716?s=96&d=mm&r=g\",\"contentUrl\":\"https:\/\/secure.gravatar.com\/avatar\/a9a9720d8381fae775fcb00a1b0ef7c82645a47eb74c9171231f34016604b716?s=96&d=mm&r=g\",\"caption\":\"Matilda Hildingsson\"},\"url\":\"https:\/\/www.morbylanga.se\/ungnytt\/author\/matilda_hildingsson\/\"}]}<\/script>\n<!-- \/ Yoast SEO plugin. -->","yoast_head_json":{"title":"Sommarlovet startar h\u00e4r \u2013 missa inte skolavslutningskv\u00e4llen i F\u00e4rjestaden! - UngNytt","robots":{"index":"index","follow":"follow","max-snippet":"max-snippet:-1","max-image-preview":"max-image-preview:large","max-video-preview":"max-video-preview:-1"},"canonical":"https:\/\/www.morbylanga.se\/ungnytt\/sommarlovet-startar-har-missa-inte-skolavslutningskvallen-i-farjestaden\/","og_locale":"sv_SE","og_type":"article","og_title":"Sommarlovet startar h\u00e4r \u2013 missa inte skolavslutningskv\u00e4llen i F\u00e4rjestaden! - UngNytt","og_description":"Prova bordtennis, innebandy, bowls eller taekwondo. Skapa egna armband och nyckelringar i pysselh\u00f6rnan. F\u00f6r dig som g\u00e5r i \u00e5rskurs 5 till gymnasiet finns \u00e4ven: Sommar-5-kampen med fina priser Grillad kyckling med pommes och sallad Fika med kanelbullar och l\u00e4sk Godisregn p\u00e5 kv\u00e4llen Allt \u00e4r gratis och du \u00e4r varmt v\u00e4lkommen \u2013 oavsett om du vill [&hellip;]","og_url":"https:\/\/www.morbylanga.se\/ungnytt\/sommarlovet-startar-har-missa-inte-skolavslutningskvallen-i-farjestaden\/","og_site_name":"UngNytt","article_published_time":"2025-06-04T13:47:04+00:00","article_modified_time":"2025-06-04T13:47:39+00:00","og_image":[{"width":2560,"height":1707,"url":"https:\/\/www.morbylanga.se\/ungnytt\/wp-content\/uploads\/2025\/06\/oland-djupvik-solnedgang-bad3-upzonestudios2020-olandco-scaled.jpg","type":"image\/jpeg"}],"author":"Matilda Hildingsson","twitter_card":"summary_large_image","twitter_misc":{"Skriven av":"Matilda Hildingsson","Ber\u00e4knad l\u00e4stid":"1 minut"},"schema":{"@context":"https:\/\/schema.org","@graph":[{"@type":"Article","@id":"https:\/\/www.morbylanga.se\/ungnytt\/sommarlovet-startar-har-missa-inte-skolavslutningskvallen-i-farjestaden\/#article","isPartOf":{"@id":"https:\/\/www.morbylanga.se\/ungnytt\/sommarlovet-startar-har-missa-inte-skolavslutningskvallen-i-farjestaden\/"},"author":{"name":"Matilda Hildingsson","@id":"https:\/\/www.morbylanga.se\/ungnytt\/#\/schema\/person\/82a2e0484000f3af59a54befaca994b0"},"headline":"Sommarlovet startar h\u00e4r \u2013 missa inte skolavslutningskv\u00e4llen i F\u00e4rjestaden!","datePublished":"2025-06-04T13:47:04+00:00","dateModified":"2025-06-04T13:47:39+00:00","mainEntityOfPage":{"@id":"https:\/\/www.morbylanga.se\/ungnytt\/sommarlovet-startar-har-missa-inte-skolavslutningskvallen-i-farjestaden\/"},"wordCount":115,"commentCount":0,"image":{"@id":"https:\/\/www.morbylanga.se\/ungnytt\/sommarlovet-startar-har-missa-inte-skolavslutningskvallen-i-farjestaden\/#primaryimage"},"thumbnailUrl":"https:\/\/www.morbylanga.se\/ungnytt\/wp-content\/uploads\/2025\/06\/oland-djupvik-solnedgang-bad3-upzonestudios2020-olandco-scaled.jpg","articleSection":["Nyhet"],"inLanguage":"sv-SE","potentialAction":[{"@type":"CommentAction","name":"Comment","target":["https:\/\/www.morbylanga.se\/ungnytt\/sommarlovet-startar-har-missa-inte-skolavslutningskvallen-i-farjestaden\/#respond"]}]},{"@type":"WebPage","@id":"https:\/\/www.morbylanga.se\/ungnytt\/sommarlovet-startar-har-missa-inte-skolavslutningskvallen-i-farjestaden\/","url":"https:\/\/www.morbylanga.se\/ungnytt\/sommarlovet-startar-har-missa-inte-skolavslutningskvallen-i-farjestaden\/","name":"Sommarlovet startar h\u00e4r \u2013 missa inte skolavslutningskv\u00e4llen i F\u00e4rjestaden! - UngNytt","isPartOf":{"@id":"https:\/\/www.morbylanga.se\/ungnytt\/#website"},"primaryImageOfPage":{"@id":"https:\/\/www.morbylanga.se\/ungnytt\/sommarlovet-startar-har-missa-inte-skolavslutningskvallen-i-farjestaden\/#primaryimage"},"image":{"@id":"https:\/\/www.morbylanga.se\/ungnytt\/sommarlovet-startar-har-missa-inte-skolavslutningskvallen-i-farjestaden\/#primaryimage"},"thumbnailUrl":"https:\/\/www.morbylanga.se\/ungnytt\/wp-content\/uploads\/2025\/06\/oland-djupvik-solnedgang-bad3-upzonestudios2020-olandco-scaled.jpg","datePublished":"2025-06-04T13:47:04+00:00","dateModified":"2025-06-04T13:47:39+00:00","author":{"@id":"https:\/\/www.morbylanga.se\/ungnytt\/#\/schema\/person\/82a2e0484000f3af59a54befaca994b0"},"breadcrumb":{"@id":"https:\/\/www.morbylanga.se\/ungnytt\/sommarlovet-startar-har-missa-inte-skolavslutningskvallen-i-farjestaden\/#breadcrumb"},"inLanguage":"sv-SE","potentialAction":[{"@type":"ReadAction","target":["https:\/\/www.morbylanga.se\/ungnytt\/sommarlovet-startar-har-missa-inte-skolavslutningskvallen-i-farjestaden\/"]}]},{"@type":"ImageObject","inLanguage":"sv-SE","@id":"https:\/\/www.morbylanga.se\/ungnytt\/sommarlovet-startar-har-missa-inte-skolavslutningskvallen-i-farjestaden\/#primaryimage","url":"https:\/\/www.morbylanga.se\/ungnytt\/wp-content\/uploads\/2025\/06\/oland-djupvik-solnedgang-bad3-upzonestudios2020-olandco-scaled.jpg","contentUrl":"https:\/\/www.morbylanga.se\/ungnytt\/wp-content\/uploads\/2025\/06\/oland-djupvik-solnedgang-bad3-upzonestudios2020-olandco-scaled.jpg","width":2560,"height":1707,"caption":"N\u00e5gra ungdomar badar i solnedg\u00e5ngen p\u00e5 \u00d6land. Foto: oland.se"},{"@type":"BreadcrumbList","@id":"https:\/\/www.morbylanga.se\/ungnytt\/sommarlovet-startar-har-missa-inte-skolavslutningskvallen-i-farjestaden\/#breadcrumb","itemListElement":[{"@type":"ListItem","position":1,"name":"Hem","item":"https:\/\/www.morbylanga.se\/ungnytt\/"},{"@type":"ListItem","position":2,"name":"Sommarlovet startar h\u00e4r \u2013 missa inte skolavslutningskv\u00e4llen i F\u00e4rjestaden!"}]},{"@type":"WebSite","@id":"https:\/\/www.morbylanga.se\/ungnytt\/#website","url":"https:\/\/www.morbylanga.se\/ungnytt\/","name":"UngNytt","description":"Nyheter f\u00f6r och av unga i M\u00f6rbyl\u00e5nga kommun","potentialAction":[{"@type":"SearchAction","target":{"@type":"EntryPoint","urlTemplate":"https:\/\/www.morbylanga.se\/ungnytt\/?s={search_term_string}"},"query-input":{"@type":"PropertyValueSpecification","valueRequired":true,"valueName":"search_term_string"}}],"inLanguage":"sv-SE"},{"@type":"Person","@id":"https:\/\/www.morbylanga.se\/ungnytt\/#\/schema\/person\/82a2e0484000f3af59a54befaca994b0","name":"Matilda Hildingsson","image":{"@type":"ImageObject","inLanguage":"sv-SE","@id":"https:\/\/secure.gravatar.com\/avatar\/a9a9720d8381fae775fcb00a1b0ef7c82645a47eb74c9171231f34016604b716?s=96&d=mm&r=g","url":"https:\/\/secure.gravatar.com\/avatar\/a9a9720d8381fae775fcb00a1b0ef7c82645a47eb74c9171231f34016604b716?s=96&d=mm&r=g","contentUrl":"https:\/\/secure.gravatar.com\/avatar\/a9a9720d8381fae775fcb00a1b0ef7c82645a47eb74c9171231f34016604b716?s=96&d=mm&r=g","caption":"Matilda Hildingsson"},"url":"https:\/\/www.morbylanga.se\/ungnytt\/author\/matilda_hildingsson\/"}]}},"primary_category":{"term_id":1,"name":"Nyhet","slug":"nyhet","term_group":0,"term_taxonomy_id":1,"taxonomy":"category","description":"Nyhetsartiklar presenterar objektivt aktuella h\u00e4ndelser och nyheter. De ger vanligtvis information om vem, vad, var, n\u00e4r och varf\u00f6r h\u00e4ndelsen \u00e4gde rum. Nyhetsartiklar fokuserar p\u00e5 att rapportera fakta utan att inkludera personliga \u00e5sikter eller tolkningar.","parent":0,"count":49,"filter":"raw"},"_links":{"self":[{"href":"https:\/\/www.morbylanga.se\/ungnytt\/wp-json\/wp\/v2\/posts\/1264","targetHints":{"allow":["GET"]}}],"collection":[{"href":"https:\/\/www.morbylanga.se\/ungnytt\/wp-json\/wp\/v2\/posts"}],"about":[{"href":"https:\/\/www.morbylanga.se\/ungnytt\/wp-json\/wp\/v2\/types\/post"}],"author":[{"embeddable":true,"href":"https:\/\/www.morbylanga.se\/ungnytt\/wp-json\/wp\/v2\/users\/2"}],"replies":[{"embeddable":true,"href":"https:\/\/www.morbylanga.se\/ungnytt\/wp-json\/wp\/v2\/comments?post=1264"}],"version-history":[{"count":8,"href":"https:\/\/www.morbylanga.se\/ungnytt\/wp-json\/wp\/v2\/posts\/1264\/revisions"}],"predecessor-version":[{"id":1273,"href":"https:\/\/www.morbylanga.se\/ungnytt\/wp-json\/wp\/v2\/posts\/1264\/revisions\/1273"}],"acf:post":[{"embeddable":true,"href":"https:\/\/www.morbylanga.se\/ungnytt\/wp-json\/wp\/v2\/posts\/1245"}],"wp:featuredmedia":[{"embeddable":true,"href":"https:\/\/www.morbylanga.se\/ungnytt\/wp-json\/wp\/v2\/media\/1266"}],"wp:attachment":[{"href":"https:\/\/www.morbylanga.se\/ungnytt\/wp-json\/wp\/v2\/media?parent=1264"}],"wp:term":[{"taxonomy":"category","embeddable":true,"href":"https:\/\/www.morbylanga.se\/ungnytt\/wp-json\/wp\/v2\/categories?post=1264"}],"curies":[{"name":"wp","href":"https:\/\/api.w.org\/{rel}","templated":true}]}}