{"id":1237,"date":"2025-05-15T09:01:49","date_gmt":"2025-05-15T07:01:49","guid":{"rendered":"https:\/\/www.morbylanga.se\/ungnytt\/?p=1237"},"modified":"2025-05-15T09:01:49","modified_gmt":"2025-05-15T07:01:49","slug":"elever-pa-farjestadens-hogstadium-slapper-lat-firade-med-releasefest","status":"publish","type":"post","link":"https:\/\/www.morbylanga.se\/ungnytt\/elever-pa-farjestadens-hogstadium-slapper-lat-firade-med-releasefest\/","title":{"rendered":"Elever p\u00e5 F\u00e4rjestadens h\u00f6gstadium sl\u00e4pper l\u00e5t \u2013 firade med releasefest"},"content":{"rendered":"<p>Genom samtal om hur sm\u00e5 handlingar som ett &#8221;hej&#8221; kan g\u00f6ra skillnad och hur sv\u00e5rt det ibland \u00e4r att vara sn\u00e4ll mot sig sj\u00e4lv, skapades l\u00e5ten. Den framf\u00f6rdes f\u00f6rst p\u00e5 julavslutningen och spelades in i studio under v\u00e5ren.<\/p>\n<p>\ud83c\udfa7 L\u00e5ten finns nu p\u00e5 Spotify \u2013 \u201c<a href=\"https:\/\/open.spotify.com\/track\/1DiGLzARdQlH71NoK7NQBP?si=8wGT7zwiQLqpkRp-dcllWg&amp;context=spotify%3Asearch%253Av%25C3%25A5ga%2Bvara%2Bsn%25C3%25A4ll&amp;nd=1&amp;dlsi=42bc95351a4146ef\" target=\"_blank\" rel=\"noopener\">V\u00e5ga vara sn\u00e4ll<\/a>\u201d<\/p>\n<p>Under releasefesten visades musikvideon, som n\u00e5gra elever har kommit p\u00e5 id\u00e9n till och varit med och skapat. Eleverna delade sina erfarenheter fr\u00e5n projektet och hyllade klasskamrater som visat omtanke och mod i vardagen.<\/p>\n<p>\u2013 Jag \u00e4r stolt \u00f6ver elevernas mod och omtanke, s\u00e4ger Moa Lund, musikl\u00e4rare och projektledare.<\/p>\n<p>\u2013 Detta \u00e4r ett fantastiskt exempel p\u00e5 hur v\u00e4rdegrundsarbete kan bli b\u00e5de kreativt och meningsfullt, s\u00e4ger rektor Josefin Helgesson.<\/p>\n<p class=\"\" data-start=\"1552\" data-end=\"1592\">\ud83c\udfa7 Se musikvideon h\u00e4r:<\/p>\n<div id=\"mfv5syb4z\"><\/div>\n<p><script>if(!document.querySelector('link[href=\"https:\/\/mfstatic.com\/css\/mediaflowplayer.min.css\"]')){const mfl5syb4z=document.createElement('link');mfl5syb4z.setAttribute('rel','stylesheet');mfl5syb4z.setAttribute('type','text\/css');mfl5syb4z.setAttribute('href','https:\/\/mfstatic.com\/css\/mediaflowplayer.min.css');document.getElementsByTagName('head')[0].appendChild(mfl5syb4z);}if(typeof(MFPlayer)=='undefined'){const mfs5syb4z=document.createElement('script');mfs5syb4z.setAttribute('crossorigin','anonymous');document.body.appendChild(mfs5syb4z);mfs5syb4z.onload=function(){new MFPlayer('#mfv5syb4z','85OECOACF3', {});};mfs5syb4z.src='https:\/\/mfstatic.com\/js\/mediaflowplayer.min.js';}else{new MFPlayer('mfv5syb4z','85OECOACF3', {});}<\/script><\/p>\n<div class=\"block block-text background-light1\">\n<h2>Vad betyder en stark sj\u00e4lvk\u00e4nsla f\u00f6r dig?<\/h2>\n<p>Vi alla har olika s\u00e4tt att t\u00e4nka p\u00e5 sj\u00e4lvk\u00e4nsla. F\u00f6r dig kanske det handlar om att vara trygg i sig sj\u00e4lv, eller att kunna s\u00e4ga nej n\u00e4r det beh\u00f6vs. Kanske betyder det att:<\/p>\n<ul>\n<li>Vara s\u00e4ker p\u00e5 vem jag \u00e4r och inte j\u00e4mf\u00f6ra mig med andra<\/li>\n<li>Kunna acceptera b\u00e5de mina styrkor och svagheter<\/li>\n<li>V\u00e5ga vara mig sj\u00e4lv, \u00e4ven n\u00e4r jag k\u00e4nner mig os\u00e4ker<\/li>\n<\/ul>\n<p class=\"\" data-start=\"476\" data-end=\"551\">Ta en stund och t\u00e4nk p\u00e5 det \u2013 och prata g\u00e4rna med n\u00e5gon f\u00f6r nya perspektiv.<\/p>\n<\/div>\n","protected":false},"excerpt":{"rendered":"<p>Genom samtal om hur sm\u00e5 handlingar som ett &#8221;hej&#8221; kan g\u00f6ra skillnad och hur sv\u00e5rt det ibland \u00e4r att vara sn\u00e4ll mot sig sj\u00e4lv, skapades l\u00e5ten. Den framf\u00f6rdes f\u00f6rst p\u00e5 julavslutningen och spelades in i studio under v\u00e5ren. \ud83c\udfa7 L\u00e5ten finns nu p\u00e5 Spotify \u2013 \u201cV\u00e5ga vara sn\u00e4ll\u201d Under releasefesten visades musikvideon, som n\u00e5gra elever [&hellip;]<\/p>\n","protected":false},"author":2,"featured_media":1243,"comment_status":"open","ping_status":"open","sticky":false,"template":"","format":"standard","meta":{"_acf_changed":false,"footnotes":""},"categories":[1],"class_list":["post-1237","post","type-post","status-publish","format-standard","has-post-thumbnail","hentry","category-nyhet"],"acf":{"news_thumbnail_video":"","show_news_thumbnail_in_post":true,"news_related_content_title":"Relaterat inneh\u00e5ll","news_related_content":"","preamble":"I tisdags h\u00f6ll elever p\u00e5 F\u00e4rjestadens h\u00f6gstadium en releasefest f\u00f6r sin egen l\u00e5t \u201cV\u00e5ga vara sn\u00e4ll\u201d. L\u00e5ten \u00e4r resultatet av ett v\u00e4rdegrundsprojekt d\u00e4r eleverna reflekterade \u00f6ver teman som inkludering, v\u00e4nlighet och sj\u00e4lvk\u00e4nsla."},"yoast_head":"<!-- This site is optimized with the Yoast SEO plugin v27.2 - https:\/\/yoast.com\/product\/yoast-seo-wordpress\/ -->\n<title>Elever p\u00e5 F\u00e4rjestadens h\u00f6gstadium sl\u00e4pper l\u00e5t \u2013 firade med releasefest - UngNytt<\/title>\n<meta name=\"robots\" content=\"index, follow, max-snippet:-1, max-image-preview:large, max-video-preview:-1\" \/>\n<link rel=\"canonical\" href=\"https:\/\/www.morbylanga.se\/ungnytt\/elever-pa-farjestadens-hogstadium-slapper-lat-firade-med-releasefest\/\" \/>\n<meta property=\"og:locale\" content=\"sv_SE\" \/>\n<meta property=\"og:type\" content=\"article\" \/>\n<meta property=\"og:title\" content=\"Elever p\u00e5 F\u00e4rjestadens h\u00f6gstadium sl\u00e4pper l\u00e5t \u2013 firade med releasefest - UngNytt\" \/>\n<meta property=\"og:description\" content=\"Genom samtal om hur sm\u00e5 handlingar som ett &#8221;hej&#8221; kan g\u00f6ra skillnad och hur sv\u00e5rt det ibland \u00e4r att vara sn\u00e4ll mot sig sj\u00e4lv, skapades l\u00e5ten. Den framf\u00f6rdes f\u00f6rst p\u00e5 julavslutningen och spelades in i studio under v\u00e5ren. \ud83c\udfa7 L\u00e5ten finns nu p\u00e5 Spotify \u2013 \u201cV\u00e5ga vara sn\u00e4ll\u201d Under releasefesten visades musikvideon, som n\u00e5gra elever [&hellip;]\" \/>\n<meta property=\"og:url\" content=\"https:\/\/www.morbylanga.se\/ungnytt\/elever-pa-farjestadens-hogstadium-slapper-lat-firade-med-releasefest\/\" \/>\n<meta property=\"og:site_name\" content=\"UngNytt\" \/>\n<meta property=\"article:published_time\" content=\"2025-05-15T07:01:49+00:00\" \/>\n<meta property=\"og:image\" content=\"https:\/\/www.morbylanga.se\/ungnytt\/wp-content\/uploads\/2025\/05\/vaga-va-snall-omslag-1.jpg\" \/>\n\t<meta property=\"og:image:width\" content=\"1920\" \/>\n\t<meta property=\"og:image:height\" content=\"1080\" \/>\n\t<meta property=\"og:image:type\" content=\"image\/jpeg\" \/>\n<meta name=\"author\" content=\"Matilda Hildingsson\" \/>\n<meta name=\"twitter:card\" content=\"summary_large_image\" \/>\n<meta name=\"twitter:label1\" content=\"Skriven av\" \/>\n\t<meta name=\"twitter:data1\" content=\"Matilda Hildingsson\" \/>\n\t<meta name=\"twitter:label2\" content=\"Ber\u00e4knad l\u00e4stid\" \/>\n\t<meta name=\"twitter:data2\" content=\"2 minuter\" \/>\n<script type=\"application\/ld+json\" class=\"yoast-schema-graph\">{\"@context\":\"https:\/\/schema.org\",\"@graph\":[{\"@type\":\"Article\",\"@id\":\"https:\/\/www.morbylanga.se\/ungnytt\/elever-pa-farjestadens-hogstadium-slapper-lat-firade-med-releasefest\/#article\",\"isPartOf\":{\"@id\":\"https:\/\/www.morbylanga.se\/ungnytt\/elever-pa-farjestadens-hogstadium-slapper-lat-firade-med-releasefest\/\"},\"author\":{\"name\":\"Matilda Hildingsson\",\"@id\":\"https:\/\/www.morbylanga.se\/ungnytt\/#\/schema\/person\/82a2e0484000f3af59a54befaca994b0\"},\"headline\":\"Elever p\u00e5 F\u00e4rjestadens h\u00f6gstadium sl\u00e4pper l\u00e5t \u2013 firade med releasefest\",\"datePublished\":\"2025-05-15T07:01:49+00:00\",\"mainEntityOfPage\":{\"@id\":\"https:\/\/www.morbylanga.se\/ungnytt\/elever-pa-farjestadens-hogstadium-slapper-lat-firade-med-releasefest\/\"},\"wordCount\":256,\"commentCount\":0,\"image\":{\"@id\":\"https:\/\/www.morbylanga.se\/ungnytt\/elever-pa-farjestadens-hogstadium-slapper-lat-firade-med-releasefest\/#primaryimage\"},\"thumbnailUrl\":\"https:\/\/www.morbylanga.se\/ungnytt\/wp-content\/uploads\/2025\/05\/vaga-va-snall-omslag-1.jpg\",\"articleSection\":[\"Nyhet\"],\"inLanguage\":\"sv-SE\",\"potentialAction\":[{\"@type\":\"CommentAction\",\"name\":\"Comment\",\"target\":[\"https:\/\/www.morbylanga.se\/ungnytt\/elever-pa-farjestadens-hogstadium-slapper-lat-firade-med-releasefest\/#respond\"]}]},{\"@type\":\"WebPage\",\"@id\":\"https:\/\/www.morbylanga.se\/ungnytt\/elever-pa-farjestadens-hogstadium-slapper-lat-firade-med-releasefest\/\",\"url\":\"https:\/\/www.morbylanga.se\/ungnytt\/elever-pa-farjestadens-hogstadium-slapper-lat-firade-med-releasefest\/\",\"name\":\"Elever p\u00e5 F\u00e4rjestadens h\u00f6gstadium sl\u00e4pper l\u00e5t \u2013 firade med releasefest - UngNytt\",\"isPartOf\":{\"@id\":\"https:\/\/www.morbylanga.se\/ungnytt\/#website\"},\"primaryImageOfPage\":{\"@id\":\"https:\/\/www.morbylanga.se\/ungnytt\/elever-pa-farjestadens-hogstadium-slapper-lat-firade-med-releasefest\/#primaryimage\"},\"image\":{\"@id\":\"https:\/\/www.morbylanga.se\/ungnytt\/elever-pa-farjestadens-hogstadium-slapper-lat-firade-med-releasefest\/#primaryimage\"},\"thumbnailUrl\":\"https:\/\/www.morbylanga.se\/ungnytt\/wp-content\/uploads\/2025\/05\/vaga-va-snall-omslag-1.jpg\",\"datePublished\":\"2025-05-15T07:01:49+00:00\",\"author\":{\"@id\":\"https:\/\/www.morbylanga.se\/ungnytt\/#\/schema\/person\/82a2e0484000f3af59a54befaca994b0\"},\"breadcrumb\":{\"@id\":\"https:\/\/www.morbylanga.se\/ungnytt\/elever-pa-farjestadens-hogstadium-slapper-lat-firade-med-releasefest\/#breadcrumb\"},\"inLanguage\":\"sv-SE\",\"potentialAction\":[{\"@type\":\"ReadAction\",\"target\":[\"https:\/\/www.morbylanga.se\/ungnytt\/elever-pa-farjestadens-hogstadium-slapper-lat-firade-med-releasefest\/\"]}]},{\"@type\":\"ImageObject\",\"inLanguage\":\"sv-SE\",\"@id\":\"https:\/\/www.morbylanga.se\/ungnytt\/elever-pa-farjestadens-hogstadium-slapper-lat-firade-med-releasefest\/#primaryimage\",\"url\":\"https:\/\/www.morbylanga.se\/ungnytt\/wp-content\/uploads\/2025\/05\/vaga-va-snall-omslag-1.jpg\",\"contentUrl\":\"https:\/\/www.morbylanga.se\/ungnytt\/wp-content\/uploads\/2025\/05\/vaga-va-snall-omslag-1.jpg\",\"width\":1920,\"height\":1080},{\"@type\":\"BreadcrumbList\",\"@id\":\"https:\/\/www.morbylanga.se\/ungnytt\/elever-pa-farjestadens-hogstadium-slapper-lat-firade-med-releasefest\/#breadcrumb\",\"itemListElement\":[{\"@type\":\"ListItem\",\"position\":1,\"name\":\"Hem\",\"item\":\"https:\/\/www.morbylanga.se\/ungnytt\/\"},{\"@type\":\"ListItem\",\"position\":2,\"name\":\"Elever p\u00e5 F\u00e4rjestadens h\u00f6gstadium sl\u00e4pper l\u00e5t \u2013 firade med releasefest\"}]},{\"@type\":\"WebSite\",\"@id\":\"https:\/\/www.morbylanga.se\/ungnytt\/#website\",\"url\":\"https:\/\/www.morbylanga.se\/ungnytt\/\",\"name\":\"UngNytt\",\"description\":\"Nyheter f\u00f6r och av unga i M\u00f6rbyl\u00e5nga kommun\",\"potentialAction\":[{\"@type\":\"SearchAction\",\"target\":{\"@type\":\"EntryPoint\",\"urlTemplate\":\"https:\/\/www.morbylanga.se\/ungnytt\/?s={search_term_string}\"},\"query-input\":{\"@type\":\"PropertyValueSpecification\",\"valueRequired\":true,\"valueName\":\"search_term_string\"}}],\"inLanguage\":\"sv-SE\"},{\"@type\":\"Person\",\"@id\":\"https:\/\/www.morbylanga.se\/ungnytt\/#\/schema\/person\/82a2e0484000f3af59a54befaca994b0\",\"name\":\"Matilda Hildingsson\",\"image\":{\"@type\":\"ImageObject\",\"inLanguage\":\"sv-SE\",\"@id\":\"https:\/\/secure.gravatar.com\/avatar\/a9a9720d8381fae775fcb00a1b0ef7c82645a47eb74c9171231f34016604b716?s=96&d=mm&r=g\",\"url\":\"https:\/\/secure.gravatar.com\/avatar\/a9a9720d8381fae775fcb00a1b0ef7c82645a47eb74c9171231f34016604b716?s=96&d=mm&r=g\",\"contentUrl\":\"https:\/\/secure.gravatar.com\/avatar\/a9a9720d8381fae775fcb00a1b0ef7c82645a47eb74c9171231f34016604b716?s=96&d=mm&r=g\",\"caption\":\"Matilda Hildingsson\"},\"url\":\"https:\/\/www.morbylanga.se\/ungnytt\/author\/matilda_hildingsson\/\"}]}<\/script>\n<!-- \/ Yoast SEO plugin. -->","yoast_head_json":{"title":"Elever p\u00e5 F\u00e4rjestadens h\u00f6gstadium sl\u00e4pper l\u00e5t \u2013 firade med releasefest - UngNytt","robots":{"index":"index","follow":"follow","max-snippet":"max-snippet:-1","max-image-preview":"max-image-preview:large","max-video-preview":"max-video-preview:-1"},"canonical":"https:\/\/www.morbylanga.se\/ungnytt\/elever-pa-farjestadens-hogstadium-slapper-lat-firade-med-releasefest\/","og_locale":"sv_SE","og_type":"article","og_title":"Elever p\u00e5 F\u00e4rjestadens h\u00f6gstadium sl\u00e4pper l\u00e5t \u2013 firade med releasefest - UngNytt","og_description":"Genom samtal om hur sm\u00e5 handlingar som ett &#8221;hej&#8221; kan g\u00f6ra skillnad och hur sv\u00e5rt det ibland \u00e4r att vara sn\u00e4ll mot sig sj\u00e4lv, skapades l\u00e5ten. Den framf\u00f6rdes f\u00f6rst p\u00e5 julavslutningen och spelades in i studio under v\u00e5ren. \ud83c\udfa7 L\u00e5ten finns nu p\u00e5 Spotify \u2013 \u201cV\u00e5ga vara sn\u00e4ll\u201d Under releasefesten visades musikvideon, som n\u00e5gra elever [&hellip;]","og_url":"https:\/\/www.morbylanga.se\/ungnytt\/elever-pa-farjestadens-hogstadium-slapper-lat-firade-med-releasefest\/","og_site_name":"UngNytt","article_published_time":"2025-05-15T07:01:49+00:00","og_image":[{"width":1920,"height":1080,"url":"https:\/\/www.morbylanga.se\/ungnytt\/wp-content\/uploads\/2025\/05\/vaga-va-snall-omslag-1.jpg","type":"image\/jpeg"}],"author":"Matilda Hildingsson","twitter_card":"summary_large_image","twitter_misc":{"Skriven av":"Matilda Hildingsson","Ber\u00e4knad l\u00e4stid":"2 minuter"},"schema":{"@context":"https:\/\/schema.org","@graph":[{"@type":"Article","@id":"https:\/\/www.morbylanga.se\/ungnytt\/elever-pa-farjestadens-hogstadium-slapper-lat-firade-med-releasefest\/#article","isPartOf":{"@id":"https:\/\/www.morbylanga.se\/ungnytt\/elever-pa-farjestadens-hogstadium-slapper-lat-firade-med-releasefest\/"},"author":{"name":"Matilda Hildingsson","@id":"https:\/\/www.morbylanga.se\/ungnytt\/#\/schema\/person\/82a2e0484000f3af59a54befaca994b0"},"headline":"Elever p\u00e5 F\u00e4rjestadens h\u00f6gstadium sl\u00e4pper l\u00e5t \u2013 firade med releasefest","datePublished":"2025-05-15T07:01:49+00:00","mainEntityOfPage":{"@id":"https:\/\/www.morbylanga.se\/ungnytt\/elever-pa-farjestadens-hogstadium-slapper-lat-firade-med-releasefest\/"},"wordCount":256,"commentCount":0,"image":{"@id":"https:\/\/www.morbylanga.se\/ungnytt\/elever-pa-farjestadens-hogstadium-slapper-lat-firade-med-releasefest\/#primaryimage"},"thumbnailUrl":"https:\/\/www.morbylanga.se\/ungnytt\/wp-content\/uploads\/2025\/05\/vaga-va-snall-omslag-1.jpg","articleSection":["Nyhet"],"inLanguage":"sv-SE","potentialAction":[{"@type":"CommentAction","name":"Comment","target":["https:\/\/www.morbylanga.se\/ungnytt\/elever-pa-farjestadens-hogstadium-slapper-lat-firade-med-releasefest\/#respond"]}]},{"@type":"WebPage","@id":"https:\/\/www.morbylanga.se\/ungnytt\/elever-pa-farjestadens-hogstadium-slapper-lat-firade-med-releasefest\/","url":"https:\/\/www.morbylanga.se\/ungnytt\/elever-pa-farjestadens-hogstadium-slapper-lat-firade-med-releasefest\/","name":"Elever p\u00e5 F\u00e4rjestadens h\u00f6gstadium sl\u00e4pper l\u00e5t \u2013 firade med releasefest - UngNytt","isPartOf":{"@id":"https:\/\/www.morbylanga.se\/ungnytt\/#website"},"primaryImageOfPage":{"@id":"https:\/\/www.morbylanga.se\/ungnytt\/elever-pa-farjestadens-hogstadium-slapper-lat-firade-med-releasefest\/#primaryimage"},"image":{"@id":"https:\/\/www.morbylanga.se\/ungnytt\/elever-pa-farjestadens-hogstadium-slapper-lat-firade-med-releasefest\/#primaryimage"},"thumbnailUrl":"https:\/\/www.morbylanga.se\/ungnytt\/wp-content\/uploads\/2025\/05\/vaga-va-snall-omslag-1.jpg","datePublished":"2025-05-15T07:01:49+00:00","author":{"@id":"https:\/\/www.morbylanga.se\/ungnytt\/#\/schema\/person\/82a2e0484000f3af59a54befaca994b0"},"breadcrumb":{"@id":"https:\/\/www.morbylanga.se\/ungnytt\/elever-pa-farjestadens-hogstadium-slapper-lat-firade-med-releasefest\/#breadcrumb"},"inLanguage":"sv-SE","potentialAction":[{"@type":"ReadAction","target":["https:\/\/www.morbylanga.se\/ungnytt\/elever-pa-farjestadens-hogstadium-slapper-lat-firade-med-releasefest\/"]}]},{"@type":"ImageObject","inLanguage":"sv-SE","@id":"https:\/\/www.morbylanga.se\/ungnytt\/elever-pa-farjestadens-hogstadium-slapper-lat-firade-med-releasefest\/#primaryimage","url":"https:\/\/www.morbylanga.se\/ungnytt\/wp-content\/uploads\/2025\/05\/vaga-va-snall-omslag-1.jpg","contentUrl":"https:\/\/www.morbylanga.se\/ungnytt\/wp-content\/uploads\/2025\/05\/vaga-va-snall-omslag-1.jpg","width":1920,"height":1080},{"@type":"BreadcrumbList","@id":"https:\/\/www.morbylanga.se\/ungnytt\/elever-pa-farjestadens-hogstadium-slapper-lat-firade-med-releasefest\/#breadcrumb","itemListElement":[{"@type":"ListItem","position":1,"name":"Hem","item":"https:\/\/www.morbylanga.se\/ungnytt\/"},{"@type":"ListItem","position":2,"name":"Elever p\u00e5 F\u00e4rjestadens h\u00f6gstadium sl\u00e4pper l\u00e5t \u2013 firade med releasefest"}]},{"@type":"WebSite","@id":"https:\/\/www.morbylanga.se\/ungnytt\/#website","url":"https:\/\/www.morbylanga.se\/ungnytt\/","name":"UngNytt","description":"Nyheter f\u00f6r och av unga i M\u00f6rbyl\u00e5nga kommun","potentialAction":[{"@type":"SearchAction","target":{"@type":"EntryPoint","urlTemplate":"https:\/\/www.morbylanga.se\/ungnytt\/?s={search_term_string}"},"query-input":{"@type":"PropertyValueSpecification","valueRequired":true,"valueName":"search_term_string"}}],"inLanguage":"sv-SE"},{"@type":"Person","@id":"https:\/\/www.morbylanga.se\/ungnytt\/#\/schema\/person\/82a2e0484000f3af59a54befaca994b0","name":"Matilda Hildingsson","image":{"@type":"ImageObject","inLanguage":"sv-SE","@id":"https:\/\/secure.gravatar.com\/avatar\/a9a9720d8381fae775fcb00a1b0ef7c82645a47eb74c9171231f34016604b716?s=96&d=mm&r=g","url":"https:\/\/secure.gravatar.com\/avatar\/a9a9720d8381fae775fcb00a1b0ef7c82645a47eb74c9171231f34016604b716?s=96&d=mm&r=g","contentUrl":"https:\/\/secure.gravatar.com\/avatar\/a9a9720d8381fae775fcb00a1b0ef7c82645a47eb74c9171231f34016604b716?s=96&d=mm&r=g","caption":"Matilda Hildingsson"},"url":"https:\/\/www.morbylanga.se\/ungnytt\/author\/matilda_hildingsson\/"}]}},"primary_category":{"term_id":1,"name":"Nyhet","slug":"nyhet","term_group":0,"term_taxonomy_id":1,"taxonomy":"category","description":"Nyhetsartiklar presenterar objektivt aktuella h\u00e4ndelser och nyheter. De ger vanligtvis information om vem, vad, var, n\u00e4r och varf\u00f6r h\u00e4ndelsen \u00e4gde rum. Nyhetsartiklar fokuserar p\u00e5 att rapportera fakta utan att inkludera personliga \u00e5sikter eller tolkningar.","parent":0,"count":49,"filter":"raw"},"_links":{"self":[{"href":"https:\/\/www.morbylanga.se\/ungnytt\/wp-json\/wp\/v2\/posts\/1237","targetHints":{"allow":["GET"]}}],"collection":[{"href":"https:\/\/www.morbylanga.se\/ungnytt\/wp-json\/wp\/v2\/posts"}],"about":[{"href":"https:\/\/www.morbylanga.se\/ungnytt\/wp-json\/wp\/v2\/types\/post"}],"author":[{"embeddable":true,"href":"https:\/\/www.morbylanga.se\/ungnytt\/wp-json\/wp\/v2\/users\/2"}],"replies":[{"embeddable":true,"href":"https:\/\/www.morbylanga.se\/ungnytt\/wp-json\/wp\/v2\/comments?post=1237"}],"version-history":[{"count":6,"href":"https:\/\/www.morbylanga.se\/ungnytt\/wp-json\/wp\/v2\/posts\/1237\/revisions"}],"predecessor-version":[{"id":1253,"href":"https:\/\/www.morbylanga.se\/ungnytt\/wp-json\/wp\/v2\/posts\/1237\/revisions\/1253"}],"wp:featuredmedia":[{"embeddable":true,"href":"https:\/\/www.morbylanga.se\/ungnytt\/wp-json\/wp\/v2\/media\/1243"}],"wp:attachment":[{"href":"https:\/\/www.morbylanga.se\/ungnytt\/wp-json\/wp\/v2\/media?parent=1237"}],"wp:term":[{"taxonomy":"category","embeddable":true,"href":"https:\/\/www.morbylanga.se\/ungnytt\/wp-json\/wp\/v2\/categories?post=1237"}],"curies":[{"name":"wp","href":"https:\/\/api.w.org\/{rel}","templated":true}]}}