{"id":1206,"date":"2025-03-28T11:49:10","date_gmt":"2025-03-28T10:49:10","guid":{"rendered":"https:\/\/www.morbylanga.se\/ungnytt\/?p=1206"},"modified":"2025-03-28T11:49:10","modified_gmt":"2025-03-28T10:49:10","slug":"gar-det-att-styra-framtiden","status":"publish","type":"post","link":"https:\/\/www.morbylanga.se\/ungnytt\/gar-det-att-styra-framtiden\/","title":{"rendered":"G\u00e5r det att styra framtiden?"},"content":{"rendered":"<div class=\"block block-text background-light2\">\n<p class=\"\" data-start=\"134\" data-end=\"243\"><strong data-start=\"134\" data-end=\"144\">Fr\u00e5ga:<\/strong> Hej Lena! M\u00f6rbyl\u00e5nga kommun har nu sl\u00e4ppt sitt f\u00f6rslag f\u00f6r \u00d6versiktsplan 2045. Vad handlar den om?<\/p>\n<\/div>\n<div class=\"block block-text background-light1\">\n<p class=\"\" data-start=\"245\" data-end=\"472\"><strong data-start=\"245\" data-end=\"254\">Lena:<\/strong> Hej! Ja, planen visar hur vi ska anv\u00e4nda mark och vatten fram till 2045. Vi vill utveckla kommunen p\u00e5 ett h\u00e5llbart s\u00e4tt, men ocks\u00e5 ta vara p\u00e5 det vi redan har. Mycket handlar om energiomst\u00e4llning och klimatanpassning!<\/p>\n<\/div>\n<div class=\"block block-text background-light2\">\n<p class=\"\" data-start=\"474\" data-end=\"542\"><strong data-start=\"474\" data-end=\"484\">Fr\u00e5ga:<\/strong> Varf\u00f6r \u00e4r det viktigt att alla l\u00e4mnar sina synpunkter nu?<\/p>\n<\/div>\n<div class=\"block block-text background-light1\">\n<p class=\"\" data-start=\"544\" data-end=\"731\"><strong data-start=\"544\" data-end=\"553\">Lena:<\/strong> Samr\u00e5det \u00e4r ett bra tillf\u00e4lle f\u00f6r alla att p\u00e5verka! Vi vill h\u00f6ra vad folk tycker, och de b\u00e4sta id\u00e9erna brukar g\u00f6ra planen \u00e4nnu b\u00e4ttre. Det handlar om v\u00e5r framtid h\u00e4r i kommunen!<\/p>\n<\/div>\n<div class=\"block block-text background-light2\">\n<p class=\"\" data-start=\"733\" data-end=\"791\"><strong data-start=\"733\" data-end=\"743\">Fr\u00e5ga:<\/strong> Hur kan man faktiskt delta och ge sina \u00e5sikter?<\/p>\n<\/div>\n<div class=\"block block-text background-light1\">\n<p class=\"\" data-start=\"793\" data-end=\"997\"><strong data-start=\"793\" data-end=\"802\">Lena:<\/strong> Det \u00e4r superenkelt! G\u00e5 in p\u00e5 v\u00e5r <a href=\"https:\/\/www.morbylanga.se\/oversiktsplan\" target=\"_blank\" rel=\"noopener\">hemsida<\/a>, d\u00e4r finns planen och instruktioner f\u00f6r hur du kan l\u00e4mna synpunkter. Du kan ocks\u00e5 delta i \u00f6ppna samr\u00e5dsm\u00f6ten eller ringa oss om du vill prata mer direkt.<\/p>\n<\/div>\n<div class=\"block block-text background-light2\">\n<p class=\"\" data-start=\"999\" data-end=\"1055\"><strong data-start=\"999\" data-end=\"1009\">Fr\u00e5ga:<\/strong> Och vad \u00e4r det b\u00e4sta med den digitala planen?<\/p>\n<\/div>\n<div class=\"block block-text background-light1\">\n<p class=\"\" data-start=\"1057\" data-end=\"1232\"><strong data-start=\"1057\" data-end=\"1066\">Lena:<\/strong> Den \u00e4r interaktiv och g\u00f6r det l\u00e4tt att f\u00f6rst\u00e5 sammanhang. Du kan klicka dig runt mellan kartor och texter, och det blir enklare att h\u00e5lla den uppdaterad i framtiden!<\/p>\n<\/div>\n<div class=\"block block-text background-light2\">\n<p class=\"\" data-start=\"1234\" data-end=\"1317\"><strong data-start=\"1234\" data-end=\"1244\">Fr\u00e5ga:<\/strong> Tack f\u00f6r pratstunden, Lena! N\u00e5got sista du vill s\u00e4ga till v\u00e5ra ungdomar?<\/p>\n<\/div>\n<div class=\"block block-text background-light1\">\n<p class=\"\" data-start=\"1319\" data-end=\"1473\"><strong data-start=\"1319\" data-end=\"1328\">Lena:<\/strong> Absolut! Vi vill verkligen h\u00f6ra vad ni tycker. Det h\u00e4r \u00e4r en chans att p\u00e5verka hur v\u00e5r kommun ska se ut fram\u00f6ver \u2013 s\u00e5 tveka inte att tycka till!<\/p>\n<\/div>\n","protected":false},"excerpt":{"rendered":"<p>Fr\u00e5ga: Hej Lena! M\u00f6rbyl\u00e5nga kommun har nu sl\u00e4ppt sitt f\u00f6rslag f\u00f6r \u00d6versiktsplan 2045. Vad handlar den om? Lena: Hej! Ja, planen visar hur vi ska anv\u00e4nda mark och vatten fram till 2045. Vi vill utveckla kommunen p\u00e5 ett h\u00e5llbart s\u00e4tt, men ocks\u00e5 ta vara p\u00e5 det vi redan har. Mycket handlar om energiomst\u00e4llning och klimatanpassning! [&hellip;]<\/p>\n","protected":false},"author":2,"featured_media":1216,"comment_status":"open","ping_status":"open","sticky":false,"template":"","format":"standard","meta":{"_acf_changed":false,"footnotes":""},"categories":[20],"class_list":["post-1206","post","type-post","status-publish","format-standard","has-post-thumbnail","hentry","category-intervju"],"acf":{"news_thumbnail_video":"","show_news_thumbnail_in_post":true,"news_related_content_title":"Relaterat inneh\u00e5ll","news_related_content":[1191,123],"preamble":"F\u00f6rhoppningsvis! Nu finns i alla fall ett f\u00f6rslag p\u00e5 en plan som ska hj\u00e4lpa oss att styra utvecklingen h\u00e4r d\u00e4r vi bor, fram till \u00e5r 2045. Vi har pratat med v\u00e5r alldeles egna Kommun-Lena, projektledaren Lena Petersson Forsberg."},"yoast_head":"<!-- This site is optimized with the Yoast SEO plugin v27.2 - https:\/\/yoast.com\/product\/yoast-seo-wordpress\/ -->\n<title>G\u00e5r det att styra framtiden? - UngNytt<\/title>\n<meta name=\"description\" content=\"Vi har pratat med v\u00e5r alldeles egna Kommun-Lena, projektledaren Lena Petersson Forsberg, om M\u00f6rbyl\u00e5nga kommuns \u00d6versiktsplan 2045.\" \/>\n<meta name=\"robots\" content=\"index, follow, max-snippet:-1, max-image-preview:large, max-video-preview:-1\" \/>\n<link rel=\"canonical\" href=\"https:\/\/www.morbylanga.se\/ungnytt\/gar-det-att-styra-framtiden\/\" \/>\n<meta property=\"og:locale\" content=\"sv_SE\" \/>\n<meta property=\"og:type\" content=\"article\" \/>\n<meta property=\"og:title\" content=\"G\u00e5r det att styra framtiden? - UngNytt\" \/>\n<meta property=\"og:description\" content=\"Vi har pratat med v\u00e5r alldeles egna Kommun-Lena, projektledaren Lena Petersson Forsberg, om M\u00f6rbyl\u00e5nga kommuns \u00d6versiktsplan 2045.\" \/>\n<meta property=\"og:url\" content=\"https:\/\/www.morbylanga.se\/ungnytt\/gar-det-att-styra-framtiden\/\" \/>\n<meta property=\"og:site_name\" content=\"UngNytt\" \/>\n<meta property=\"article:published_time\" content=\"2025-03-28T10:49:10+00:00\" \/>\n<meta property=\"og:image\" content=\"https:\/\/www.morbylanga.se\/ungnytt\/wp-content\/uploads\/2025\/03\/mp33765897-kite-scaled.jpg\" \/>\n\t<meta property=\"og:image:width\" content=\"1707\" \/>\n\t<meta property=\"og:image:height\" content=\"2560\" \/>\n\t<meta property=\"og:image:type\" content=\"image\/jpeg\" \/>\n<meta name=\"author\" content=\"Matilda Hildingsson\" \/>\n<meta name=\"twitter:card\" content=\"summary_large_image\" \/>\n<meta name=\"twitter:label1\" content=\"Skriven av\" \/>\n\t<meta name=\"twitter:data1\" content=\"Matilda Hildingsson\" \/>\n\t<meta name=\"twitter:label2\" content=\"Ber\u00e4knad l\u00e4stid\" \/>\n\t<meta name=\"twitter:data2\" content=\"2 minuter\" \/>\n<script type=\"application\/ld+json\" class=\"yoast-schema-graph\">{\"@context\":\"https:\/\/schema.org\",\"@graph\":[{\"@type\":\"Article\",\"@id\":\"https:\/\/www.morbylanga.se\/ungnytt\/gar-det-att-styra-framtiden\/#article\",\"isPartOf\":{\"@id\":\"https:\/\/www.morbylanga.se\/ungnytt\/gar-det-att-styra-framtiden\/\"},\"author\":{\"name\":\"Matilda Hildingsson\",\"@id\":\"https:\/\/www.morbylanga.se\/ungnytt\/#\/schema\/person\/82a2e0484000f3af59a54befaca994b0\"},\"headline\":\"G\u00e5r det att styra framtiden?\",\"datePublished\":\"2025-03-28T10:49:10+00:00\",\"mainEntityOfPage\":{\"@id\":\"https:\/\/www.morbylanga.se\/ungnytt\/gar-det-att-styra-framtiden\/\"},\"wordCount\":278,\"commentCount\":0,\"image\":{\"@id\":\"https:\/\/www.morbylanga.se\/ungnytt\/gar-det-att-styra-framtiden\/#primaryimage\"},\"thumbnailUrl\":\"https:\/\/www.morbylanga.se\/ungnytt\/wp-content\/uploads\/2025\/03\/mp33765897-kite-scaled.jpg\",\"articleSection\":[\"Intervju\"],\"inLanguage\":\"sv-SE\",\"potentialAction\":[{\"@type\":\"CommentAction\",\"name\":\"Comment\",\"target\":[\"https:\/\/www.morbylanga.se\/ungnytt\/gar-det-att-styra-framtiden\/#respond\"]}]},{\"@type\":\"WebPage\",\"@id\":\"https:\/\/www.morbylanga.se\/ungnytt\/gar-det-att-styra-framtiden\/\",\"url\":\"https:\/\/www.morbylanga.se\/ungnytt\/gar-det-att-styra-framtiden\/\",\"name\":\"G\u00e5r det att styra framtiden? - UngNytt\",\"isPartOf\":{\"@id\":\"https:\/\/www.morbylanga.se\/ungnytt\/#website\"},\"primaryImageOfPage\":{\"@id\":\"https:\/\/www.morbylanga.se\/ungnytt\/gar-det-att-styra-framtiden\/#primaryimage\"},\"image\":{\"@id\":\"https:\/\/www.morbylanga.se\/ungnytt\/gar-det-att-styra-framtiden\/#primaryimage\"},\"thumbnailUrl\":\"https:\/\/www.morbylanga.se\/ungnytt\/wp-content\/uploads\/2025\/03\/mp33765897-kite-scaled.jpg\",\"datePublished\":\"2025-03-28T10:49:10+00:00\",\"author\":{\"@id\":\"https:\/\/www.morbylanga.se\/ungnytt\/#\/schema\/person\/82a2e0484000f3af59a54befaca994b0\"},\"description\":\"Vi har pratat med v\u00e5r alldeles egna Kommun-Lena, projektledaren Lena Petersson Forsberg, om M\u00f6rbyl\u00e5nga kommuns \u00d6versiktsplan 2045.\",\"breadcrumb\":{\"@id\":\"https:\/\/www.morbylanga.se\/ungnytt\/gar-det-att-styra-framtiden\/#breadcrumb\"},\"inLanguage\":\"sv-SE\",\"potentialAction\":[{\"@type\":\"ReadAction\",\"target\":[\"https:\/\/www.morbylanga.se\/ungnytt\/gar-det-att-styra-framtiden\/\"]}]},{\"@type\":\"ImageObject\",\"inLanguage\":\"sv-SE\",\"@id\":\"https:\/\/www.morbylanga.se\/ungnytt\/gar-det-att-styra-framtiden\/#primaryimage\",\"url\":\"https:\/\/www.morbylanga.se\/ungnytt\/wp-content\/uploads\/2025\/03\/mp33765897-kite-scaled.jpg\",\"contentUrl\":\"https:\/\/www.morbylanga.se\/ungnytt\/wp-content\/uploads\/2025\/03\/mp33765897-kite-scaled.jpg\",\"width\":1707,\"height\":2560,\"caption\":\"girl flying a kite on the sea in sunset time\"},{\"@type\":\"BreadcrumbList\",\"@id\":\"https:\/\/www.morbylanga.se\/ungnytt\/gar-det-att-styra-framtiden\/#breadcrumb\",\"itemListElement\":[{\"@type\":\"ListItem\",\"position\":1,\"name\":\"Hem\",\"item\":\"https:\/\/www.morbylanga.se\/ungnytt\/\"},{\"@type\":\"ListItem\",\"position\":2,\"name\":\"G\u00e5r det att styra framtiden?\"}]},{\"@type\":\"WebSite\",\"@id\":\"https:\/\/www.morbylanga.se\/ungnytt\/#website\",\"url\":\"https:\/\/www.morbylanga.se\/ungnytt\/\",\"name\":\"UngNytt\",\"description\":\"Nyheter f\u00f6r och av unga i M\u00f6rbyl\u00e5nga kommun\",\"potentialAction\":[{\"@type\":\"SearchAction\",\"target\":{\"@type\":\"EntryPoint\",\"urlTemplate\":\"https:\/\/www.morbylanga.se\/ungnytt\/?s={search_term_string}\"},\"query-input\":{\"@type\":\"PropertyValueSpecification\",\"valueRequired\":true,\"valueName\":\"search_term_string\"}}],\"inLanguage\":\"sv-SE\"},{\"@type\":\"Person\",\"@id\":\"https:\/\/www.morbylanga.se\/ungnytt\/#\/schema\/person\/82a2e0484000f3af59a54befaca994b0\",\"name\":\"Matilda Hildingsson\",\"image\":{\"@type\":\"ImageObject\",\"inLanguage\":\"sv-SE\",\"@id\":\"https:\/\/secure.gravatar.com\/avatar\/a9a9720d8381fae775fcb00a1b0ef7c82645a47eb74c9171231f34016604b716?s=96&d=mm&r=g\",\"url\":\"https:\/\/secure.gravatar.com\/avatar\/a9a9720d8381fae775fcb00a1b0ef7c82645a47eb74c9171231f34016604b716?s=96&d=mm&r=g\",\"contentUrl\":\"https:\/\/secure.gravatar.com\/avatar\/a9a9720d8381fae775fcb00a1b0ef7c82645a47eb74c9171231f34016604b716?s=96&d=mm&r=g\",\"caption\":\"Matilda Hildingsson\"},\"url\":\"https:\/\/www.morbylanga.se\/ungnytt\/author\/matilda_hildingsson\/\"}]}<\/script>\n<!-- \/ Yoast SEO plugin. -->","yoast_head_json":{"title":"G\u00e5r det att styra framtiden? - UngNytt","description":"Vi har pratat med v\u00e5r alldeles egna Kommun-Lena, projektledaren Lena Petersson Forsberg, om M\u00f6rbyl\u00e5nga kommuns \u00d6versiktsplan 2045.","robots":{"index":"index","follow":"follow","max-snippet":"max-snippet:-1","max-image-preview":"max-image-preview:large","max-video-preview":"max-video-preview:-1"},"canonical":"https:\/\/www.morbylanga.se\/ungnytt\/gar-det-att-styra-framtiden\/","og_locale":"sv_SE","og_type":"article","og_title":"G\u00e5r det att styra framtiden? - UngNytt","og_description":"Vi har pratat med v\u00e5r alldeles egna Kommun-Lena, projektledaren Lena Petersson Forsberg, om M\u00f6rbyl\u00e5nga kommuns \u00d6versiktsplan 2045.","og_url":"https:\/\/www.morbylanga.se\/ungnytt\/gar-det-att-styra-framtiden\/","og_site_name":"UngNytt","article_published_time":"2025-03-28T10:49:10+00:00","og_image":[{"width":1707,"height":2560,"url":"https:\/\/www.morbylanga.se\/ungnytt\/wp-content\/uploads\/2025\/03\/mp33765897-kite-scaled.jpg","type":"image\/jpeg"}],"author":"Matilda Hildingsson","twitter_card":"summary_large_image","twitter_misc":{"Skriven av":"Matilda Hildingsson","Ber\u00e4knad l\u00e4stid":"2 minuter"},"schema":{"@context":"https:\/\/schema.org","@graph":[{"@type":"Article","@id":"https:\/\/www.morbylanga.se\/ungnytt\/gar-det-att-styra-framtiden\/#article","isPartOf":{"@id":"https:\/\/www.morbylanga.se\/ungnytt\/gar-det-att-styra-framtiden\/"},"author":{"name":"Matilda Hildingsson","@id":"https:\/\/www.morbylanga.se\/ungnytt\/#\/schema\/person\/82a2e0484000f3af59a54befaca994b0"},"headline":"G\u00e5r det att styra framtiden?","datePublished":"2025-03-28T10:49:10+00:00","mainEntityOfPage":{"@id":"https:\/\/www.morbylanga.se\/ungnytt\/gar-det-att-styra-framtiden\/"},"wordCount":278,"commentCount":0,"image":{"@id":"https:\/\/www.morbylanga.se\/ungnytt\/gar-det-att-styra-framtiden\/#primaryimage"},"thumbnailUrl":"https:\/\/www.morbylanga.se\/ungnytt\/wp-content\/uploads\/2025\/03\/mp33765897-kite-scaled.jpg","articleSection":["Intervju"],"inLanguage":"sv-SE","potentialAction":[{"@type":"CommentAction","name":"Comment","target":["https:\/\/www.morbylanga.se\/ungnytt\/gar-det-att-styra-framtiden\/#respond"]}]},{"@type":"WebPage","@id":"https:\/\/www.morbylanga.se\/ungnytt\/gar-det-att-styra-framtiden\/","url":"https:\/\/www.morbylanga.se\/ungnytt\/gar-det-att-styra-framtiden\/","name":"G\u00e5r det att styra framtiden? - UngNytt","isPartOf":{"@id":"https:\/\/www.morbylanga.se\/ungnytt\/#website"},"primaryImageOfPage":{"@id":"https:\/\/www.morbylanga.se\/ungnytt\/gar-det-att-styra-framtiden\/#primaryimage"},"image":{"@id":"https:\/\/www.morbylanga.se\/ungnytt\/gar-det-att-styra-framtiden\/#primaryimage"},"thumbnailUrl":"https:\/\/www.morbylanga.se\/ungnytt\/wp-content\/uploads\/2025\/03\/mp33765897-kite-scaled.jpg","datePublished":"2025-03-28T10:49:10+00:00","author":{"@id":"https:\/\/www.morbylanga.se\/ungnytt\/#\/schema\/person\/82a2e0484000f3af59a54befaca994b0"},"description":"Vi har pratat med v\u00e5r alldeles egna Kommun-Lena, projektledaren Lena Petersson Forsberg, om M\u00f6rbyl\u00e5nga kommuns \u00d6versiktsplan 2045.","breadcrumb":{"@id":"https:\/\/www.morbylanga.se\/ungnytt\/gar-det-att-styra-framtiden\/#breadcrumb"},"inLanguage":"sv-SE","potentialAction":[{"@type":"ReadAction","target":["https:\/\/www.morbylanga.se\/ungnytt\/gar-det-att-styra-framtiden\/"]}]},{"@type":"ImageObject","inLanguage":"sv-SE","@id":"https:\/\/www.morbylanga.se\/ungnytt\/gar-det-att-styra-framtiden\/#primaryimage","url":"https:\/\/www.morbylanga.se\/ungnytt\/wp-content\/uploads\/2025\/03\/mp33765897-kite-scaled.jpg","contentUrl":"https:\/\/www.morbylanga.se\/ungnytt\/wp-content\/uploads\/2025\/03\/mp33765897-kite-scaled.jpg","width":1707,"height":2560,"caption":"girl flying a kite on the sea in sunset time"},{"@type":"BreadcrumbList","@id":"https:\/\/www.morbylanga.se\/ungnytt\/gar-det-att-styra-framtiden\/#breadcrumb","itemListElement":[{"@type":"ListItem","position":1,"name":"Hem","item":"https:\/\/www.morbylanga.se\/ungnytt\/"},{"@type":"ListItem","position":2,"name":"G\u00e5r det att styra framtiden?"}]},{"@type":"WebSite","@id":"https:\/\/www.morbylanga.se\/ungnytt\/#website","url":"https:\/\/www.morbylanga.se\/ungnytt\/","name":"UngNytt","description":"Nyheter f\u00f6r och av unga i M\u00f6rbyl\u00e5nga kommun","potentialAction":[{"@type":"SearchAction","target":{"@type":"EntryPoint","urlTemplate":"https:\/\/www.morbylanga.se\/ungnytt\/?s={search_term_string}"},"query-input":{"@type":"PropertyValueSpecification","valueRequired":true,"valueName":"search_term_string"}}],"inLanguage":"sv-SE"},{"@type":"Person","@id":"https:\/\/www.morbylanga.se\/ungnytt\/#\/schema\/person\/82a2e0484000f3af59a54befaca994b0","name":"Matilda Hildingsson","image":{"@type":"ImageObject","inLanguage":"sv-SE","@id":"https:\/\/secure.gravatar.com\/avatar\/a9a9720d8381fae775fcb00a1b0ef7c82645a47eb74c9171231f34016604b716?s=96&d=mm&r=g","url":"https:\/\/secure.gravatar.com\/avatar\/a9a9720d8381fae775fcb00a1b0ef7c82645a47eb74c9171231f34016604b716?s=96&d=mm&r=g","contentUrl":"https:\/\/secure.gravatar.com\/avatar\/a9a9720d8381fae775fcb00a1b0ef7c82645a47eb74c9171231f34016604b716?s=96&d=mm&r=g","caption":"Matilda Hildingsson"},"url":"https:\/\/www.morbylanga.se\/ungnytt\/author\/matilda_hildingsson\/"}]}},"primary_category":{"term_id":20,"name":"Intervju","slug":"intervju","term_group":0,"term_taxonomy_id":20,"taxonomy":"category","description":"Intervjuer ger l\u00e4sare m\u00f6jlighet att l\u00e4ra sig mer om en person, deras tankar, \u00e5sikter och erfarenheter. Det kan vara intervjuer med k\u00e4ndisar, experter inom olika omr\u00e5den eller vanliga m\u00e4nniskor med en intressant historia att ber\u00e4tta.","parent":0,"count":4,"filter":"raw"},"_links":{"self":[{"href":"https:\/\/www.morbylanga.se\/ungnytt\/wp-json\/wp\/v2\/posts\/1206","targetHints":{"allow":["GET"]}}],"collection":[{"href":"https:\/\/www.morbylanga.se\/ungnytt\/wp-json\/wp\/v2\/posts"}],"about":[{"href":"https:\/\/www.morbylanga.se\/ungnytt\/wp-json\/wp\/v2\/types\/post"}],"author":[{"embeddable":true,"href":"https:\/\/www.morbylanga.se\/ungnytt\/wp-json\/wp\/v2\/users\/2"}],"replies":[{"embeddable":true,"href":"https:\/\/www.morbylanga.se\/ungnytt\/wp-json\/wp\/v2\/comments?post=1206"}],"version-history":[{"count":12,"href":"https:\/\/www.morbylanga.se\/ungnytt\/wp-json\/wp\/v2\/posts\/1206\/revisions"}],"predecessor-version":[{"id":1239,"href":"https:\/\/www.morbylanga.se\/ungnytt\/wp-json\/wp\/v2\/posts\/1206\/revisions\/1239"}],"acf:post":[{"embeddable":true,"href":"https:\/\/www.morbylanga.se\/ungnytt\/wp-json\/wp\/v2\/posts\/123"},{"embeddable":true,"href":"https:\/\/www.morbylanga.se\/ungnytt\/wp-json\/wp\/v2\/posts\/1191"}],"wp:featuredmedia":[{"embeddable":true,"href":"https:\/\/www.morbylanga.se\/ungnytt\/wp-json\/wp\/v2\/media\/1216"}],"wp:attachment":[{"href":"https:\/\/www.morbylanga.se\/ungnytt\/wp-json\/wp\/v2\/media?parent=1206"}],"wp:term":[{"taxonomy":"category","embeddable":true,"href":"https:\/\/www.morbylanga.se\/ungnytt\/wp-json\/wp\/v2\/categories?post=1206"}],"curies":[{"name":"wp","href":"https:\/\/api.w.org\/{rel}","templated":true}]}}