{"id":1199,"date":"2025-03-14T10:44:19","date_gmt":"2025-03-14T09:44:19","guid":{"rendered":"https:\/\/www.morbylanga.se\/ungnytt\/?p=1199"},"modified":"2025-03-14T10:44:19","modified_gmt":"2025-03-14T09:44:19","slug":"upptack-faglarnas-magiska-varld-pa-oland-under-pasklovet","status":"publish","type":"post","link":"https:\/\/www.morbylanga.se\/ungnytt\/upptack-faglarnas-magiska-varld-pa-oland-under-pasklovet\/","title":{"rendered":"Uppt\u00e4ck f\u00e5glarnas magiska v\u00e4rld p\u00e5 \u00d6land under p\u00e5sklovet!"},"content":{"rendered":"<p>S\u00f6dra \u00d6land \u00e4r v\u00e4rldsk\u00e4nt f\u00f6r sitt rika f\u00e5gelliv. Varje \u00e5r passerar miljontals f\u00e5glar \u00f6n, och nu har du chansen att uppleva detta p\u00e5 n\u00e4ra h\u00e5ll! Vi arrangerar ett dagl\u00e4ger f\u00f6r dig som g\u00e5r p\u00e5 h\u00f6gstadiet eller gymnasiet. Under tv\u00e5 dagar kommer vi att bes\u00f6ka tv\u00e5 av \u00d6lands b\u00e4sta f\u00e5gellokaler: Ottenby och Beijershamn. Erfarna f\u00e5gelguider kommer att vara med och visa dig f\u00e5glar du kanske aldrig sett f\u00f6rut, samt ge dig m\u00f6jlighet att delta i ringm\u00e4rkning och tr\u00e4ffa andra naturintresserade ungdomar.<\/p>\n<p><strong>N\u00e4r?<\/strong><br \/>\nL\u00e4gret \u00e4ger rum under tv\u00e5 heldagar, tisdagen den 22 april och onsdagen den 23 april, fr\u00e5n morgon till eftermiddag.<\/p>\n<p><strong>Program:<\/strong><\/p>\n<ul>\n<li><strong>Tisdag 22 april &#8211; Ottenby<\/strong><br \/>\nUpph\u00e4mtning sker p\u00e5 f\u00f6ljande platser:<\/p>\n<ul>\n<li>\u00d6lands k\u00f6pstad (parkeringen intill bussh\u00e5llplatsen) kl. 8:00<\/li>\n<li>M\u00f6rbyl\u00e5nga (parkeringsplatsen vid ICA) kl. 8:30<\/li>\n<li>Gr\u00f6nh\u00f6gen (parkeringsplatsen vid ICA) kl. 9:00<\/li>\n<\/ul>\n<p>Ottenby \u00e4r Nordeuropas b\u00e4sta omr\u00e5de f\u00f6r f\u00e5gelsk\u00e5dning. H\u00e4r f\u00e5r du uppleva den b\u00e4sta f\u00e5gelsk\u00e5dningen Sverige kan erbjuda och bes\u00f6ka Ottenby f\u00e5gelstation, k\u00e4nd f\u00f6r sin ringm\u00e4rkning och f\u00e5gelforskning. Vi \u00e4ter medhavd lunch och f\u00e5gelsk\u00e5dar p\u00e5 \u00d6lands s\u00f6dra udde och i Ottenby lund. Ber\u00e4knad ankomsttid i F\u00e4rjestaden \u00e4r ca 16:15.<\/li>\n<li><strong>Onsdag 23 april &#8211; Beijershamn<\/strong><br \/>\nSamlingsplats: Vickleby vsk (v\u00e4gsk\u00e4l) kl. 8:45<\/p>\n<p>Beijershamns naturreservat \u00e4r en av Sveriges b\u00e4sta platser f\u00f6r rastande vadare. H\u00e4r sk\u00e5dar vi fr\u00e5n flera f\u00e5geltorn med utsikt \u00f6ver Kalmarsund och vandrar genom alskogar fulla av olika hackspettar och sm\u00e5f\u00e5glar. Vi grillar korv p\u00e5 en eldplats i reservatet och avslutar dagen vid bussh\u00e5llplatsen Karlevi vsk omkring kl. 15:00. Vandringens l\u00e4ngd blir ca 6,5 kilometer.<\/li>\n<\/ul>\n<p><strong>Hur?<\/strong><br \/>\nDen 22 april har vi hyrbilar och h\u00e4mtar upp dig i F\u00e4rjestaden, M\u00f6rbyl\u00e5nga eller Gr\u00f6nh\u00f6gen. Den 23 april tar du dig sj\u00e4lv till Vickleby vsk. Vi tar med kikare och tubkikare, och inga f\u00f6rkunskaper beh\u00f6vs. Anm\u00e4l dig senast 31 mars genom att mejla oss p\u00e5\u00a0<a class=\"fui-Link ___140mk30 f2hkw1w f3rmtva f1ewtqcl fyind8e f1k6fduh f1w7gpdv fk6fouc fjoy568 flh3ekv f1s184ao f1mk8lai fnbmjn9 f1o700av f13mvf36 f1cmlufx f9n3di6 f1ids18y f1tx3yz7 f1deo86v f1eh06m1 f1iescvh fhgqx19 f1olyrje f1p93eir f1nev41a\" tabindex=\"0\" href=\"mailto:naturum@ottenby.se\" target=\"_blank\" rel=\"noopener\">naturum@ottenby.se<\/a>. L\u00e4gret \u00e4r gratis!<\/p>\n<p><strong>Vilka genomf\u00f6r detta?<\/strong><\/p>\n<ul>\n<li><strong>naturum Ottenby:<\/strong>\u00a0Ottenbyomr\u00e5dets bes\u00f6kscenter som drivs av BirdLife Sverige.<\/li>\n<li><strong>Starpatrullen:<\/strong>\u00a0En f\u00f6rening startad och driven av biologistudenter p\u00e5 Linn\u00e9universitetet.<\/li>\n<li><strong>\u00d6lands Ornitologiska F\u00f6rening (\u00d6OF):<\/strong>\u00a0\u00d6lands lokala f\u00e5gelklubb.<\/li>\n<\/ul>\n","protected":false},"excerpt":{"rendered":"<p>S\u00f6dra \u00d6land \u00e4r v\u00e4rldsk\u00e4nt f\u00f6r sitt rika f\u00e5gelliv. Varje \u00e5r passerar miljontals f\u00e5glar \u00f6n, och nu har du chansen att uppleva detta p\u00e5 n\u00e4ra h\u00e5ll! Vi arrangerar ett dagl\u00e4ger f\u00f6r dig som g\u00e5r p\u00e5 h\u00f6gstadiet eller gymnasiet. Under tv\u00e5 dagar kommer vi att bes\u00f6ka tv\u00e5 av \u00d6lands b\u00e4sta f\u00e5gellokaler: Ottenby och Beijershamn. Erfarna f\u00e5gelguider kommer [&hellip;]<\/p>\n","protected":false},"author":3,"featured_media":1200,"comment_status":"open","ping_status":"open","sticky":false,"template":"","format":"standard","meta":{"_acf_changed":false,"footnotes":""},"categories":[1],"class_list":["post-1199","post","type-post","status-publish","format-standard","has-post-thumbnail","hentry","category-nyhet"],"acf":{"news_thumbnail_video":"","show_news_thumbnail_in_post":true,"news_related_content_title":"Relaterat inneh\u00e5ll","news_related_content":"","preamble":"\u00c4r du redo f\u00f6r ett \u00e4ventyr i naturen? Under p\u00e5sklovet har du chansen att uppleva \u00d6lands fantastiska f\u00e5gelliv p\u00e5 n\u00e4ra h\u00e5ll! F\u00f6lj med p\u00e5 v\u00e5rt dagl\u00e4ger och uppt\u00e4ck f\u00e5glar du aldrig sett f\u00f6rut, delta i sp\u00e4nnande ringm\u00e4rkning och tr\u00e4ffa andra naturintresserade ungdomar. Med erfarna f\u00e5gelguider vid din sida kommer du att f\u00e5 en of\u00f6rgl\u00f6mlig upplevelse i tv\u00e5 av \u00d6lands b\u00e4sta f\u00e5gellokaler: Ottenby och Beijershamn."},"yoast_head":"<!-- This site is optimized with the Yoast SEO plugin v27.2 - https:\/\/yoast.com\/product\/yoast-seo-wordpress\/ -->\n<title>Uppt\u00e4ck f\u00e5glarnas magiska v\u00e4rld p\u00e5 \u00d6land under p\u00e5sklovet! - UngNytt<\/title>\n<meta name=\"robots\" content=\"index, follow, max-snippet:-1, max-image-preview:large, max-video-preview:-1\" \/>\n<link rel=\"canonical\" href=\"https:\/\/www.morbylanga.se\/ungnytt\/upptack-faglarnas-magiska-varld-pa-oland-under-pasklovet\/\" \/>\n<meta property=\"og:locale\" content=\"sv_SE\" \/>\n<meta property=\"og:type\" content=\"article\" \/>\n<meta property=\"og:title\" content=\"Uppt\u00e4ck f\u00e5glarnas magiska v\u00e4rld p\u00e5 \u00d6land under p\u00e5sklovet! - UngNytt\" \/>\n<meta property=\"og:description\" content=\"S\u00f6dra \u00d6land \u00e4r v\u00e4rldsk\u00e4nt f\u00f6r sitt rika f\u00e5gelliv. Varje \u00e5r passerar miljontals f\u00e5glar \u00f6n, och nu har du chansen att uppleva detta p\u00e5 n\u00e4ra h\u00e5ll! Vi arrangerar ett dagl\u00e4ger f\u00f6r dig som g\u00e5r p\u00e5 h\u00f6gstadiet eller gymnasiet. Under tv\u00e5 dagar kommer vi att bes\u00f6ka tv\u00e5 av \u00d6lands b\u00e4sta f\u00e5gellokaler: Ottenby och Beijershamn. Erfarna f\u00e5gelguider kommer [&hellip;]\" \/>\n<meta property=\"og:url\" content=\"https:\/\/www.morbylanga.se\/ungnytt\/upptack-faglarnas-magiska-varld-pa-oland-under-pasklovet\/\" \/>\n<meta property=\"og:site_name\" content=\"UngNytt\" \/>\n<meta property=\"article:published_time\" content=\"2025-03-14T09:44:19+00:00\" \/>\n<meta property=\"og:image\" content=\"https:\/\/www.morbylanga.se\/ungnytt\/wp-content\/uploads\/2025\/03\/32051456-skrattmas-i-solnedgangen-vid-olandsbron-scaled.jpg\" \/>\n\t<meta property=\"og:image:width\" content=\"2560\" \/>\n\t<meta property=\"og:image:height\" content=\"1707\" \/>\n\t<meta property=\"og:image:type\" content=\"image\/jpeg\" \/>\n<meta name=\"author\" content=\"Emilia Gustafsson\" \/>\n<meta name=\"twitter:card\" content=\"summary_large_image\" \/>\n<meta name=\"twitter:label1\" content=\"Skriven av\" \/>\n\t<meta name=\"twitter:data1\" content=\"Emilia Gustafsson\" \/>\n\t<meta name=\"twitter:label2\" content=\"Ber\u00e4knad l\u00e4stid\" \/>\n\t<meta name=\"twitter:data2\" content=\"2 minuter\" \/>\n<script type=\"application\/ld+json\" class=\"yoast-schema-graph\">{\"@context\":\"https:\/\/schema.org\",\"@graph\":[{\"@type\":\"Article\",\"@id\":\"https:\/\/www.morbylanga.se\/ungnytt\/upptack-faglarnas-magiska-varld-pa-oland-under-pasklovet\/#article\",\"isPartOf\":{\"@id\":\"https:\/\/www.morbylanga.se\/ungnytt\/upptack-faglarnas-magiska-varld-pa-oland-under-pasklovet\/\"},\"author\":{\"name\":\"Emilia Gustafsson\",\"@id\":\"https:\/\/www.morbylanga.se\/ungnytt\/#\/schema\/person\/85fa17ba36d9991cf2728a563e6b125e\"},\"headline\":\"Uppt\u00e4ck f\u00e5glarnas magiska v\u00e4rld p\u00e5 \u00d6land under p\u00e5sklovet!\",\"datePublished\":\"2025-03-14T09:44:19+00:00\",\"mainEntityOfPage\":{\"@id\":\"https:\/\/www.morbylanga.se\/ungnytt\/upptack-faglarnas-magiska-varld-pa-oland-under-pasklovet\/\"},\"wordCount\":406,\"commentCount\":0,\"image\":{\"@id\":\"https:\/\/www.morbylanga.se\/ungnytt\/upptack-faglarnas-magiska-varld-pa-oland-under-pasklovet\/#primaryimage\"},\"thumbnailUrl\":\"https:\/\/www.morbylanga.se\/ungnytt\/wp-content\/uploads\/2025\/03\/32051456-skrattmas-i-solnedgangen-vid-olandsbron-scaled.jpg\",\"articleSection\":[\"Nyhet\"],\"inLanguage\":\"sv-SE\",\"potentialAction\":[{\"@type\":\"CommentAction\",\"name\":\"Comment\",\"target\":[\"https:\/\/www.morbylanga.se\/ungnytt\/upptack-faglarnas-magiska-varld-pa-oland-under-pasklovet\/#respond\"]}]},{\"@type\":\"WebPage\",\"@id\":\"https:\/\/www.morbylanga.se\/ungnytt\/upptack-faglarnas-magiska-varld-pa-oland-under-pasklovet\/\",\"url\":\"https:\/\/www.morbylanga.se\/ungnytt\/upptack-faglarnas-magiska-varld-pa-oland-under-pasklovet\/\",\"name\":\"Uppt\u00e4ck f\u00e5glarnas magiska v\u00e4rld p\u00e5 \u00d6land under p\u00e5sklovet! - UngNytt\",\"isPartOf\":{\"@id\":\"https:\/\/www.morbylanga.se\/ungnytt\/#website\"},\"primaryImageOfPage\":{\"@id\":\"https:\/\/www.morbylanga.se\/ungnytt\/upptack-faglarnas-magiska-varld-pa-oland-under-pasklovet\/#primaryimage\"},\"image\":{\"@id\":\"https:\/\/www.morbylanga.se\/ungnytt\/upptack-faglarnas-magiska-varld-pa-oland-under-pasklovet\/#primaryimage\"},\"thumbnailUrl\":\"https:\/\/www.morbylanga.se\/ungnytt\/wp-content\/uploads\/2025\/03\/32051456-skrattmas-i-solnedgangen-vid-olandsbron-scaled.jpg\",\"datePublished\":\"2025-03-14T09:44:19+00:00\",\"author\":{\"@id\":\"https:\/\/www.morbylanga.se\/ungnytt\/#\/schema\/person\/85fa17ba36d9991cf2728a563e6b125e\"},\"breadcrumb\":{\"@id\":\"https:\/\/www.morbylanga.se\/ungnytt\/upptack-faglarnas-magiska-varld-pa-oland-under-pasklovet\/#breadcrumb\"},\"inLanguage\":\"sv-SE\",\"potentialAction\":[{\"@type\":\"ReadAction\",\"target\":[\"https:\/\/www.morbylanga.se\/ungnytt\/upptack-faglarnas-magiska-varld-pa-oland-under-pasklovet\/\"]}]},{\"@type\":\"ImageObject\",\"inLanguage\":\"sv-SE\",\"@id\":\"https:\/\/www.morbylanga.se\/ungnytt\/upptack-faglarnas-magiska-varld-pa-oland-under-pasklovet\/#primaryimage\",\"url\":\"https:\/\/www.morbylanga.se\/ungnytt\/wp-content\/uploads\/2025\/03\/32051456-skrattmas-i-solnedgangen-vid-olandsbron-scaled.jpg\",\"contentUrl\":\"https:\/\/www.morbylanga.se\/ungnytt\/wp-content\/uploads\/2025\/03\/32051456-skrattmas-i-solnedgangen-vid-olandsbron-scaled.jpg\",\"width\":2560,\"height\":1707,\"caption\":\"Skrattm\u00e5s i solnedg\u00e5ngen vid \u00d6landsbron\"},{\"@type\":\"BreadcrumbList\",\"@id\":\"https:\/\/www.morbylanga.se\/ungnytt\/upptack-faglarnas-magiska-varld-pa-oland-under-pasklovet\/#breadcrumb\",\"itemListElement\":[{\"@type\":\"ListItem\",\"position\":1,\"name\":\"Hem\",\"item\":\"https:\/\/www.morbylanga.se\/ungnytt\/\"},{\"@type\":\"ListItem\",\"position\":2,\"name\":\"Uppt\u00e4ck f\u00e5glarnas magiska v\u00e4rld p\u00e5 \u00d6land under p\u00e5sklovet!\"}]},{\"@type\":\"WebSite\",\"@id\":\"https:\/\/www.morbylanga.se\/ungnytt\/#website\",\"url\":\"https:\/\/www.morbylanga.se\/ungnytt\/\",\"name\":\"UngNytt\",\"description\":\"Nyheter f\u00f6r och av unga i M\u00f6rbyl\u00e5nga kommun\",\"potentialAction\":[{\"@type\":\"SearchAction\",\"target\":{\"@type\":\"EntryPoint\",\"urlTemplate\":\"https:\/\/www.morbylanga.se\/ungnytt\/?s={search_term_string}\"},\"query-input\":{\"@type\":\"PropertyValueSpecification\",\"valueRequired\":true,\"valueName\":\"search_term_string\"}}],\"inLanguage\":\"sv-SE\"},{\"@type\":\"Person\",\"@id\":\"https:\/\/www.morbylanga.se\/ungnytt\/#\/schema\/person\/85fa17ba36d9991cf2728a563e6b125e\",\"name\":\"Emilia Gustafsson\",\"image\":{\"@type\":\"ImageObject\",\"inLanguage\":\"sv-SE\",\"@id\":\"https:\/\/secure.gravatar.com\/avatar\/47b944840caef41c736509a0d63698090bff37bcc0ea43fa61045285135ee4d5?s=96&d=mm&r=g\",\"url\":\"https:\/\/secure.gravatar.com\/avatar\/47b944840caef41c736509a0d63698090bff37bcc0ea43fa61045285135ee4d5?s=96&d=mm&r=g\",\"contentUrl\":\"https:\/\/secure.gravatar.com\/avatar\/47b944840caef41c736509a0d63698090bff37bcc0ea43fa61045285135ee4d5?s=96&d=mm&r=g\",\"caption\":\"Emilia Gustafsson\"},\"url\":\"https:\/\/www.morbylanga.se\/ungnytt\/author\/emilia-gustafsson\/\"}]}<\/script>\n<!-- \/ Yoast SEO plugin. -->","yoast_head_json":{"title":"Uppt\u00e4ck f\u00e5glarnas magiska v\u00e4rld p\u00e5 \u00d6land under p\u00e5sklovet! - UngNytt","robots":{"index":"index","follow":"follow","max-snippet":"max-snippet:-1","max-image-preview":"max-image-preview:large","max-video-preview":"max-video-preview:-1"},"canonical":"https:\/\/www.morbylanga.se\/ungnytt\/upptack-faglarnas-magiska-varld-pa-oland-under-pasklovet\/","og_locale":"sv_SE","og_type":"article","og_title":"Uppt\u00e4ck f\u00e5glarnas magiska v\u00e4rld p\u00e5 \u00d6land under p\u00e5sklovet! - UngNytt","og_description":"S\u00f6dra \u00d6land \u00e4r v\u00e4rldsk\u00e4nt f\u00f6r sitt rika f\u00e5gelliv. Varje \u00e5r passerar miljontals f\u00e5glar \u00f6n, och nu har du chansen att uppleva detta p\u00e5 n\u00e4ra h\u00e5ll! Vi arrangerar ett dagl\u00e4ger f\u00f6r dig som g\u00e5r p\u00e5 h\u00f6gstadiet eller gymnasiet. Under tv\u00e5 dagar kommer vi att bes\u00f6ka tv\u00e5 av \u00d6lands b\u00e4sta f\u00e5gellokaler: Ottenby och Beijershamn. Erfarna f\u00e5gelguider kommer [&hellip;]","og_url":"https:\/\/www.morbylanga.se\/ungnytt\/upptack-faglarnas-magiska-varld-pa-oland-under-pasklovet\/","og_site_name":"UngNytt","article_published_time":"2025-03-14T09:44:19+00:00","og_image":[{"width":2560,"height":1707,"url":"https:\/\/www.morbylanga.se\/ungnytt\/wp-content\/uploads\/2025\/03\/32051456-skrattmas-i-solnedgangen-vid-olandsbron-scaled.jpg","type":"image\/jpeg"}],"author":"Emilia Gustafsson","twitter_card":"summary_large_image","twitter_misc":{"Skriven av":"Emilia Gustafsson","Ber\u00e4knad l\u00e4stid":"2 minuter"},"schema":{"@context":"https:\/\/schema.org","@graph":[{"@type":"Article","@id":"https:\/\/www.morbylanga.se\/ungnytt\/upptack-faglarnas-magiska-varld-pa-oland-under-pasklovet\/#article","isPartOf":{"@id":"https:\/\/www.morbylanga.se\/ungnytt\/upptack-faglarnas-magiska-varld-pa-oland-under-pasklovet\/"},"author":{"name":"Emilia Gustafsson","@id":"https:\/\/www.morbylanga.se\/ungnytt\/#\/schema\/person\/85fa17ba36d9991cf2728a563e6b125e"},"headline":"Uppt\u00e4ck f\u00e5glarnas magiska v\u00e4rld p\u00e5 \u00d6land under p\u00e5sklovet!","datePublished":"2025-03-14T09:44:19+00:00","mainEntityOfPage":{"@id":"https:\/\/www.morbylanga.se\/ungnytt\/upptack-faglarnas-magiska-varld-pa-oland-under-pasklovet\/"},"wordCount":406,"commentCount":0,"image":{"@id":"https:\/\/www.morbylanga.se\/ungnytt\/upptack-faglarnas-magiska-varld-pa-oland-under-pasklovet\/#primaryimage"},"thumbnailUrl":"https:\/\/www.morbylanga.se\/ungnytt\/wp-content\/uploads\/2025\/03\/32051456-skrattmas-i-solnedgangen-vid-olandsbron-scaled.jpg","articleSection":["Nyhet"],"inLanguage":"sv-SE","potentialAction":[{"@type":"CommentAction","name":"Comment","target":["https:\/\/www.morbylanga.se\/ungnytt\/upptack-faglarnas-magiska-varld-pa-oland-under-pasklovet\/#respond"]}]},{"@type":"WebPage","@id":"https:\/\/www.morbylanga.se\/ungnytt\/upptack-faglarnas-magiska-varld-pa-oland-under-pasklovet\/","url":"https:\/\/www.morbylanga.se\/ungnytt\/upptack-faglarnas-magiska-varld-pa-oland-under-pasklovet\/","name":"Uppt\u00e4ck f\u00e5glarnas magiska v\u00e4rld p\u00e5 \u00d6land under p\u00e5sklovet! - UngNytt","isPartOf":{"@id":"https:\/\/www.morbylanga.se\/ungnytt\/#website"},"primaryImageOfPage":{"@id":"https:\/\/www.morbylanga.se\/ungnytt\/upptack-faglarnas-magiska-varld-pa-oland-under-pasklovet\/#primaryimage"},"image":{"@id":"https:\/\/www.morbylanga.se\/ungnytt\/upptack-faglarnas-magiska-varld-pa-oland-under-pasklovet\/#primaryimage"},"thumbnailUrl":"https:\/\/www.morbylanga.se\/ungnytt\/wp-content\/uploads\/2025\/03\/32051456-skrattmas-i-solnedgangen-vid-olandsbron-scaled.jpg","datePublished":"2025-03-14T09:44:19+00:00","author":{"@id":"https:\/\/www.morbylanga.se\/ungnytt\/#\/schema\/person\/85fa17ba36d9991cf2728a563e6b125e"},"breadcrumb":{"@id":"https:\/\/www.morbylanga.se\/ungnytt\/upptack-faglarnas-magiska-varld-pa-oland-under-pasklovet\/#breadcrumb"},"inLanguage":"sv-SE","potentialAction":[{"@type":"ReadAction","target":["https:\/\/www.morbylanga.se\/ungnytt\/upptack-faglarnas-magiska-varld-pa-oland-under-pasklovet\/"]}]},{"@type":"ImageObject","inLanguage":"sv-SE","@id":"https:\/\/www.morbylanga.se\/ungnytt\/upptack-faglarnas-magiska-varld-pa-oland-under-pasklovet\/#primaryimage","url":"https:\/\/www.morbylanga.se\/ungnytt\/wp-content\/uploads\/2025\/03\/32051456-skrattmas-i-solnedgangen-vid-olandsbron-scaled.jpg","contentUrl":"https:\/\/www.morbylanga.se\/ungnytt\/wp-content\/uploads\/2025\/03\/32051456-skrattmas-i-solnedgangen-vid-olandsbron-scaled.jpg","width":2560,"height":1707,"caption":"Skrattm\u00e5s i solnedg\u00e5ngen vid \u00d6landsbron"},{"@type":"BreadcrumbList","@id":"https:\/\/www.morbylanga.se\/ungnytt\/upptack-faglarnas-magiska-varld-pa-oland-under-pasklovet\/#breadcrumb","itemListElement":[{"@type":"ListItem","position":1,"name":"Hem","item":"https:\/\/www.morbylanga.se\/ungnytt\/"},{"@type":"ListItem","position":2,"name":"Uppt\u00e4ck f\u00e5glarnas magiska v\u00e4rld p\u00e5 \u00d6land under p\u00e5sklovet!"}]},{"@type":"WebSite","@id":"https:\/\/www.morbylanga.se\/ungnytt\/#website","url":"https:\/\/www.morbylanga.se\/ungnytt\/","name":"UngNytt","description":"Nyheter f\u00f6r och av unga i M\u00f6rbyl\u00e5nga kommun","potentialAction":[{"@type":"SearchAction","target":{"@type":"EntryPoint","urlTemplate":"https:\/\/www.morbylanga.se\/ungnytt\/?s={search_term_string}"},"query-input":{"@type":"PropertyValueSpecification","valueRequired":true,"valueName":"search_term_string"}}],"inLanguage":"sv-SE"},{"@type":"Person","@id":"https:\/\/www.morbylanga.se\/ungnytt\/#\/schema\/person\/85fa17ba36d9991cf2728a563e6b125e","name":"Emilia Gustafsson","image":{"@type":"ImageObject","inLanguage":"sv-SE","@id":"https:\/\/secure.gravatar.com\/avatar\/47b944840caef41c736509a0d63698090bff37bcc0ea43fa61045285135ee4d5?s=96&d=mm&r=g","url":"https:\/\/secure.gravatar.com\/avatar\/47b944840caef41c736509a0d63698090bff37bcc0ea43fa61045285135ee4d5?s=96&d=mm&r=g","contentUrl":"https:\/\/secure.gravatar.com\/avatar\/47b944840caef41c736509a0d63698090bff37bcc0ea43fa61045285135ee4d5?s=96&d=mm&r=g","caption":"Emilia Gustafsson"},"url":"https:\/\/www.morbylanga.se\/ungnytt\/author\/emilia-gustafsson\/"}]}},"primary_category":{"term_id":1,"name":"Nyhet","slug":"nyhet","term_group":0,"term_taxonomy_id":1,"taxonomy":"category","description":"Nyhetsartiklar presenterar objektivt aktuella h\u00e4ndelser och nyheter. De ger vanligtvis information om vem, vad, var, n\u00e4r och varf\u00f6r h\u00e4ndelsen \u00e4gde rum. Nyhetsartiklar fokuserar p\u00e5 att rapportera fakta utan att inkludera personliga \u00e5sikter eller tolkningar.","parent":0,"count":49,"filter":"raw"},"_links":{"self":[{"href":"https:\/\/www.morbylanga.se\/ungnytt\/wp-json\/wp\/v2\/posts\/1199","targetHints":{"allow":["GET"]}}],"collection":[{"href":"https:\/\/www.morbylanga.se\/ungnytt\/wp-json\/wp\/v2\/posts"}],"about":[{"href":"https:\/\/www.morbylanga.se\/ungnytt\/wp-json\/wp\/v2\/types\/post"}],"author":[{"embeddable":true,"href":"https:\/\/www.morbylanga.se\/ungnytt\/wp-json\/wp\/v2\/users\/3"}],"replies":[{"embeddable":true,"href":"https:\/\/www.morbylanga.se\/ungnytt\/wp-json\/wp\/v2\/comments?post=1199"}],"version-history":[{"count":1,"href":"https:\/\/www.morbylanga.se\/ungnytt\/wp-json\/wp\/v2\/posts\/1199\/revisions"}],"predecessor-version":[{"id":1201,"href":"https:\/\/www.morbylanga.se\/ungnytt\/wp-json\/wp\/v2\/posts\/1199\/revisions\/1201"}],"wp:featuredmedia":[{"embeddable":true,"href":"https:\/\/www.morbylanga.se\/ungnytt\/wp-json\/wp\/v2\/media\/1200"}],"wp:attachment":[{"href":"https:\/\/www.morbylanga.se\/ungnytt\/wp-json\/wp\/v2\/media?parent=1199"}],"wp:term":[{"taxonomy":"category","embeddable":true,"href":"https:\/\/www.morbylanga.se\/ungnytt\/wp-json\/wp\/v2\/categories?post=1199"}],"curies":[{"name":"wp","href":"https:\/\/api.w.org\/{rel}","templated":true}]}}