{"id":1126,"date":"2025-02-06T09:21:06","date_gmt":"2025-02-06T08:21:06","guid":{"rendered":"https:\/\/www.morbylanga.se\/ungnytt\/?p=1126"},"modified":"2025-02-06T09:28:34","modified_gmt":"2025-02-06T08:28:34","slug":"viktig-information-stod-och-hjalp-efter-handelsen-i-orebro","status":"publish","type":"post","link":"https:\/\/www.morbylanga.se\/ungnytt\/viktig-information-stod-och-hjalp-efter-handelsen-i-orebro\/","title":{"rendered":"Viktig information \u2013 st\u00f6d och hj\u00e4lp efter h\u00e4ndelsen i \u00d6rebro"},"content":{"rendered":"<p>Om du k\u00e4nner dig ledsen eller orolig \u00e4r det viktigt att prata om det. V\u00e5ga dela dina tankar med en v\u00e4n, f\u00f6r\u00e4lder eller n\u00e5gon vuxen du litar p\u00e5. Det kan ocks\u00e5 vara sk\u00f6nt att ta en paus fr\u00e5n nyheter och sociala medier om allt k\u00e4nns \u00f6verv\u00e4ldigande.<\/p>\n<p>I M\u00f6rbyl\u00e5nga kommun finns st\u00f6d att f\u00e5. Elevh\u00e4lsan och skolpersonalen \u00e4r h\u00e4r f\u00f6r dig om du beh\u00f6ver n\u00e5gon att prata med. Prata med din l\u00e4rare eller n\u00e5gon vuxen p\u00e5 skolan. Kanske ser du polisen mer i kommunen \u2013 det \u00e4r f\u00f6r att \u00f6ka tryggheten. Det finns inget hot, men de \u00e4r d\u00e4r f\u00f6r att g\u00f6ra oss alla tryggare.<\/p>\n<p>Under m\u00e5ndagen flaggade vi p\u00e5 halv st\u00e5ng f\u00f6r att visa v\u00e5r respekt och v\u00e5rt deltagande.<\/p>\n<div class=\"block block-text background-light1\">\n<p><strong>Om du beh\u00f6ver st\u00f6d eller har fr\u00e5gor, finns hj\u00e4lp att f\u00e5 h\u00e4r:<\/strong><\/p>\n<ul>\n<li style=\"list-style-type: none;\">\n<ul>\n<li><strong>Krisinformation.se \u2013\u00a0<\/strong><a href=\"https:\/\/www.krisinformation.se\/\" target=\"_blank\" rel=\"noopener\">Krisinformation fr\u00e5n svenska myndigheter<\/a><\/li>\n<li><strong>Lilla Krisinformation<\/strong>\u00a0\u2013\u00a0<a href=\"https:\/\/lilla.krisinformation.se\/lilla-krisinfo-forklarar\/skolattacker\" target=\"_blank\" rel=\"noreferrer noopener\">Om skolattacker och hur man kan hantera dem<\/a><\/li>\n<li><strong>Lilla Krisinformation<\/strong>\u00a0\u2013\u00a0<a href=\"https:\/\/lilla.krisinformation.se\/hander-just-nu\/skolskjutning-orebro\" target=\"_blank\" rel=\"noreferrer noopener\">Personer skjutna p\u00e5 skola i \u00d6rebro<\/a><\/li>\n<li><strong>R\u00e4dda Barnen<\/strong>\u00a0\u2013\u00a0<a href=\"https:\/\/www.raddabarnen.se\/rad-och-kunskap\/arbetar-med-barn\/lugna-lyssna-stark\/?fbclid=IwZXh0bgNhZW0CMTAAAR1QalMqqROSyEYMNXork2X_iQFAatEWwn2KMnnVsCnp7SAvy7-ZGDqvZU4_aem_d3lhH--k6dR-P8T4VmpBww\" target=\"_blank\" rel=\"noreferrer noopener\">St\u00f6d f\u00f6r att lugna, lyssna och st\u00e4rka barn i kris<\/a><\/li>\n<li><strong>R\u00f6da Korset<\/strong>\u00a0\u2013\u00a0<a href=\"https:\/\/www.rodakorset.se\/var-hjalp-i-sverige\/psykisk-halsa-och-psykisk-ohalsa\/?fbclid=IwZXh0bgNhZW0CMTAAAR1QalMqqROSyEYMNXork2X_iQFAatEWwn2KMnnVsCnp7SAvy7-ZGDqvZU4_aem_d3lhH--k6dR-P8T4VmpBww\" target=\"_blank\" rel=\"noreferrer noopener\">Psykisk h\u00e4lsa och st\u00f6d vid kris<\/a><\/li>\n<li><strong>Bris<\/strong>\u00a0\u2013\u00a0<a id=\"menur1tk\" class=\"fui-Link ___1q1shib f2hkw1w f3rmtva f1ewtqcl fyind8e f1k6fduh f1w7gpdv fk6fouc fjoy568 figsok6 f1s184ao f1mk8lai fnbmjn9 f1o700av f13mvf36 f1cmlufx f9n3di6 f1ids18y f1tx3yz7 f1deo86v f1eh06m1 f1iescvh fhgqx19 f1olyrje f1p93eir f1nev41a f1h8hb77 f1lqvz6u f10aw75t fsle3fq f17ae5zn\" title=\"https:\/\/www.bris.se\/?pageid=189\" href=\"https:\/\/www.bris.se\/?pageID=189\" target=\"_blank\" rel=\"noreferrer noopener\" aria-label=\"L\u00e4nk Hj\u00e4lp och st\u00f6d f\u00f6r barn och unga\">Hj\u00e4lp och st\u00f6d f\u00f6r barn och unga<\/a><\/li>\n<\/ul>\n<\/li>\n<\/ul>\n<\/div>\n","protected":false},"excerpt":{"rendered":"<p>Om du k\u00e4nner dig ledsen eller orolig \u00e4r det viktigt att prata om det. V\u00e5ga dela dina tankar med en v\u00e4n, f\u00f6r\u00e4lder eller n\u00e5gon vuxen du litar p\u00e5. Det kan ocks\u00e5 vara sk\u00f6nt att ta en paus fr\u00e5n nyheter och sociala medier om allt k\u00e4nns \u00f6verv\u00e4ldigande. I M\u00f6rbyl\u00e5nga kommun finns st\u00f6d att f\u00e5. Elevh\u00e4lsan och [&hellip;]<\/p>\n","protected":false},"author":2,"featured_media":180,"comment_status":"open","ping_status":"open","sticky":false,"template":"","format":"standard","meta":{"_acf_changed":false,"footnotes":""},"categories":[1],"class_list":["post-1126","post","type-post","status-publish","format-standard","has-post-thumbnail","hentry","category-nyhet"],"acf":{"news_thumbnail_video":"","show_news_thumbnail_in_post":true,"news_related_content_title":"Relaterat inneh\u00e5ll","news_related_content":[1128],"preamble":"Den tragiska h\u00e4ndelsen p\u00e5 Risbergska skolan i \u00d6rebro har ber\u00f6rt m\u00e5nga, och v\u00e5ra tankar g\u00e5r till alla drabbade och deras anh\u00f6riga. N\u00e4r n\u00e5got s\u00e5nt h\u00e4r h\u00e4nder kan det v\u00e4cka starka k\u00e4nslor, som oro, r\u00e4dsla eller sorg \u2013 och det \u00e4r helt naturligt."},"yoast_head":"<!-- This site is optimized with the Yoast SEO plugin v27.2 - https:\/\/yoast.com\/product\/yoast-seo-wordpress\/ -->\n<title>Viktig information \u2013 st\u00f6d och hj\u00e4lp efter h\u00e4ndelsen i \u00d6rebro - UngNytt<\/title>\n<meta name=\"description\" content=\"Om du k\u00e4nner dig ledsen eller orolig \u00e4r det viktigt att prata om det. V\u00e5ga dela dina tankar med en v\u00e4n, f\u00f6r\u00e4lder eller n\u00e5gon vuxen du litar p\u00e5.\" \/>\n<meta name=\"robots\" content=\"index, follow, max-snippet:-1, max-image-preview:large, max-video-preview:-1\" \/>\n<link rel=\"canonical\" href=\"https:\/\/www.morbylanga.se\/ungnytt\/viktig-information-stod-och-hjalp-efter-handelsen-i-orebro\/\" \/>\n<meta property=\"og:locale\" content=\"sv_SE\" \/>\n<meta property=\"og:type\" content=\"article\" \/>\n<meta property=\"og:title\" content=\"Viktig information \u2013 st\u00f6d och hj\u00e4lp efter h\u00e4ndelsen i \u00d6rebro - UngNytt\" \/>\n<meta property=\"og:description\" content=\"Om du k\u00e4nner dig ledsen eller orolig \u00e4r det viktigt att prata om det. V\u00e5ga dela dina tankar med en v\u00e4n, f\u00f6r\u00e4lder eller n\u00e5gon vuxen du litar p\u00e5.\" \/>\n<meta property=\"og:url\" content=\"https:\/\/www.morbylanga.se\/ungnytt\/viktig-information-stod-och-hjalp-efter-handelsen-i-orebro\/\" \/>\n<meta property=\"og:site_name\" content=\"UngNytt\" \/>\n<meta property=\"article:published_time\" content=\"2025-02-06T08:21:06+00:00\" \/>\n<meta property=\"article:modified_time\" content=\"2025-02-06T08:28:34+00:00\" \/>\n<meta property=\"og:image\" content=\"https:\/\/www.morbylanga.se\/ungnytt\/wp-content\/uploads\/2024\/02\/f9575593rf-original-1122127-1024x683.jpg\" \/>\n\t<meta property=\"og:image:width\" content=\"1024\" \/>\n\t<meta property=\"og:image:height\" content=\"683\" \/>\n\t<meta property=\"og:image:type\" content=\"image\/jpeg\" \/>\n<meta name=\"author\" content=\"Matilda Hildingsson\" \/>\n<meta name=\"twitter:card\" content=\"summary_large_image\" \/>\n<meta name=\"twitter:label1\" content=\"Skriven av\" \/>\n\t<meta name=\"twitter:data1\" content=\"Matilda Hildingsson\" \/>\n\t<meta name=\"twitter:label2\" content=\"Ber\u00e4knad l\u00e4stid\" \/>\n\t<meta name=\"twitter:data2\" content=\"2 minuter\" \/>\n<script type=\"application\/ld+json\" class=\"yoast-schema-graph\">{\"@context\":\"https:\/\/schema.org\",\"@graph\":[{\"@type\":\"Article\",\"@id\":\"https:\/\/www.morbylanga.se\/ungnytt\/viktig-information-stod-och-hjalp-efter-handelsen-i-orebro\/#article\",\"isPartOf\":{\"@id\":\"https:\/\/www.morbylanga.se\/ungnytt\/viktig-information-stod-och-hjalp-efter-handelsen-i-orebro\/\"},\"author\":{\"name\":\"Matilda Hildingsson\",\"@id\":\"https:\/\/www.morbylanga.se\/ungnytt\/#\/schema\/person\/82a2e0484000f3af59a54befaca994b0\"},\"headline\":\"Viktig information \u2013 st\u00f6d och hj\u00e4lp efter h\u00e4ndelsen i \u00d6rebro\",\"datePublished\":\"2025-02-06T08:21:06+00:00\",\"dateModified\":\"2025-02-06T08:28:34+00:00\",\"mainEntityOfPage\":{\"@id\":\"https:\/\/www.morbylanga.se\/ungnytt\/viktig-information-stod-och-hjalp-efter-handelsen-i-orebro\/\"},\"wordCount\":239,\"commentCount\":0,\"image\":{\"@id\":\"https:\/\/www.morbylanga.se\/ungnytt\/viktig-information-stod-och-hjalp-efter-handelsen-i-orebro\/#primaryimage\"},\"thumbnailUrl\":\"https:\/\/www.morbylanga.se\/ungnytt\/wp-content\/uploads\/2024\/02\/f9575593rf-original-1122127.jpg\",\"articleSection\":[\"Nyhet\"],\"inLanguage\":\"sv-SE\",\"potentialAction\":[{\"@type\":\"CommentAction\",\"name\":\"Comment\",\"target\":[\"https:\/\/www.morbylanga.se\/ungnytt\/viktig-information-stod-och-hjalp-efter-handelsen-i-orebro\/#respond\"]}]},{\"@type\":\"WebPage\",\"@id\":\"https:\/\/www.morbylanga.se\/ungnytt\/viktig-information-stod-och-hjalp-efter-handelsen-i-orebro\/\",\"url\":\"https:\/\/www.morbylanga.se\/ungnytt\/viktig-information-stod-och-hjalp-efter-handelsen-i-orebro\/\",\"name\":\"Viktig information \u2013 st\u00f6d och hj\u00e4lp efter h\u00e4ndelsen i \u00d6rebro - UngNytt\",\"isPartOf\":{\"@id\":\"https:\/\/www.morbylanga.se\/ungnytt\/#website\"},\"primaryImageOfPage\":{\"@id\":\"https:\/\/www.morbylanga.se\/ungnytt\/viktig-information-stod-och-hjalp-efter-handelsen-i-orebro\/#primaryimage\"},\"image\":{\"@id\":\"https:\/\/www.morbylanga.se\/ungnytt\/viktig-information-stod-och-hjalp-efter-handelsen-i-orebro\/#primaryimage\"},\"thumbnailUrl\":\"https:\/\/www.morbylanga.se\/ungnytt\/wp-content\/uploads\/2024\/02\/f9575593rf-original-1122127.jpg\",\"datePublished\":\"2025-02-06T08:21:06+00:00\",\"dateModified\":\"2025-02-06T08:28:34+00:00\",\"author\":{\"@id\":\"https:\/\/www.morbylanga.se\/ungnytt\/#\/schema\/person\/82a2e0484000f3af59a54befaca994b0\"},\"description\":\"Om du k\u00e4nner dig ledsen eller orolig \u00e4r det viktigt att prata om det. V\u00e5ga dela dina tankar med en v\u00e4n, f\u00f6r\u00e4lder eller n\u00e5gon vuxen du litar p\u00e5.\",\"breadcrumb\":{\"@id\":\"https:\/\/www.morbylanga.se\/ungnytt\/viktig-information-stod-och-hjalp-efter-handelsen-i-orebro\/#breadcrumb\"},\"inLanguage\":\"sv-SE\",\"potentialAction\":[{\"@type\":\"ReadAction\",\"target\":[\"https:\/\/www.morbylanga.se\/ungnytt\/viktig-information-stod-och-hjalp-efter-handelsen-i-orebro\/\"]}]},{\"@type\":\"ImageObject\",\"inLanguage\":\"sv-SE\",\"@id\":\"https:\/\/www.morbylanga.se\/ungnytt\/viktig-information-stod-och-hjalp-efter-handelsen-i-orebro\/#primaryimage\",\"url\":\"https:\/\/www.morbylanga.se\/ungnytt\/wp-content\/uploads\/2024\/02\/f9575593rf-original-1122127.jpg\",\"contentUrl\":\"https:\/\/www.morbylanga.se\/ungnytt\/wp-content\/uploads\/2024\/02\/f9575593rf-original-1122127.jpg\",\"width\":2500,\"height\":1667,\"caption\":\"Ung person samtalar med en vuxen kvinna.\"},{\"@type\":\"BreadcrumbList\",\"@id\":\"https:\/\/www.morbylanga.se\/ungnytt\/viktig-information-stod-och-hjalp-efter-handelsen-i-orebro\/#breadcrumb\",\"itemListElement\":[{\"@type\":\"ListItem\",\"position\":1,\"name\":\"Hem\",\"item\":\"https:\/\/www.morbylanga.se\/ungnytt\/\"},{\"@type\":\"ListItem\",\"position\":2,\"name\":\"Viktig information \u2013 st\u00f6d och hj\u00e4lp efter h\u00e4ndelsen i \u00d6rebro\"}]},{\"@type\":\"WebSite\",\"@id\":\"https:\/\/www.morbylanga.se\/ungnytt\/#website\",\"url\":\"https:\/\/www.morbylanga.se\/ungnytt\/\",\"name\":\"UngNytt\",\"description\":\"Nyheter f\u00f6r och av unga i M\u00f6rbyl\u00e5nga kommun\",\"potentialAction\":[{\"@type\":\"SearchAction\",\"target\":{\"@type\":\"EntryPoint\",\"urlTemplate\":\"https:\/\/www.morbylanga.se\/ungnytt\/?s={search_term_string}\"},\"query-input\":{\"@type\":\"PropertyValueSpecification\",\"valueRequired\":true,\"valueName\":\"search_term_string\"}}],\"inLanguage\":\"sv-SE\"},{\"@type\":\"Person\",\"@id\":\"https:\/\/www.morbylanga.se\/ungnytt\/#\/schema\/person\/82a2e0484000f3af59a54befaca994b0\",\"name\":\"Matilda Hildingsson\",\"image\":{\"@type\":\"ImageObject\",\"inLanguage\":\"sv-SE\",\"@id\":\"https:\/\/secure.gravatar.com\/avatar\/a9a9720d8381fae775fcb00a1b0ef7c82645a47eb74c9171231f34016604b716?s=96&d=mm&r=g\",\"url\":\"https:\/\/secure.gravatar.com\/avatar\/a9a9720d8381fae775fcb00a1b0ef7c82645a47eb74c9171231f34016604b716?s=96&d=mm&r=g\",\"contentUrl\":\"https:\/\/secure.gravatar.com\/avatar\/a9a9720d8381fae775fcb00a1b0ef7c82645a47eb74c9171231f34016604b716?s=96&d=mm&r=g\",\"caption\":\"Matilda Hildingsson\"},\"url\":\"https:\/\/www.morbylanga.se\/ungnytt\/author\/matilda_hildingsson\/\"}]}<\/script>\n<!-- \/ Yoast SEO plugin. -->","yoast_head_json":{"title":"Viktig information \u2013 st\u00f6d och hj\u00e4lp efter h\u00e4ndelsen i \u00d6rebro - UngNytt","description":"Om du k\u00e4nner dig ledsen eller orolig \u00e4r det viktigt att prata om det. V\u00e5ga dela dina tankar med en v\u00e4n, f\u00f6r\u00e4lder eller n\u00e5gon vuxen du litar p\u00e5.","robots":{"index":"index","follow":"follow","max-snippet":"max-snippet:-1","max-image-preview":"max-image-preview:large","max-video-preview":"max-video-preview:-1"},"canonical":"https:\/\/www.morbylanga.se\/ungnytt\/viktig-information-stod-och-hjalp-efter-handelsen-i-orebro\/","og_locale":"sv_SE","og_type":"article","og_title":"Viktig information \u2013 st\u00f6d och hj\u00e4lp efter h\u00e4ndelsen i \u00d6rebro - UngNytt","og_description":"Om du k\u00e4nner dig ledsen eller orolig \u00e4r det viktigt att prata om det. V\u00e5ga dela dina tankar med en v\u00e4n, f\u00f6r\u00e4lder eller n\u00e5gon vuxen du litar p\u00e5.","og_url":"https:\/\/www.morbylanga.se\/ungnytt\/viktig-information-stod-och-hjalp-efter-handelsen-i-orebro\/","og_site_name":"UngNytt","article_published_time":"2025-02-06T08:21:06+00:00","article_modified_time":"2025-02-06T08:28:34+00:00","og_image":[{"width":1024,"height":683,"url":"https:\/\/www.morbylanga.se\/ungnytt\/wp-content\/uploads\/2024\/02\/f9575593rf-original-1122127-1024x683.jpg","type":"image\/jpeg"}],"author":"Matilda Hildingsson","twitter_card":"summary_large_image","twitter_misc":{"Skriven av":"Matilda Hildingsson","Ber\u00e4knad l\u00e4stid":"2 minuter"},"schema":{"@context":"https:\/\/schema.org","@graph":[{"@type":"Article","@id":"https:\/\/www.morbylanga.se\/ungnytt\/viktig-information-stod-och-hjalp-efter-handelsen-i-orebro\/#article","isPartOf":{"@id":"https:\/\/www.morbylanga.se\/ungnytt\/viktig-information-stod-och-hjalp-efter-handelsen-i-orebro\/"},"author":{"name":"Matilda Hildingsson","@id":"https:\/\/www.morbylanga.se\/ungnytt\/#\/schema\/person\/82a2e0484000f3af59a54befaca994b0"},"headline":"Viktig information \u2013 st\u00f6d och hj\u00e4lp efter h\u00e4ndelsen i \u00d6rebro","datePublished":"2025-02-06T08:21:06+00:00","dateModified":"2025-02-06T08:28:34+00:00","mainEntityOfPage":{"@id":"https:\/\/www.morbylanga.se\/ungnytt\/viktig-information-stod-och-hjalp-efter-handelsen-i-orebro\/"},"wordCount":239,"commentCount":0,"image":{"@id":"https:\/\/www.morbylanga.se\/ungnytt\/viktig-information-stod-och-hjalp-efter-handelsen-i-orebro\/#primaryimage"},"thumbnailUrl":"https:\/\/www.morbylanga.se\/ungnytt\/wp-content\/uploads\/2024\/02\/f9575593rf-original-1122127.jpg","articleSection":["Nyhet"],"inLanguage":"sv-SE","potentialAction":[{"@type":"CommentAction","name":"Comment","target":["https:\/\/www.morbylanga.se\/ungnytt\/viktig-information-stod-och-hjalp-efter-handelsen-i-orebro\/#respond"]}]},{"@type":"WebPage","@id":"https:\/\/www.morbylanga.se\/ungnytt\/viktig-information-stod-och-hjalp-efter-handelsen-i-orebro\/","url":"https:\/\/www.morbylanga.se\/ungnytt\/viktig-information-stod-och-hjalp-efter-handelsen-i-orebro\/","name":"Viktig information \u2013 st\u00f6d och hj\u00e4lp efter h\u00e4ndelsen i \u00d6rebro - UngNytt","isPartOf":{"@id":"https:\/\/www.morbylanga.se\/ungnytt\/#website"},"primaryImageOfPage":{"@id":"https:\/\/www.morbylanga.se\/ungnytt\/viktig-information-stod-och-hjalp-efter-handelsen-i-orebro\/#primaryimage"},"image":{"@id":"https:\/\/www.morbylanga.se\/ungnytt\/viktig-information-stod-och-hjalp-efter-handelsen-i-orebro\/#primaryimage"},"thumbnailUrl":"https:\/\/www.morbylanga.se\/ungnytt\/wp-content\/uploads\/2024\/02\/f9575593rf-original-1122127.jpg","datePublished":"2025-02-06T08:21:06+00:00","dateModified":"2025-02-06T08:28:34+00:00","author":{"@id":"https:\/\/www.morbylanga.se\/ungnytt\/#\/schema\/person\/82a2e0484000f3af59a54befaca994b0"},"description":"Om du k\u00e4nner dig ledsen eller orolig \u00e4r det viktigt att prata om det. V\u00e5ga dela dina tankar med en v\u00e4n, f\u00f6r\u00e4lder eller n\u00e5gon vuxen du litar p\u00e5.","breadcrumb":{"@id":"https:\/\/www.morbylanga.se\/ungnytt\/viktig-information-stod-och-hjalp-efter-handelsen-i-orebro\/#breadcrumb"},"inLanguage":"sv-SE","potentialAction":[{"@type":"ReadAction","target":["https:\/\/www.morbylanga.se\/ungnytt\/viktig-information-stod-och-hjalp-efter-handelsen-i-orebro\/"]}]},{"@type":"ImageObject","inLanguage":"sv-SE","@id":"https:\/\/www.morbylanga.se\/ungnytt\/viktig-information-stod-och-hjalp-efter-handelsen-i-orebro\/#primaryimage","url":"https:\/\/www.morbylanga.se\/ungnytt\/wp-content\/uploads\/2024\/02\/f9575593rf-original-1122127.jpg","contentUrl":"https:\/\/www.morbylanga.se\/ungnytt\/wp-content\/uploads\/2024\/02\/f9575593rf-original-1122127.jpg","width":2500,"height":1667,"caption":"Ung person samtalar med en vuxen kvinna."},{"@type":"BreadcrumbList","@id":"https:\/\/www.morbylanga.se\/ungnytt\/viktig-information-stod-och-hjalp-efter-handelsen-i-orebro\/#breadcrumb","itemListElement":[{"@type":"ListItem","position":1,"name":"Hem","item":"https:\/\/www.morbylanga.se\/ungnytt\/"},{"@type":"ListItem","position":2,"name":"Viktig information \u2013 st\u00f6d och hj\u00e4lp efter h\u00e4ndelsen i \u00d6rebro"}]},{"@type":"WebSite","@id":"https:\/\/www.morbylanga.se\/ungnytt\/#website","url":"https:\/\/www.morbylanga.se\/ungnytt\/","name":"UngNytt","description":"Nyheter f\u00f6r och av unga i M\u00f6rbyl\u00e5nga kommun","potentialAction":[{"@type":"SearchAction","target":{"@type":"EntryPoint","urlTemplate":"https:\/\/www.morbylanga.se\/ungnytt\/?s={search_term_string}"},"query-input":{"@type":"PropertyValueSpecification","valueRequired":true,"valueName":"search_term_string"}}],"inLanguage":"sv-SE"},{"@type":"Person","@id":"https:\/\/www.morbylanga.se\/ungnytt\/#\/schema\/person\/82a2e0484000f3af59a54befaca994b0","name":"Matilda Hildingsson","image":{"@type":"ImageObject","inLanguage":"sv-SE","@id":"https:\/\/secure.gravatar.com\/avatar\/a9a9720d8381fae775fcb00a1b0ef7c82645a47eb74c9171231f34016604b716?s=96&d=mm&r=g","url":"https:\/\/secure.gravatar.com\/avatar\/a9a9720d8381fae775fcb00a1b0ef7c82645a47eb74c9171231f34016604b716?s=96&d=mm&r=g","contentUrl":"https:\/\/secure.gravatar.com\/avatar\/a9a9720d8381fae775fcb00a1b0ef7c82645a47eb74c9171231f34016604b716?s=96&d=mm&r=g","caption":"Matilda Hildingsson"},"url":"https:\/\/www.morbylanga.se\/ungnytt\/author\/matilda_hildingsson\/"}]}},"primary_category":{"term_id":1,"name":"Nyhet","slug":"nyhet","term_group":0,"term_taxonomy_id":1,"taxonomy":"category","description":"Nyhetsartiklar presenterar objektivt aktuella h\u00e4ndelser och nyheter. De ger vanligtvis information om vem, vad, var, n\u00e4r och varf\u00f6r h\u00e4ndelsen \u00e4gde rum. Nyhetsartiklar fokuserar p\u00e5 att rapportera fakta utan att inkludera personliga \u00e5sikter eller tolkningar.","parent":0,"count":49,"filter":"raw"},"_links":{"self":[{"href":"https:\/\/www.morbylanga.se\/ungnytt\/wp-json\/wp\/v2\/posts\/1126","targetHints":{"allow":["GET"]}}],"collection":[{"href":"https:\/\/www.morbylanga.se\/ungnytt\/wp-json\/wp\/v2\/posts"}],"about":[{"href":"https:\/\/www.morbylanga.se\/ungnytt\/wp-json\/wp\/v2\/types\/post"}],"author":[{"embeddable":true,"href":"https:\/\/www.morbylanga.se\/ungnytt\/wp-json\/wp\/v2\/users\/2"}],"replies":[{"embeddable":true,"href":"https:\/\/www.morbylanga.se\/ungnytt\/wp-json\/wp\/v2\/comments?post=1126"}],"version-history":[{"count":6,"href":"https:\/\/www.morbylanga.se\/ungnytt\/wp-json\/wp\/v2\/posts\/1126\/revisions"}],"predecessor-version":[{"id":1139,"href":"https:\/\/www.morbylanga.se\/ungnytt\/wp-json\/wp\/v2\/posts\/1126\/revisions\/1139"}],"acf:post":[{"embeddable":true,"href":"https:\/\/www.morbylanga.se\/ungnytt\/wp-json\/wp\/v2\/posts\/1128"}],"wp:featuredmedia":[{"embeddable":true,"href":"https:\/\/www.morbylanga.se\/ungnytt\/wp-json\/wp\/v2\/media\/180"}],"wp:attachment":[{"href":"https:\/\/www.morbylanga.se\/ungnytt\/wp-json\/wp\/v2\/media?parent=1126"}],"wp:term":[{"taxonomy":"category","embeddable":true,"href":"https:\/\/www.morbylanga.se\/ungnytt\/wp-json\/wp\/v2\/categories?post=1126"}],"curies":[{"name":"wp","href":"https:\/\/api.w.org\/{rel}","templated":true}]}}