{"id":1119,"date":"2025-02-04T15:31:40","date_gmt":"2025-02-04T14:31:40","guid":{"rendered":"https:\/\/www.morbylanga.se\/ungnytt\/?p=1119"},"modified":"2025-02-06T09:23:55","modified_gmt":"2025-02-06T08:23:55","slug":"fritidsgardskampen-tillbaka-pa-sportlovet-anmalan-oppen","status":"publish","type":"post","link":"https:\/\/www.morbylanga.se\/ungnytt\/fritidsgardskampen-tillbaka-pa-sportlovet-anmalan-oppen\/","title":{"rendered":"Fritidsg\u00e5rdskampen tillbaka p\u00e5 sportlovet &#8211; anm\u00e4lan \u00f6ppen"},"content":{"rendered":"<p><strong>Tider f\u00f6r mellanstadiet: <\/strong>\u00c5rskurs 4-6 spelar turneringen tisdag 18\/2 08.30-16.00 i Skansenhallen.<br \/>\n<strong>Tider f\u00f6r H\u00f6gstadiet: <\/strong>\u00c5rskurs 7-9 spelar onsdag 19\/2 13.30-22.00<br \/>\n<strong>Sista anm\u00e4lningsdatum: <\/strong>12\/2 23.00<br \/>\n<strong>Antal spelare p\u00e5 plan:<\/strong> 4 utespelare + m\u00e5lvakt.<br \/>\n<strong>Antal spelare per lag:<\/strong> Max 10 spelare\/lag + fyra ledare.<br \/>\n<strong>Speltid:<\/strong> Anpassas till antal anm\u00e4lda lag.<br \/>\n<strong>Generella regler:<\/strong> Krav p\u00e5 benskydd och inomhusskor. Fritidsg\u00e5rdens regler g\u00e4ller och g\u00e5s igenom f\u00f6re matchstart.<br \/>\n<strong>Viktigt:<\/strong> Aktiviteten \u00e4r alkohol- , tobak- och drogfri. G\u00e4ller \u00e4ven ALL typ av energidryck.<\/p>\n<p><strong>\u00d6vrig information:\u00a0<\/strong><br \/>\nEndast lagkapten anm\u00e4ler laget. Samtliga i laget fyller i lagrapport p\u00e5 plats.<br \/>\nUpph\u00e4mtning + avl\u00e4mning erbjuds via f\u00f6ranm\u00e4lan.<br \/>\nKiosk finns p\u00e5 plats och erbjuder l\u00e4ttare f\u00f6rt\u00e4ring.<\/p>\n<p>Fullst\u00e4ndig information hittar du via anm\u00e4lningsl\u00e4nken <a href=\"https:\/\/esmaker.net\/nx2\/s.aspx?id=d79dd34d31b9\">Fritidsg\u00e5rdskampen 2025<\/a><\/p>\n<p><img decoding=\"async\" class=\"aligncenter size-full wp-image-1121\" src=\"https:\/\/www.morbylanga.se\/ungnytt\/wp-content\/uploads\/2025\/02\/fotbollsturnering-affisch-1-1-e1738680150144.jpg\" alt=\"\" width=\"810\" height=\"1080\" \/><\/p>\n","protected":false},"excerpt":{"rendered":"<p>Tider f\u00f6r mellanstadiet: \u00c5rskurs 4-6 spelar turneringen tisdag 18\/2 08.30-16.00 i Skansenhallen. Tider f\u00f6r H\u00f6gstadiet: \u00c5rskurs 7-9 spelar onsdag 19\/2 13.30-22.00 Sista anm\u00e4lningsdatum: 12\/2 23.00 Antal spelare p\u00e5 plan: 4 utespelare + m\u00e5lvakt. Antal spelare per lag: Max 10 spelare\/lag + fyra ledare. Speltid: Anpassas till antal anm\u00e4lda lag. Generella regler: Krav p\u00e5 benskydd och [&hellip;]<\/p>\n","protected":false},"author":5,"featured_media":1123,"comment_status":"open","ping_status":"open","sticky":false,"template":"","format":"standard","meta":{"_acf_changed":false,"footnotes":""},"categories":[27],"class_list":["post-1119","post","type-post","status-publish","format-standard","has-post-thumbnail","hentry","category-fritidsgarden"],"acf":{"news_thumbnail_video":"","show_news_thumbnail_in_post":true,"news_related_content_title":"Relaterat inneh\u00e5ll","news_related_content":"","preamble":"F\u00f6rra \u00e5ret blev det en sp\u00e4nnande fotbollsturnering med mycket gl\u00e4dje, i \u00e5r vill vi p\u00e5 fritidsg\u00e5rdarna upprepa det. Nedan tar ni del av n\u00f6dv\u00e4ndig information g\u00e4llande hur ni anm\u00e4ler er och vad som g\u00e4ller f\u00f6r de olika dagarna."},"yoast_head":"<!-- This site is optimized with the Yoast SEO plugin v27.2 - https:\/\/yoast.com\/product\/yoast-seo-wordpress\/ -->\n<title>Fritidsg\u00e5rdskampen tillbaka p\u00e5 sportlovet - anm\u00e4lan \u00f6ppen - UngNytt<\/title>\n<meta name=\"description\" content=\"Fritidsg\u00e5rden i M\u00f6rbyl\u00e5nga arrangerar fotbollscup under sportlovet vecka 8.\" \/>\n<meta name=\"robots\" content=\"index, follow, max-snippet:-1, max-image-preview:large, max-video-preview:-1\" \/>\n<link rel=\"canonical\" href=\"https:\/\/www.morbylanga.se\/ungnytt\/fritidsgardskampen-tillbaka-pa-sportlovet-anmalan-oppen\/\" \/>\n<meta property=\"og:locale\" content=\"sv_SE\" \/>\n<meta property=\"og:type\" content=\"article\" \/>\n<meta property=\"og:title\" content=\"Fritidsg\u00e5rdskampen tillbaka p\u00e5 sportlovet - anm\u00e4lan \u00f6ppen - UngNytt\" \/>\n<meta property=\"og:description\" content=\"Fritidsg\u00e5rden i M\u00f6rbyl\u00e5nga arrangerar fotbollscup under sportlovet vecka 8.\" \/>\n<meta property=\"og:url\" content=\"https:\/\/www.morbylanga.se\/ungnytt\/fritidsgardskampen-tillbaka-pa-sportlovet-anmalan-oppen\/\" \/>\n<meta property=\"og:site_name\" content=\"UngNytt\" \/>\n<meta property=\"article:published_time\" content=\"2025-02-04T14:31:40+00:00\" \/>\n<meta property=\"article:modified_time\" content=\"2025-02-06T08:23:55+00:00\" \/>\n<meta property=\"og:image\" content=\"https:\/\/www.morbylanga.se\/ungnytt\/wp-content\/uploads\/2025\/02\/fg-kampen-e1738679850205.png\" \/>\n\t<meta property=\"og:image:width\" content=\"676\" \/>\n\t<meta property=\"og:image:height\" content=\"540\" \/>\n\t<meta property=\"og:image:type\" content=\"image\/png\" \/>\n<meta name=\"author\" content=\"Fritidsg\u00e5rdarna\" \/>\n<meta name=\"twitter:card\" content=\"summary_large_image\" \/>\n<meta name=\"twitter:label1\" content=\"Skriven av\" \/>\n\t<meta name=\"twitter:data1\" content=\"Fritidsg\u00e5rdarna\" \/>\n\t<meta name=\"twitter:label2\" content=\"Ber\u00e4knad l\u00e4stid\" \/>\n\t<meta name=\"twitter:data2\" content=\"1 minut\" \/>\n<script type=\"application\/ld+json\" class=\"yoast-schema-graph\">{\"@context\":\"https:\/\/schema.org\",\"@graph\":[{\"@type\":\"Article\",\"@id\":\"https:\/\/www.morbylanga.se\/ungnytt\/fritidsgardskampen-tillbaka-pa-sportlovet-anmalan-oppen\/#article\",\"isPartOf\":{\"@id\":\"https:\/\/www.morbylanga.se\/ungnytt\/fritidsgardskampen-tillbaka-pa-sportlovet-anmalan-oppen\/\"},\"author\":{\"name\":\"Fritidsg\u00e5rdarna\",\"@id\":\"https:\/\/www.morbylanga.se\/ungnytt\/#\/schema\/person\/5ba1b1c1c4b45f0163d05dfdce38bfa6\"},\"headline\":\"Fritidsg\u00e5rdskampen tillbaka p\u00e5 sportlovet &#8211; anm\u00e4lan \u00f6ppen\",\"datePublished\":\"2025-02-04T14:31:40+00:00\",\"dateModified\":\"2025-02-06T08:23:55+00:00\",\"mainEntityOfPage\":{\"@id\":\"https:\/\/www.morbylanga.se\/ungnytt\/fritidsgardskampen-tillbaka-pa-sportlovet-anmalan-oppen\/\"},\"wordCount\":136,\"commentCount\":0,\"image\":{\"@id\":\"https:\/\/www.morbylanga.se\/ungnytt\/fritidsgardskampen-tillbaka-pa-sportlovet-anmalan-oppen\/#primaryimage\"},\"thumbnailUrl\":\"https:\/\/www.morbylanga.se\/ungnytt\/wp-content\/uploads\/2025\/02\/fg-kampen-e1738679850205.png\",\"articleSection\":[\"Fritidsg\u00e5rden\"],\"inLanguage\":\"sv-SE\",\"potentialAction\":[{\"@type\":\"CommentAction\",\"name\":\"Comment\",\"target\":[\"https:\/\/www.morbylanga.se\/ungnytt\/fritidsgardskampen-tillbaka-pa-sportlovet-anmalan-oppen\/#respond\"]}]},{\"@type\":\"WebPage\",\"@id\":\"https:\/\/www.morbylanga.se\/ungnytt\/fritidsgardskampen-tillbaka-pa-sportlovet-anmalan-oppen\/\",\"url\":\"https:\/\/www.morbylanga.se\/ungnytt\/fritidsgardskampen-tillbaka-pa-sportlovet-anmalan-oppen\/\",\"name\":\"Fritidsg\u00e5rdskampen tillbaka p\u00e5 sportlovet - anm\u00e4lan \u00f6ppen - UngNytt\",\"isPartOf\":{\"@id\":\"https:\/\/www.morbylanga.se\/ungnytt\/#website\"},\"primaryImageOfPage\":{\"@id\":\"https:\/\/www.morbylanga.se\/ungnytt\/fritidsgardskampen-tillbaka-pa-sportlovet-anmalan-oppen\/#primaryimage\"},\"image\":{\"@id\":\"https:\/\/www.morbylanga.se\/ungnytt\/fritidsgardskampen-tillbaka-pa-sportlovet-anmalan-oppen\/#primaryimage\"},\"thumbnailUrl\":\"https:\/\/www.morbylanga.se\/ungnytt\/wp-content\/uploads\/2025\/02\/fg-kampen-e1738679850205.png\",\"datePublished\":\"2025-02-04T14:31:40+00:00\",\"dateModified\":\"2025-02-06T08:23:55+00:00\",\"author\":{\"@id\":\"https:\/\/www.morbylanga.se\/ungnytt\/#\/schema\/person\/5ba1b1c1c4b45f0163d05dfdce38bfa6\"},\"description\":\"Fritidsg\u00e5rden i M\u00f6rbyl\u00e5nga arrangerar fotbollscup under sportlovet vecka 8.\",\"breadcrumb\":{\"@id\":\"https:\/\/www.morbylanga.se\/ungnytt\/fritidsgardskampen-tillbaka-pa-sportlovet-anmalan-oppen\/#breadcrumb\"},\"inLanguage\":\"sv-SE\",\"potentialAction\":[{\"@type\":\"ReadAction\",\"target\":[\"https:\/\/www.morbylanga.se\/ungnytt\/fritidsgardskampen-tillbaka-pa-sportlovet-anmalan-oppen\/\"]}]},{\"@type\":\"ImageObject\",\"inLanguage\":\"sv-SE\",\"@id\":\"https:\/\/www.morbylanga.se\/ungnytt\/fritidsgardskampen-tillbaka-pa-sportlovet-anmalan-oppen\/#primaryimage\",\"url\":\"https:\/\/www.morbylanga.se\/ungnytt\/wp-content\/uploads\/2025\/02\/fg-kampen-e1738679850205.png\",\"contentUrl\":\"https:\/\/www.morbylanga.se\/ungnytt\/wp-content\/uploads\/2025\/02\/fg-kampen-e1738679850205.png\",\"width\":676,\"height\":540},{\"@type\":\"BreadcrumbList\",\"@id\":\"https:\/\/www.morbylanga.se\/ungnytt\/fritidsgardskampen-tillbaka-pa-sportlovet-anmalan-oppen\/#breadcrumb\",\"itemListElement\":[{\"@type\":\"ListItem\",\"position\":1,\"name\":\"Hem\",\"item\":\"https:\/\/www.morbylanga.se\/ungnytt\/\"},{\"@type\":\"ListItem\",\"position\":2,\"name\":\"Fritidsg\u00e5rdskampen tillbaka p\u00e5 sportlovet &#8211; anm\u00e4lan \u00f6ppen\"}]},{\"@type\":\"WebSite\",\"@id\":\"https:\/\/www.morbylanga.se\/ungnytt\/#website\",\"url\":\"https:\/\/www.morbylanga.se\/ungnytt\/\",\"name\":\"UngNytt\",\"description\":\"Nyheter f\u00f6r och av unga i M\u00f6rbyl\u00e5nga kommun\",\"potentialAction\":[{\"@type\":\"SearchAction\",\"target\":{\"@type\":\"EntryPoint\",\"urlTemplate\":\"https:\/\/www.morbylanga.se\/ungnytt\/?s={search_term_string}\"},\"query-input\":{\"@type\":\"PropertyValueSpecification\",\"valueRequired\":true,\"valueName\":\"search_term_string\"}}],\"inLanguage\":\"sv-SE\"},{\"@type\":\"Person\",\"@id\":\"https:\/\/www.morbylanga.se\/ungnytt\/#\/schema\/person\/5ba1b1c1c4b45f0163d05dfdce38bfa6\",\"name\":\"Fritidsg\u00e5rdarna\",\"image\":{\"@type\":\"ImageObject\",\"inLanguage\":\"sv-SE\",\"@id\":\"https:\/\/secure.gravatar.com\/avatar\/2de8a553f5b8a00e50d3816fe0d38b9ef056ec77b21088f38bdaa1adc89525f1?s=96&d=mm&r=g\",\"url\":\"https:\/\/secure.gravatar.com\/avatar\/2de8a553f5b8a00e50d3816fe0d38b9ef056ec77b21088f38bdaa1adc89525f1?s=96&d=mm&r=g\",\"contentUrl\":\"https:\/\/secure.gravatar.com\/avatar\/2de8a553f5b8a00e50d3816fe0d38b9ef056ec77b21088f38bdaa1adc89525f1?s=96&d=mm&r=g\",\"caption\":\"Fritidsg\u00e5rdarna\"},\"url\":\"https:\/\/www.morbylanga.se\/ungnytt\/author\/fritidsgardarna\/\"}]}<\/script>\n<!-- \/ Yoast SEO plugin. -->","yoast_head_json":{"title":"Fritidsg\u00e5rdskampen tillbaka p\u00e5 sportlovet - anm\u00e4lan \u00f6ppen - UngNytt","description":"Fritidsg\u00e5rden i M\u00f6rbyl\u00e5nga arrangerar fotbollscup under sportlovet vecka 8.","robots":{"index":"index","follow":"follow","max-snippet":"max-snippet:-1","max-image-preview":"max-image-preview:large","max-video-preview":"max-video-preview:-1"},"canonical":"https:\/\/www.morbylanga.se\/ungnytt\/fritidsgardskampen-tillbaka-pa-sportlovet-anmalan-oppen\/","og_locale":"sv_SE","og_type":"article","og_title":"Fritidsg\u00e5rdskampen tillbaka p\u00e5 sportlovet - anm\u00e4lan \u00f6ppen - UngNytt","og_description":"Fritidsg\u00e5rden i M\u00f6rbyl\u00e5nga arrangerar fotbollscup under sportlovet vecka 8.","og_url":"https:\/\/www.morbylanga.se\/ungnytt\/fritidsgardskampen-tillbaka-pa-sportlovet-anmalan-oppen\/","og_site_name":"UngNytt","article_published_time":"2025-02-04T14:31:40+00:00","article_modified_time":"2025-02-06T08:23:55+00:00","og_image":[{"width":676,"height":540,"url":"https:\/\/www.morbylanga.se\/ungnytt\/wp-content\/uploads\/2025\/02\/fg-kampen-e1738679850205.png","type":"image\/png"}],"author":"Fritidsg\u00e5rdarna","twitter_card":"summary_large_image","twitter_misc":{"Skriven av":"Fritidsg\u00e5rdarna","Ber\u00e4knad l\u00e4stid":"1 minut"},"schema":{"@context":"https:\/\/schema.org","@graph":[{"@type":"Article","@id":"https:\/\/www.morbylanga.se\/ungnytt\/fritidsgardskampen-tillbaka-pa-sportlovet-anmalan-oppen\/#article","isPartOf":{"@id":"https:\/\/www.morbylanga.se\/ungnytt\/fritidsgardskampen-tillbaka-pa-sportlovet-anmalan-oppen\/"},"author":{"name":"Fritidsg\u00e5rdarna","@id":"https:\/\/www.morbylanga.se\/ungnytt\/#\/schema\/person\/5ba1b1c1c4b45f0163d05dfdce38bfa6"},"headline":"Fritidsg\u00e5rdskampen tillbaka p\u00e5 sportlovet &#8211; anm\u00e4lan \u00f6ppen","datePublished":"2025-02-04T14:31:40+00:00","dateModified":"2025-02-06T08:23:55+00:00","mainEntityOfPage":{"@id":"https:\/\/www.morbylanga.se\/ungnytt\/fritidsgardskampen-tillbaka-pa-sportlovet-anmalan-oppen\/"},"wordCount":136,"commentCount":0,"image":{"@id":"https:\/\/www.morbylanga.se\/ungnytt\/fritidsgardskampen-tillbaka-pa-sportlovet-anmalan-oppen\/#primaryimage"},"thumbnailUrl":"https:\/\/www.morbylanga.se\/ungnytt\/wp-content\/uploads\/2025\/02\/fg-kampen-e1738679850205.png","articleSection":["Fritidsg\u00e5rden"],"inLanguage":"sv-SE","potentialAction":[{"@type":"CommentAction","name":"Comment","target":["https:\/\/www.morbylanga.se\/ungnytt\/fritidsgardskampen-tillbaka-pa-sportlovet-anmalan-oppen\/#respond"]}]},{"@type":"WebPage","@id":"https:\/\/www.morbylanga.se\/ungnytt\/fritidsgardskampen-tillbaka-pa-sportlovet-anmalan-oppen\/","url":"https:\/\/www.morbylanga.se\/ungnytt\/fritidsgardskampen-tillbaka-pa-sportlovet-anmalan-oppen\/","name":"Fritidsg\u00e5rdskampen tillbaka p\u00e5 sportlovet - anm\u00e4lan \u00f6ppen - UngNytt","isPartOf":{"@id":"https:\/\/www.morbylanga.se\/ungnytt\/#website"},"primaryImageOfPage":{"@id":"https:\/\/www.morbylanga.se\/ungnytt\/fritidsgardskampen-tillbaka-pa-sportlovet-anmalan-oppen\/#primaryimage"},"image":{"@id":"https:\/\/www.morbylanga.se\/ungnytt\/fritidsgardskampen-tillbaka-pa-sportlovet-anmalan-oppen\/#primaryimage"},"thumbnailUrl":"https:\/\/www.morbylanga.se\/ungnytt\/wp-content\/uploads\/2025\/02\/fg-kampen-e1738679850205.png","datePublished":"2025-02-04T14:31:40+00:00","dateModified":"2025-02-06T08:23:55+00:00","author":{"@id":"https:\/\/www.morbylanga.se\/ungnytt\/#\/schema\/person\/5ba1b1c1c4b45f0163d05dfdce38bfa6"},"description":"Fritidsg\u00e5rden i M\u00f6rbyl\u00e5nga arrangerar fotbollscup under sportlovet vecka 8.","breadcrumb":{"@id":"https:\/\/www.morbylanga.se\/ungnytt\/fritidsgardskampen-tillbaka-pa-sportlovet-anmalan-oppen\/#breadcrumb"},"inLanguage":"sv-SE","potentialAction":[{"@type":"ReadAction","target":["https:\/\/www.morbylanga.se\/ungnytt\/fritidsgardskampen-tillbaka-pa-sportlovet-anmalan-oppen\/"]}]},{"@type":"ImageObject","inLanguage":"sv-SE","@id":"https:\/\/www.morbylanga.se\/ungnytt\/fritidsgardskampen-tillbaka-pa-sportlovet-anmalan-oppen\/#primaryimage","url":"https:\/\/www.morbylanga.se\/ungnytt\/wp-content\/uploads\/2025\/02\/fg-kampen-e1738679850205.png","contentUrl":"https:\/\/www.morbylanga.se\/ungnytt\/wp-content\/uploads\/2025\/02\/fg-kampen-e1738679850205.png","width":676,"height":540},{"@type":"BreadcrumbList","@id":"https:\/\/www.morbylanga.se\/ungnytt\/fritidsgardskampen-tillbaka-pa-sportlovet-anmalan-oppen\/#breadcrumb","itemListElement":[{"@type":"ListItem","position":1,"name":"Hem","item":"https:\/\/www.morbylanga.se\/ungnytt\/"},{"@type":"ListItem","position":2,"name":"Fritidsg\u00e5rdskampen tillbaka p\u00e5 sportlovet &#8211; anm\u00e4lan \u00f6ppen"}]},{"@type":"WebSite","@id":"https:\/\/www.morbylanga.se\/ungnytt\/#website","url":"https:\/\/www.morbylanga.se\/ungnytt\/","name":"UngNytt","description":"Nyheter f\u00f6r och av unga i M\u00f6rbyl\u00e5nga kommun","potentialAction":[{"@type":"SearchAction","target":{"@type":"EntryPoint","urlTemplate":"https:\/\/www.morbylanga.se\/ungnytt\/?s={search_term_string}"},"query-input":{"@type":"PropertyValueSpecification","valueRequired":true,"valueName":"search_term_string"}}],"inLanguage":"sv-SE"},{"@type":"Person","@id":"https:\/\/www.morbylanga.se\/ungnytt\/#\/schema\/person\/5ba1b1c1c4b45f0163d05dfdce38bfa6","name":"Fritidsg\u00e5rdarna","image":{"@type":"ImageObject","inLanguage":"sv-SE","@id":"https:\/\/secure.gravatar.com\/avatar\/2de8a553f5b8a00e50d3816fe0d38b9ef056ec77b21088f38bdaa1adc89525f1?s=96&d=mm&r=g","url":"https:\/\/secure.gravatar.com\/avatar\/2de8a553f5b8a00e50d3816fe0d38b9ef056ec77b21088f38bdaa1adc89525f1?s=96&d=mm&r=g","contentUrl":"https:\/\/secure.gravatar.com\/avatar\/2de8a553f5b8a00e50d3816fe0d38b9ef056ec77b21088f38bdaa1adc89525f1?s=96&d=mm&r=g","caption":"Fritidsg\u00e5rdarna"},"url":"https:\/\/www.morbylanga.se\/ungnytt\/author\/fritidsgardarna\/"}]}},"primary_category":{"term_id":27,"name":"Fritidsg\u00e5rden","slug":"fritidsgarden","term_group":0,"term_taxonomy_id":27,"taxonomy":"category","description":"","parent":0,"count":10,"filter":"raw"},"_links":{"self":[{"href":"https:\/\/www.morbylanga.se\/ungnytt\/wp-json\/wp\/v2\/posts\/1119","targetHints":{"allow":["GET"]}}],"collection":[{"href":"https:\/\/www.morbylanga.se\/ungnytt\/wp-json\/wp\/v2\/posts"}],"about":[{"href":"https:\/\/www.morbylanga.se\/ungnytt\/wp-json\/wp\/v2\/types\/post"}],"author":[{"embeddable":true,"href":"https:\/\/www.morbylanga.se\/ungnytt\/wp-json\/wp\/v2\/users\/5"}],"replies":[{"embeddable":true,"href":"https:\/\/www.morbylanga.se\/ungnytt\/wp-json\/wp\/v2\/comments?post=1119"}],"version-history":[{"count":4,"href":"https:\/\/www.morbylanga.se\/ungnytt\/wp-json\/wp\/v2\/posts\/1119\/revisions"}],"predecessor-version":[{"id":1134,"href":"https:\/\/www.morbylanga.se\/ungnytt\/wp-json\/wp\/v2\/posts\/1119\/revisions\/1134"}],"wp:featuredmedia":[{"embeddable":true,"href":"https:\/\/www.morbylanga.se\/ungnytt\/wp-json\/wp\/v2\/media\/1123"}],"wp:attachment":[{"href":"https:\/\/www.morbylanga.se\/ungnytt\/wp-json\/wp\/v2\/media?parent=1119"}],"wp:term":[{"taxonomy":"category","embeddable":true,"href":"https:\/\/www.morbylanga.se\/ungnytt\/wp-json\/wp\/v2\/categories?post=1119"}],"curies":[{"name":"wp","href":"https:\/\/api.w.org\/{rel}","templated":true}]}}