{"id":1,"date":"2024-01-30T15:02:57","date_gmt":"2024-01-30T14:02:57","guid":{"rendered":"http:\/\/morbylanga-ungnytt.test\/?p=1"},"modified":"2024-05-06T10:12:40","modified_gmt":"2024-05-06T08:12:40","slug":"plastens-paverkan-pa-vart-hav","status":"publish","type":"post","link":"https:\/\/www.morbylanga.se\/ungnytt\/plastens-paverkan-pa-vart-hav\/","title":{"rendered":"Plastens p\u00e5verkan p\u00e5 v\u00e5rt hav"},"content":{"rendered":"<p dir=\"ltr\">Negativa effekter fr\u00e5n plastf\u00f6roreningar har uppt\u00e4ckts i de flesta artgrupper. Det har gjorts studier som visar att vi varje m\u00e5nad \u00e4ter lika mycket plast som ett helt kreditkort. Det kan minska arternas f\u00f6rm\u00e5ga att f\u00f6r\u00f6ka sig och d\u00e4rmed f\u00f6rsv\u00e5ra produktiviteten hos marina ekosystem som korallrev och mangrove. D\u00e4r andra hot som \u00f6verfiske, global uppv\u00e4rmning, \u00f6verg\u00f6dning eller sj\u00f6fart \u00f6verlappar med plastskr\u00e4p, f\u00f6rst\u00e4rks de negativa effekterna. Just nu har vi v\u00e4ldigt m\u00e5nga verktyg\u00a0 som hj\u00e4lper oss att h\u00e5lla koll p\u00e5 vad som h\u00e4nder i havet och hur det ser ut p\u00e5 havets botten.<\/p>\n<p dir=\"ltr\">Om vi inte tar hand om det skr\u00e4p vi kastar s\u00e5 kommer det att vara 4 g\u00e5nger s\u00e5 mycket plast i haven \u00e4n fisk \u00e5r 2050. Det kommer att vara \u00f6ver 2000 arter som kommer att bli p\u00e5verkade negativt och det kommer att breda ut sig \u00f6ver alla marina ekosystem som till exempel malagas av havet och t\u00e5ngb\u00e4ltet. Det Arktiska och gula havet kommer att \u00f6verskrida farliga gr\u00e4nser f\u00f6r mikroplast.<\/p>\n<p dir=\"ltr\"><strong>Skriven av Fanny och Emanuel<\/strong><\/p>\n","protected":false},"excerpt":{"rendered":"<p>Negativa effekter fr\u00e5n plastf\u00f6roreningar har uppt\u00e4ckts i de flesta artgrupper. Det har gjorts studier som visar att vi varje m\u00e5nad \u00e4ter lika mycket plast som ett helt kreditkort. Det kan minska arternas f\u00f6rm\u00e5ga att f\u00f6r\u00f6ka sig och d\u00e4rmed f\u00f6rsv\u00e5ra produktiviteten hos marina ekosystem som korallrev och mangrove. D\u00e4r andra hot som \u00f6verfiske, global uppv\u00e4rmning, \u00f6verg\u00f6dning [&hellip;]<\/p>\n","protected":false},"author":1,"featured_media":80,"comment_status":"open","ping_status":"open","sticky":false,"template":"","format":"standard","meta":{"_acf_changed":false,"footnotes":""},"categories":[11],"class_list":["post-1","post","type-post","status-publish","format-standard","has-post-thumbnail","hentry","category-debatt"],"acf":{"news_thumbnail_video":"","show_news_thumbnail_in_post":true,"news_related_content_title":"Relaterat inneh\u00e5ll","news_related_content":[307,116],"preamble":"Snart \u00e4r det mer plast i havet \u00e4n vad vi har fisk, det m\u00e5ste \u00e4ndras. Plasten i v\u00e5ra hav \u00f6kar mer och mer f\u00f6r varje dag. Plasten hotar havets arter och ekosystem. "},"yoast_head":"<!-- This site is optimized with the Yoast SEO plugin v27.2 - https:\/\/yoast.com\/product\/yoast-seo-wordpress\/ -->\n<title>Plastens p\u00e5verkan p\u00e5 v\u00e5rt hav - UngNytt<\/title>\n<meta name=\"description\" content=\"Snart \u00e4r det mer plast i havet \u00e4n vad vi har fisk, det m\u00e5ste \u00e4ndras. H\u00f6r fyra ungar r\u00f6ster reflektera kring plastens p\u00e5verkan p\u00e5 klimatet.\" \/>\n<meta name=\"robots\" content=\"index, follow, max-snippet:-1, max-image-preview:large, max-video-preview:-1\" \/>\n<link rel=\"canonical\" href=\"https:\/\/www.morbylanga.se\/ungnytt\/plastens-paverkan-pa-vart-hav\/\" \/>\n<meta property=\"og:locale\" content=\"sv_SE\" \/>\n<meta property=\"og:type\" content=\"article\" \/>\n<meta property=\"og:title\" content=\"Plastens p\u00e5verkan p\u00e5 v\u00e5rt hav - UngNytt\" \/>\n<meta property=\"og:description\" content=\"Snart \u00e4r det mer plast i havet \u00e4n vad vi har fisk, det m\u00e5ste \u00e4ndras. H\u00f6r fyra ungar r\u00f6ster reflektera kring plastens p\u00e5verkan p\u00e5 klimatet.\" \/>\n<meta property=\"og:url\" content=\"https:\/\/www.morbylanga.se\/ungnytt\/plastens-paverkan-pa-vart-hav\/\" \/>\n<meta property=\"og:site_name\" content=\"UngNytt\" \/>\n<meta property=\"article:published_time\" content=\"2024-01-30T14:02:57+00:00\" \/>\n<meta property=\"article:modified_time\" content=\"2024-05-06T08:12:40+00:00\" \/>\n<meta property=\"og:image\" content=\"https:\/\/www.morbylanga.se\/ungnytt\/wp-content\/uploads\/2024\/01\/pexels-ron-lach-9034661-scaled.jpg\" \/>\n\t<meta property=\"og:image:width\" content=\"2560\" \/>\n\t<meta property=\"og:image:height\" content=\"1707\" \/>\n\t<meta property=\"og:image:type\" content=\"image\/jpeg\" \/>\n<meta name=\"author\" content=\"vivamedia\" \/>\n<meta name=\"twitter:card\" content=\"summary_large_image\" \/>\n<meta name=\"twitter:label1\" content=\"Skriven av\" \/>\n\t<meta name=\"twitter:data1\" content=\"vivamedia\" \/>\n\t<meta name=\"twitter:label2\" content=\"Ber\u00e4knad l\u00e4stid\" \/>\n\t<meta name=\"twitter:data2\" content=\"2 minuter\" \/>\n<script type=\"application\/ld+json\" class=\"yoast-schema-graph\">{\"@context\":\"https:\/\/schema.org\",\"@graph\":[{\"@type\":\"Article\",\"@id\":\"https:\/\/www.morbylanga.se\/ungnytt\/plastens-paverkan-pa-vart-hav\/#article\",\"isPartOf\":{\"@id\":\"https:\/\/www.morbylanga.se\/ungnytt\/plastens-paverkan-pa-vart-hav\/\"},\"author\":{\"name\":\"vivamedia\",\"@id\":\"https:\/\/www.morbylanga.se\/ungnytt\/#\/schema\/person\/38c5f5b24ae87ef69a76be508b089517\"},\"headline\":\"Plastens p\u00e5verkan p\u00e5 v\u00e5rt hav\",\"datePublished\":\"2024-01-30T14:02:57+00:00\",\"dateModified\":\"2024-05-06T08:12:40+00:00\",\"mainEntityOfPage\":{\"@id\":\"https:\/\/www.morbylanga.se\/ungnytt\/plastens-paverkan-pa-vart-hav\/\"},\"wordCount\":200,\"commentCount\":1,\"image\":{\"@id\":\"https:\/\/www.morbylanga.se\/ungnytt\/plastens-paverkan-pa-vart-hav\/#primaryimage\"},\"thumbnailUrl\":\"https:\/\/www.morbylanga.se\/ungnytt\/wp-content\/uploads\/2024\/01\/pexels-ron-lach-9034661-scaled.jpg\",\"articleSection\":[\"Debatt\"],\"inLanguage\":\"sv-SE\",\"potentialAction\":[{\"@type\":\"CommentAction\",\"name\":\"Comment\",\"target\":[\"https:\/\/www.morbylanga.se\/ungnytt\/plastens-paverkan-pa-vart-hav\/#respond\"]}]},{\"@type\":\"WebPage\",\"@id\":\"https:\/\/www.morbylanga.se\/ungnytt\/plastens-paverkan-pa-vart-hav\/\",\"url\":\"https:\/\/www.morbylanga.se\/ungnytt\/plastens-paverkan-pa-vart-hav\/\",\"name\":\"Plastens p\u00e5verkan p\u00e5 v\u00e5rt hav - UngNytt\",\"isPartOf\":{\"@id\":\"https:\/\/www.morbylanga.se\/ungnytt\/#website\"},\"primaryImageOfPage\":{\"@id\":\"https:\/\/www.morbylanga.se\/ungnytt\/plastens-paverkan-pa-vart-hav\/#primaryimage\"},\"image\":{\"@id\":\"https:\/\/www.morbylanga.se\/ungnytt\/plastens-paverkan-pa-vart-hav\/#primaryimage\"},\"thumbnailUrl\":\"https:\/\/www.morbylanga.se\/ungnytt\/wp-content\/uploads\/2024\/01\/pexels-ron-lach-9034661-scaled.jpg\",\"datePublished\":\"2024-01-30T14:02:57+00:00\",\"dateModified\":\"2024-05-06T08:12:40+00:00\",\"author\":{\"@id\":\"https:\/\/www.morbylanga.se\/ungnytt\/#\/schema\/person\/38c5f5b24ae87ef69a76be508b089517\"},\"description\":\"Snart \u00e4r det mer plast i havet \u00e4n vad vi har fisk, det m\u00e5ste \u00e4ndras. H\u00f6r fyra ungar r\u00f6ster reflektera kring plastens p\u00e5verkan p\u00e5 klimatet.\",\"breadcrumb\":{\"@id\":\"https:\/\/www.morbylanga.se\/ungnytt\/plastens-paverkan-pa-vart-hav\/#breadcrumb\"},\"inLanguage\":\"sv-SE\",\"potentialAction\":[{\"@type\":\"ReadAction\",\"target\":[\"https:\/\/www.morbylanga.se\/ungnytt\/plastens-paverkan-pa-vart-hav\/\"]}]},{\"@type\":\"ImageObject\",\"inLanguage\":\"sv-SE\",\"@id\":\"https:\/\/www.morbylanga.se\/ungnytt\/plastens-paverkan-pa-vart-hav\/#primaryimage\",\"url\":\"https:\/\/www.morbylanga.se\/ungnytt\/wp-content\/uploads\/2024\/01\/pexels-ron-lach-9034661-scaled.jpg\",\"contentUrl\":\"https:\/\/www.morbylanga.se\/ungnytt\/wp-content\/uploads\/2024\/01\/pexels-ron-lach-9034661-scaled.jpg\",\"width\":2560,\"height\":1707,\"caption\":\"Plastprodukter som ligger utspridda p\u00e5 en sandstrand.\"},{\"@type\":\"BreadcrumbList\",\"@id\":\"https:\/\/www.morbylanga.se\/ungnytt\/plastens-paverkan-pa-vart-hav\/#breadcrumb\",\"itemListElement\":[{\"@type\":\"ListItem\",\"position\":1,\"name\":\"Hem\",\"item\":\"https:\/\/www.morbylanga.se\/ungnytt\/\"},{\"@type\":\"ListItem\",\"position\":2,\"name\":\"Plastens p\u00e5verkan p\u00e5 v\u00e5rt hav\"}]},{\"@type\":\"WebSite\",\"@id\":\"https:\/\/www.morbylanga.se\/ungnytt\/#website\",\"url\":\"https:\/\/www.morbylanga.se\/ungnytt\/\",\"name\":\"UngNytt\",\"description\":\"Nyheter f\u00f6r och av unga i M\u00f6rbyl\u00e5nga kommun\",\"potentialAction\":[{\"@type\":\"SearchAction\",\"target\":{\"@type\":\"EntryPoint\",\"urlTemplate\":\"https:\/\/www.morbylanga.se\/ungnytt\/?s={search_term_string}\"},\"query-input\":{\"@type\":\"PropertyValueSpecification\",\"valueRequired\":true,\"valueName\":\"search_term_string\"}}],\"inLanguage\":\"sv-SE\"},{\"@type\":\"Person\",\"@id\":\"https:\/\/www.morbylanga.se\/ungnytt\/#\/schema\/person\/38c5f5b24ae87ef69a76be508b089517\",\"name\":\"vivamedia\",\"image\":{\"@type\":\"ImageObject\",\"inLanguage\":\"sv-SE\",\"@id\":\"https:\/\/secure.gravatar.com\/avatar\/a96869b1205120fbf13e4da9af4032b6469d01a7122c065dc3b4fe4d13136199?s=96&d=mm&r=g\",\"url\":\"https:\/\/secure.gravatar.com\/avatar\/a96869b1205120fbf13e4da9af4032b6469d01a7122c065dc3b4fe4d13136199?s=96&d=mm&r=g\",\"contentUrl\":\"https:\/\/secure.gravatar.com\/avatar\/a96869b1205120fbf13e4da9af4032b6469d01a7122c065dc3b4fe4d13136199?s=96&d=mm&r=g\",\"caption\":\"vivamedia\"},\"sameAs\":[\"https:\/\/morbylanga-ungnytt.vivamedia.dev\"],\"url\":\"https:\/\/www.morbylanga.se\/ungnytt\/author\/vivamedia\/\"}]}<\/script>\n<!-- \/ Yoast SEO plugin. -->","yoast_head_json":{"title":"Plastens p\u00e5verkan p\u00e5 v\u00e5rt hav - UngNytt","description":"Snart \u00e4r det mer plast i havet \u00e4n vad vi har fisk, det m\u00e5ste \u00e4ndras. H\u00f6r fyra ungar r\u00f6ster reflektera kring plastens p\u00e5verkan p\u00e5 klimatet.","robots":{"index":"index","follow":"follow","max-snippet":"max-snippet:-1","max-image-preview":"max-image-preview:large","max-video-preview":"max-video-preview:-1"},"canonical":"https:\/\/www.morbylanga.se\/ungnytt\/plastens-paverkan-pa-vart-hav\/","og_locale":"sv_SE","og_type":"article","og_title":"Plastens p\u00e5verkan p\u00e5 v\u00e5rt hav - UngNytt","og_description":"Snart \u00e4r det mer plast i havet \u00e4n vad vi har fisk, det m\u00e5ste \u00e4ndras. H\u00f6r fyra ungar r\u00f6ster reflektera kring plastens p\u00e5verkan p\u00e5 klimatet.","og_url":"https:\/\/www.morbylanga.se\/ungnytt\/plastens-paverkan-pa-vart-hav\/","og_site_name":"UngNytt","article_published_time":"2024-01-30T14:02:57+00:00","article_modified_time":"2024-05-06T08:12:40+00:00","og_image":[{"width":2560,"height":1707,"url":"https:\/\/www.morbylanga.se\/ungnytt\/wp-content\/uploads\/2024\/01\/pexels-ron-lach-9034661-scaled.jpg","type":"image\/jpeg"}],"author":"vivamedia","twitter_card":"summary_large_image","twitter_misc":{"Skriven av":"vivamedia","Ber\u00e4knad l\u00e4stid":"2 minuter"},"schema":{"@context":"https:\/\/schema.org","@graph":[{"@type":"Article","@id":"https:\/\/www.morbylanga.se\/ungnytt\/plastens-paverkan-pa-vart-hav\/#article","isPartOf":{"@id":"https:\/\/www.morbylanga.se\/ungnytt\/plastens-paverkan-pa-vart-hav\/"},"author":{"name":"vivamedia","@id":"https:\/\/www.morbylanga.se\/ungnytt\/#\/schema\/person\/38c5f5b24ae87ef69a76be508b089517"},"headline":"Plastens p\u00e5verkan p\u00e5 v\u00e5rt hav","datePublished":"2024-01-30T14:02:57+00:00","dateModified":"2024-05-06T08:12:40+00:00","mainEntityOfPage":{"@id":"https:\/\/www.morbylanga.se\/ungnytt\/plastens-paverkan-pa-vart-hav\/"},"wordCount":200,"commentCount":1,"image":{"@id":"https:\/\/www.morbylanga.se\/ungnytt\/plastens-paverkan-pa-vart-hav\/#primaryimage"},"thumbnailUrl":"https:\/\/www.morbylanga.se\/ungnytt\/wp-content\/uploads\/2024\/01\/pexels-ron-lach-9034661-scaled.jpg","articleSection":["Debatt"],"inLanguage":"sv-SE","potentialAction":[{"@type":"CommentAction","name":"Comment","target":["https:\/\/www.morbylanga.se\/ungnytt\/plastens-paverkan-pa-vart-hav\/#respond"]}]},{"@type":"WebPage","@id":"https:\/\/www.morbylanga.se\/ungnytt\/plastens-paverkan-pa-vart-hav\/","url":"https:\/\/www.morbylanga.se\/ungnytt\/plastens-paverkan-pa-vart-hav\/","name":"Plastens p\u00e5verkan p\u00e5 v\u00e5rt hav - UngNytt","isPartOf":{"@id":"https:\/\/www.morbylanga.se\/ungnytt\/#website"},"primaryImageOfPage":{"@id":"https:\/\/www.morbylanga.se\/ungnytt\/plastens-paverkan-pa-vart-hav\/#primaryimage"},"image":{"@id":"https:\/\/www.morbylanga.se\/ungnytt\/plastens-paverkan-pa-vart-hav\/#primaryimage"},"thumbnailUrl":"https:\/\/www.morbylanga.se\/ungnytt\/wp-content\/uploads\/2024\/01\/pexels-ron-lach-9034661-scaled.jpg","datePublished":"2024-01-30T14:02:57+00:00","dateModified":"2024-05-06T08:12:40+00:00","author":{"@id":"https:\/\/www.morbylanga.se\/ungnytt\/#\/schema\/person\/38c5f5b24ae87ef69a76be508b089517"},"description":"Snart \u00e4r det mer plast i havet \u00e4n vad vi har fisk, det m\u00e5ste \u00e4ndras. H\u00f6r fyra ungar r\u00f6ster reflektera kring plastens p\u00e5verkan p\u00e5 klimatet.","breadcrumb":{"@id":"https:\/\/www.morbylanga.se\/ungnytt\/plastens-paverkan-pa-vart-hav\/#breadcrumb"},"inLanguage":"sv-SE","potentialAction":[{"@type":"ReadAction","target":["https:\/\/www.morbylanga.se\/ungnytt\/plastens-paverkan-pa-vart-hav\/"]}]},{"@type":"ImageObject","inLanguage":"sv-SE","@id":"https:\/\/www.morbylanga.se\/ungnytt\/plastens-paverkan-pa-vart-hav\/#primaryimage","url":"https:\/\/www.morbylanga.se\/ungnytt\/wp-content\/uploads\/2024\/01\/pexels-ron-lach-9034661-scaled.jpg","contentUrl":"https:\/\/www.morbylanga.se\/ungnytt\/wp-content\/uploads\/2024\/01\/pexels-ron-lach-9034661-scaled.jpg","width":2560,"height":1707,"caption":"Plastprodukter som ligger utspridda p\u00e5 en sandstrand."},{"@type":"BreadcrumbList","@id":"https:\/\/www.morbylanga.se\/ungnytt\/plastens-paverkan-pa-vart-hav\/#breadcrumb","itemListElement":[{"@type":"ListItem","position":1,"name":"Hem","item":"https:\/\/www.morbylanga.se\/ungnytt\/"},{"@type":"ListItem","position":2,"name":"Plastens p\u00e5verkan p\u00e5 v\u00e5rt hav"}]},{"@type":"WebSite","@id":"https:\/\/www.morbylanga.se\/ungnytt\/#website","url":"https:\/\/www.morbylanga.se\/ungnytt\/","name":"UngNytt","description":"Nyheter f\u00f6r och av unga i M\u00f6rbyl\u00e5nga kommun","potentialAction":[{"@type":"SearchAction","target":{"@type":"EntryPoint","urlTemplate":"https:\/\/www.morbylanga.se\/ungnytt\/?s={search_term_string}"},"query-input":{"@type":"PropertyValueSpecification","valueRequired":true,"valueName":"search_term_string"}}],"inLanguage":"sv-SE"},{"@type":"Person","@id":"https:\/\/www.morbylanga.se\/ungnytt\/#\/schema\/person\/38c5f5b24ae87ef69a76be508b089517","name":"vivamedia","image":{"@type":"ImageObject","inLanguage":"sv-SE","@id":"https:\/\/secure.gravatar.com\/avatar\/a96869b1205120fbf13e4da9af4032b6469d01a7122c065dc3b4fe4d13136199?s=96&d=mm&r=g","url":"https:\/\/secure.gravatar.com\/avatar\/a96869b1205120fbf13e4da9af4032b6469d01a7122c065dc3b4fe4d13136199?s=96&d=mm&r=g","contentUrl":"https:\/\/secure.gravatar.com\/avatar\/a96869b1205120fbf13e4da9af4032b6469d01a7122c065dc3b4fe4d13136199?s=96&d=mm&r=g","caption":"vivamedia"},"sameAs":["https:\/\/morbylanga-ungnytt.vivamedia.dev"],"url":"https:\/\/www.morbylanga.se\/ungnytt\/author\/vivamedia\/"}]}},"primary_category":{"term_id":11,"name":"Debatt","slug":"debatt","term_group":0,"term_taxonomy_id":11,"taxonomy":"category","description":"Debattartiklar presenterar olika perspektiv och \u00e5sikter om kontroversiella \u00e4mnen eller fr\u00e5gor. De inneh\u00e5ller vanligtvis argument, analyser och \u00e5sikter fr\u00e5n olika sidor av en debatt och syftar till att stimulera diskussion och reflektion.","parent":0,"count":6,"filter":"raw"},"_links":{"self":[{"href":"https:\/\/www.morbylanga.se\/ungnytt\/wp-json\/wp\/v2\/posts\/1","targetHints":{"allow":["GET"]}}],"collection":[{"href":"https:\/\/www.morbylanga.se\/ungnytt\/wp-json\/wp\/v2\/posts"}],"about":[{"href":"https:\/\/www.morbylanga.se\/ungnytt\/wp-json\/wp\/v2\/types\/post"}],"author":[{"embeddable":true,"href":"https:\/\/www.morbylanga.se\/ungnytt\/wp-json\/wp\/v2\/users\/1"}],"replies":[{"embeddable":true,"href":"https:\/\/www.morbylanga.se\/ungnytt\/wp-json\/wp\/v2\/comments?post=1"}],"version-history":[{"count":9,"href":"https:\/\/www.morbylanga.se\/ungnytt\/wp-json\/wp\/v2\/posts\/1\/revisions"}],"predecessor-version":[{"id":654,"href":"https:\/\/www.morbylanga.se\/ungnytt\/wp-json\/wp\/v2\/posts\/1\/revisions\/654"}],"acf:post":[{"embeddable":true,"href":"https:\/\/www.morbylanga.se\/ungnytt\/wp-json\/wp\/v2\/posts\/116"},{"embeddable":true,"href":"https:\/\/www.morbylanga.se\/ungnytt\/wp-json\/wp\/v2\/posts\/307"}],"wp:featuredmedia":[{"embeddable":true,"href":"https:\/\/www.morbylanga.se\/ungnytt\/wp-json\/wp\/v2\/media\/80"}],"wp:attachment":[{"href":"https:\/\/www.morbylanga.se\/ungnytt\/wp-json\/wp\/v2\/media?parent=1"}],"wp:term":[{"taxonomy":"category","embeddable":true,"href":"https:\/\/www.morbylanga.se\/ungnytt\/wp-json\/wp\/v2\/categories?post=1"}],"curies":[{"name":"wp","href":"https:\/\/api.w.org\/{rel}","templated":true}]}}